{"id":116026,"date":"2018-11-12T15:35:22","date_gmt":"2018-11-12T18:35:22","guid":{"rendered":"https:\/\/senoticias.com.br\/se\/?p=116026"},"modified":"2018-11-12T15:58:45","modified_gmt":"2018-11-12T18:58:45","slug":"policia-federal-investiga-possiveis-irregularidades-no-processo-licitatorio-para-contratar-artistas-para-o-arraia-do-povo","status":"publish","type":"post","link":"https:\/\/senoticias.com.br\/se\/policia-federal-investiga-possiveis-irregularidades-no-processo-licitatorio-para-contratar-artistas-para-o-arraia-do-povo\/","title":{"rendered":"Pol\u00edcia Federal investiga poss\u00edveis irregularidades no processo licitat\u00f3rio para contratar artistas para o Arrai\u00e1 do Povo"},"content":{"rendered":"<p style=\"text-align: justify;\">A Pol\u00edcia Federal deflagrou nesta segunda-feira, 12, a <strong>OPERA\u00c7\u00c3O \u00c1RION<\/strong>, com o objetivo de apurar irregularidades identificadas no procedimento licitat\u00f3rio (chamamento p\u00fablico) promovido pela Secretaria de Estado da Cultura de Sergipe para a contrata\u00e7\u00e3o de atra\u00e7\u00f5es art\u00edsticas que se apresentaram no \u201cEncontro Nordestino de Cultura &#8211; Arrai\u00e1 do Povo \u2013 2018\u201d, evento comemorativo do per\u00edodo de S\u00e3o Jo\u00e3o ocorrido na orla de Aracaju.<\/p>\n<div id=\"attachment_115598\" style=\"width: 550px\" class=\"wp-caption aligncenter\"><a href=\"https:\/\/senoticias.com.br\/se\/wp-content\/uploads\/2018\/10\/xpf.jpg.pagespeed.ic_.K4_wQwIkwe.jpg\"><img loading=\"lazy\" decoding=\"async\" aria-describedby=\"caption-attachment-115598\" class=\"size-full wp-image-115598\" src=\"https:\/\/senoticias.com.br\/se\/wp-content\/uploads\/2018\/10\/xpf.jpg.pagespeed.ic_.K4_wQwIkwe.jpg\" alt=\"\" width=\"540\" height=\"356\" srcset=\"https:\/\/senoticias.com.br\/se\/wp-content\/uploads\/2018\/10\/xpf.jpg.pagespeed.ic_.K4_wQwIkwe.jpg 540w, https:\/\/senoticias.com.br\/se\/wp-content\/uploads\/2018\/10\/xpf.jpg.pagespeed.ic_.K4_wQwIkwe-300x198.jpg 300w, https:\/\/senoticias.com.br\/se\/wp-content\/uploads\/2018\/10\/xpf.jpg.pagespeed.ic_.K4_wQwIkwe-90x60.jpg 90w, https:\/\/senoticias.com.br\/se\/wp-content\/uploads\/2018\/10\/xpf.jpg.pagespeed.ic_.K4_wQwIkwe-180x120.jpg 180w, https:\/\/senoticias.com.br\/se\/wp-content\/uploads\/2018\/10\/xpf.jpg.pagespeed.ic_.K4_wQwIkwe-95x64.jpg 95w\" sizes=\"(max-width: 540px) 100vw, 540px\" \/><\/a><p id=\"caption-attachment-115598\" class=\"wp-caption-text\">PF investiga poss\u00edveis irregularidades no processo licitat\u00f3rio para contratar artistas para o Arrai\u00e1 do Povo (Foto: arquivo\/Ag\u00eancia Brasil)<\/p><\/div>\n<p style=\"text-align: justify;\">As investiga\u00e7\u00f5es indicam que foram inclu\u00eddas cl\u00e1usulas no edital do certame que restringiram e frustraram seu car\u00e1ter competitivo, permitindo que uma \u00fanica empresa se sagrasse vencedora de 98% das contrata\u00e7\u00f5es, que contaram com recursos da Uni\u00e3o, por meio de dois conv\u00eanios firmados com o Minist\u00e9rio da Cultura em repasses totais de R$ 1.222.760,00.<\/p>\n<p style=\"text-align: justify;\">Foram cumpridos 4 mandados de busca e apreens\u00e3o nas cidades de Aracaju e S\u00e3o Crist\u00f3v\u00e3o, com a participa\u00e7\u00e3o de 16 policiais federais.<\/p>\n<p style=\"text-align: justify;\">\u00c1rion, nome dado \u00e0 opera\u00e7\u00e3o, \u00e9 alusivo a um poeta l\u00edrico grego que, segundo a lenda, teria vencido uma competi\u00e7\u00e3o musical e, ao retornar \u00e0 sua terra natal, marinheiros teriam tentando tirar sua vida para se apossarem dos pr\u00eamios que recebeu.<\/p>\n<p><strong>NOTA \u00c0 IMPRENSA<\/strong><\/p>\n<p style=\"text-align: justify;\">A Secretaria de Estado da Cultura, informa que n\u00e3o foi notificada oficialmente pela Pol\u00edcia Federal em raz\u00e3o da opera\u00e7\u00e3o \u00c1rion, deflagrada na manh\u00e3 desta segunda-feira, 12, com o objetivo de investigar poss\u00edveis irregularidades no processo licitat\u00f3rio para contrata\u00e7\u00e3o de artistas para o Arrai\u00e1 do Povo.<\/p>\n<p style=\"text-align: justify;\">Em tempo, esclarece que entre os meses de agosto e setembro, funcion\u00e1rios que participaram da comiss\u00e3o documental e de m\u00e9rito art\u00edstico colaboraram com a a\u00e7\u00e3o deflagrada quando convocados pela PF, fornecendo documentos necess\u00e1rios para a investiga\u00e7\u00e3o, e prestando esclarecimentos sobre o processo licitat\u00f3rio, conforme solicitado pelos agentes.<\/p>\n<p style=\"text-align: justify;\">A equipe de gest\u00e3o da Secretaria de Estado da Cultura, com o intuito de colaborar com as autoridades, apura todos os fatos com transpar\u00eancia e rigor, apoiando o trabalho realizado pela PF e confiante no esclarecimento dos fatos.<\/p>\n<p>&nbsp;<\/p>\n<p><a href=\"https:\/\/senoticias.com.br\/se\/wp-content\/uploads\/2018\/10\/Logomarca-fone-SE-4-2-1-1-1-1-1.jpg\"><img loading=\"lazy\" decoding=\"async\" class=\"aligncenter size-full wp-image-115835\" src=\"https:\/\/senoticias.com.br\/se\/wp-content\/uploads\/2018\/10\/Logomarca-fone-SE-4-2-1-1-1-1-1.jpg\" alt=\"\" width=\"599\" height=\"78\" srcset=\"https:\/\/senoticias.com.br\/se\/wp-content\/uploads\/2018\/10\/Logomarca-fone-SE-4-2-1-1-1-1-1.jpg 599w, https:\/\/senoticias.com.br\/se\/wp-content\/uploads\/2018\/10\/Logomarca-fone-SE-4-2-1-1-1-1-1-300x39.jpg 300w\" sizes=\"(max-width: 599px) 100vw, 599px\" \/><\/a><\/p>\n<p>&nbsp;<\/p>\n<p><em><strong>Acompanhe o SE Not\u00edcias no<\/strong><span class=\"apple-converted-space\"><b>\u00a0<\/b><\/span><a href=\"https:\/\/twitter.com\/Senoticias\" target=\"_blank\" rel=\"noopener\"><b>Twitter<\/b><\/a><strong>,<\/strong><span class=\"apple-converted-space\"><b>\u00a0<\/b><\/span><a href=\"https:\/\/www.facebook.com\/senoticias1\" target=\"_blank\" rel=\"noopener\"><b>Facebook<\/b><span class=\"apple-converted-space\"><b>\u00a0<\/b><\/span><\/a><strong>e no<\/strong><span class=\"apple-converted-space\"><b>\u00a0<\/b><\/span><a href=\"https:\/\/www.instagram.com\/senoticias\/\" target=\"_blank\" rel=\"noopener\"><b>Instagram<\/b><\/a><\/em><\/p>\n<p><em>Comunica\u00e7\u00e3o Social da Pol\u00edcia Federal em Sergipe<\/em><\/p>\n<p>&nbsp;<\/p>\n<p>&nbsp;<\/p>\n<p>&nbsp;<\/p>\n","protected":false},"excerpt":{"rendered":"<p>A Pol\u00edcia Federal deflagrou nesta segunda-feira, 12, a OPERA\u00c7\u00c3O \u00c1RION, com o objetivo de apurar irregularidades identificadas no procedimento licitat\u00f3rio (chamamento p\u00fablico) promovido pela Secretaria de Estado da Cultura de Sergipe para a contrata\u00e7\u00e3o de atra\u00e7\u00f5es art\u00edsticas que se apresentaram no \u201cEncontro Nordestino de Cultura &#8211; Arrai\u00e1 do Povo \u2013 2018\u201d, evento comemorativo do per\u00edodo [&hellip;]<\/p>\n","protected":false},"author":6552,"featured_media":115598,"comment_status":"closed","ping_status":"closed","sticky":false,"template":"","format":"standard","meta":{"footnotes":""},"categories":[15,7],"tags":[11086,1947,449],"class_list":{"0":"post-116026","1":"post","2":"type-post","3":"status-publish","4":"format-standard","5":"has-post-thumbnail","7":"category-destaques","8":"category-policia","9":"tag-operacao-arion","10":"tag-policia-federal","11":"tag-secretaria-de-estado-da-cultura"},"_links":{"self":[{"href":"https:\/\/senoticias.com.br\/se\/wp-json\/wp\/v2\/posts\/116026"}],"collection":[{"href":"https:\/\/senoticias.com.br\/se\/wp-json\/wp\/v2\/posts"}],"about":[{"href":"https:\/\/senoticias.com.br\/se\/wp-json\/wp\/v2\/types\/post"}],"author":[{"embeddable":true,"href":"https:\/\/senoticias.com.br\/se\/wp-json\/wp\/v2\/users\/6552"}],"replies":[{"embeddable":true,"href":"https:\/\/senoticias.com.br\/se\/wp-json\/wp\/v2\/comments?post=116026"}],"version-history":[{"count":0,"href":"https:\/\/senoticias.com.br\/se\/wp-json\/wp\/v2\/posts\/116026\/revisions"}],"wp:featuredmedia":[{"embeddable":true,"href":"https:\/\/senoticias.com.br\/se\/wp-json\/wp\/v2\/media\/115598"}],"wp:attachment":[{"href":"https:\/\/senoticias.com.br\/se\/wp-json\/wp\/v2\/media?parent=116026"}],"wp:term":[{"taxonomy":"category","embeddable":true,"href":"https:\/\/senoticias.com.br\/se\/wp-json\/wp\/v2\/categories?post=116026"},{"taxonomy":"post_tag","embeddable":true,"href":"https:\/\/senoticias.com.br\/se\/wp-json\/wp\/v2\/tags?post=116026"}],"curies":[{"name":"wp","href":"https:\/\/api.w.org\/{rel}","templated":true}]}}