{"id":116024,"date":"2018-11-12T05:56:19","date_gmt":"2018-11-12T08:56:19","guid":{"rendered":"https:\/\/senoticias.com.br\/se\/?p=116024"},"modified":"2018-11-12T05:57:03","modified_gmt":"2018-11-12T08:57:03","slug":"nao-sou-politico-meu-cargo-sera-tecnico-diz-sergio-moro-no-fantastico-assista","status":"publish","type":"post","link":"https:\/\/senoticias.com.br\/se\/nao-sou-politico-meu-cargo-sera-tecnico-diz-sergio-moro-no-fantastico-assista\/","title":{"rendered":"\u201cN\u00e3o sou pol\u00edtico, meu cargo ser\u00e1 t\u00e9cnico\u201d, diz S\u00e9rgio Moro no Fant\u00e1stico; assista"},"content":{"rendered":"<p style=\"text-align: justify;\">Com carta branca para combater a corrup\u00e7\u00e3o, o juiz federal Sergio Moro afirmou na noite deste domingo, em entrevista ao \u201cFant\u00e1stico\u201d, que, provavelmente, atuar\u00e1 como conselheiro do presidente eleito Jair Bolsonaro (PSL) para decidir pela demiss\u00e3o ou n\u00e3o de outros integrantes do primeiro escal\u00e3o, acusados de irregularidades. Moro ressaltou que, caso a den\u00fancia seja consistente, o ministro ser\u00e1 demitido.<\/p>\n<div id=\"attachment_116025\" style=\"width: 609px\" class=\"wp-caption aligncenter\"><a href=\"https:\/\/senoticias.com.br\/se\/wp-content\/uploads\/2018\/11\/x79739569_Brazilian-anti-corruption-judge-Sergio-Moro-picked-to-be-President-elect-Jair-Bolsonaro27s-j.jpg.pagespeed.ic_.S6LFqwyOy4-e1542012571282.jpg\"><img loading=\"lazy\" decoding=\"async\" aria-describedby=\"caption-attachment-116025\" class=\"size-full wp-image-116025\" src=\"https:\/\/senoticias.com.br\/se\/wp-content\/uploads\/2018\/11\/x79739569_Brazilian-anti-corruption-judge-Sergio-Moro-picked-to-be-President-elect-Jair-Bolsonaro27s-j.jpg.pagespeed.ic_.S6LFqwyOy4-e1542012571282.jpg\" alt=\"\" width=\"599\" height=\"337\" \/><\/a><p id=\"caption-attachment-116025\" class=\"wp-caption-text\">O juiz Sergio Moro foi anunciado como ministro da Justi\u00e7a de Bolsonaro. (Foto: Reuters\/Daniel Derevecki)<\/p><\/div>\n<p style=\"text-align: justify;\">O magistrado advertiu que a exonera\u00e7\u00e3o n\u00e3o depender\u00e1, por exemplo, da transforma\u00e7\u00e3o do acusado em r\u00e9u. O crit\u00e9rio, explicou, ser\u00e1 o embasamento dos fatos que pesam sobre os colegas.<br \/>\n\u2014 Se a den\u00fancia for consistente, sim (ser\u00e1 demitido). Eu defendo que, em caso de corrup\u00e7\u00e3o, se analise as provas e se fa\u00e7a um ju\u00edzo de consist\u00eancia, porque tamb\u00e9m existem acusa\u00e7\u00f5es infundadas, pessoas t\u00eam direito de defesa. Mas \u00e9 poss\u00edvel analisar desde logo a robustez das provas e emitir um ju\u00edzo de valor. N\u00e3o \u00e9 preciso esperar as cortes de Justi\u00e7a proferirem o julgamento.<\/p>\n<p style=\"text-align: justify;\">Moro admitiu que \u201calgum outro conselheiro\u201d tamb\u00e9m pode auxiliar Bolsonaro. Salientou, por\u00e9m, que uma das premissas da decis\u00e3o de participar do governo \u00e9 n\u00e3o deixar que casos de corrup\u00e7\u00e3o comprometam sua biografia.<br \/>\n\u2014 Provavelmente (vou aconselhar). Ou algum outro conselheiro. O que me foi assegurado e \u00e9 uma condi\u00e7\u00e3o&#8230; n\u00e3o \u00e9 bem uma condi\u00e7\u00e3o, n\u00e3o fui estabelecer condi\u00e7\u00f5es. Mas eu n\u00e3o assumiria um papel de ministro da Justi\u00e7a com risco de comprometer a minha biografia, o meu hist\u00f3rico \u2014 afirmou o juiz, que esteve at\u00e9 o final de outubro \u00e0 frente da Opera\u00e7\u00e3o Lava-Jato.<\/p>\n<p style=\"text-align: justify;\"><strong>\u201cDiversas amea\u00e7as&#8221;<\/strong><\/p>\n<p style=\"text-align: justify;\">No atual governo, Michel Temer chegou a afirmar, em fevereiro de 2017, que afastaria temporariamente ministros denunciados \u00e0 Justi\u00e7a. O emedebista, no entanto, n\u00e3o cumpriu a promessa. Temer foi denunciado, por duas vezes, pela Procuradoria-Geral da Rep\u00fablica, ap\u00f3s a revela\u00e7\u00e3o da dela\u00e7\u00e3o de Joesley Batista. Os processos n\u00e3o avan\u00e7aram por decis\u00e3o do Congresso.<\/p>\n<p style=\"text-align: justify;\">Ao \u201cFant\u00e1stico\u201d, Moro revelou ainda que tem recebido \u201cdiversas amea\u00e7as\u201d por conta das pol\u00edticas de combate ao crime organizado que pretende adotar no governo. Ele n\u00e3o detalhou os casos, mas falou sobre o tema para ilustrar os motivos pelos quais ainda n\u00e3o pediu o afastamento definitivo da magistratura.<\/p>\n<p style=\"text-align: justify;\">\u2014 O que a Constitui\u00e7\u00e3o pro\u00edbe \u00e9 que um juiz assuma um cargo Executivo. Eu n\u00e3o t\u00f4 assumindo (ainda) nenhum cargo. Eu tenho recebido por conta dessas pol\u00edticas que n\u00f3s queremos implementar em Bras\u00edlia diversas amea\u00e7as. Vamos supor que, daqui a alguns dias, eu pe\u00e7a uma exonera\u00e7\u00e3o. Daqui a alguns dias, acontece alguma coisa comigo, um atentado. Eu, tudo bem, morro, faz parte da profiss\u00e3o. N\u00e3o gostaria, evidentemente. Mas minha fam\u00edlia fica desamparada. Fica sem qualquer pens\u00e3o.<\/p>\n<p style=\"text-align: justify;\">Questionado sobre o volume de homic\u00eddios no Brasil \u2014 apenas em 2017, foram 62 mil mortes \u2014, Moro admitiu que n\u00e3o tem como estabelecer uma meta de redu\u00e7\u00e3o, dentro de quatro anos.<\/p>\n<p style=\"text-align: justify;\">\u2014 Eu n\u00e3o tenho condi\u00e7\u00f5es de me comprometer com um percentual de redu\u00e7\u00e3o espec\u00edfico. Porque, veja, isso n\u00e3o \u00e9 matem\u00e1tica. O que \u00e9 importante \u00e9 iniciar um ciclo virtuoso \u2014 afirmou o magistrado, que pretende fortalecer o banco de DNA das pol\u00edcias e endurecer a legisla\u00e7\u00e3o penal contra homicidas e integrantes de fac\u00e7\u00f5es criminosas.<\/p>\n<p style=\"text-align: justify;\">\u2014 O Estado tem que ter uma pol\u00edtica mais rigorosa em rela\u00e7\u00e3o a essas organiza\u00e7\u00f5es criminosas. Isso segue tr\u00eas padr\u00f5es: investiga\u00e7\u00f5es s\u00f3lidas, direcionada \u00e0 organiza\u00e7\u00e3o e seus l\u00edderes; pris\u00e3o dos l\u00edderes, isolamento dos l\u00edderes; e confisco do produto da atividade criminal e do patrim\u00f4nio da organiza\u00e7\u00e3o. \u00c9 assim que se desmantela organiza\u00e7\u00e3o criminosa.<\/p>\n<p style=\"text-align: justify;\">O futuro ministro da Justi\u00e7a e da Seguran\u00e7a P\u00fablica ainda tratou de um dos temas mais pol\u00eamicos que envolvem o novo governo: a atua\u00e7\u00e3o das for\u00e7as de seguran\u00e7a em \u00e1reas dominadas pelo tr\u00e1fico. Sergio Moro criticou a pol\u00edtica do \u201cconfronto e do tiroteio\u201d e afirmou que desconhece o plano do governador eleito do Rio, Wilson Witzel (PSC), que prop\u00f5e o abate de criminosos flagrados portando fuzis.<\/p>\n<p style=\"text-align: justify;\">\u2014 O confronto tem que ser evitado ao m\u00e1ximo. Essa \u00e9 uma situa\u00e7\u00e3o que tem que ser evitada. (Para reverter), n\u00e3o \u00e9 uma coisa simples. N\u00e3o vou dizer assim: \u2018n\u00e3o vai acontecer isso depois de janeiro\u2019. Pode acontecer. Mas s\u00e3o situa\u00e7\u00f5es indesejadas. N\u00e3o pode se construir uma pol\u00edtica criminal, mesmo de enfrentamento do crime organizado, baseado em confronto e tiroteio. O risco de danos colaterais \u00e9 muito grande. N\u00e3o s\u00f3 danos colaterais, mas o risco para o policial.<\/p>\n<p style=\"text-align: justify;\"><strong>D\u00favidas sobre a legisla\u00e7\u00e3o<\/strong><\/p>\n<p style=\"text-align: justify;\">Moro, contudo, afirmou que tem d\u00favidas se os atuais princ\u00edpios da leg\u00edtima defesa s\u00e3o suficientes para proteger o policial envolvido em a\u00e7\u00f5es violentas.<\/p>\n<p style=\"text-align: justify;\">\u2014 N\u00e3o me parece razo\u00e1vel que o policial tenha que esperar o criminoso atirar nele com uma metralhadora ou com um fuzil antes que ele possa tomar qualquer provid\u00eancia. Eu tenho minhas d\u00favidas se isso j\u00e1 n\u00e3o \u00e9 acobertado pela legisla\u00e7\u00e3o. Mas n\u00f3s vamos estudar se \u00e9 necess\u00e1rio uma reformula\u00e7\u00e3o da lei nesse sentido.<\/p>\n<p>O futuro ministro tamb\u00e9m falou ao \u201cFant\u00e1stico\u201d sobre a proposta do governo Bolsonaro para flexibilizar o Estatuto do Desarmamento. Ele reconheceu que este tema n\u00e3o integra uma pol\u00edtica de combate \u00e0 criminalidade.<\/p>\n<p style=\"text-align: justify;\">\u2014 Eu acho que a quest\u00e3o n\u00e3o \u00e9 exatamente a diminui\u00e7\u00e3o ou n\u00e3o da criminalidade. O senhor presidente foi eleito com base nessa proposi\u00e7\u00e3o. E me parece que existe um compromisso com os seus eleitores.<\/p>\n<p style=\"text-align: justify;\">Moro afirmou que a redu\u00e7\u00e3o da maioridade penal n\u00e3o \u00e9 quest\u00e3o fechada. E voltou a negar que tenha planos de ingressar na pol\u00edtica como candidato, mesmo que seja a presidente da Rep\u00fablica.<\/p>\n<p style=\"text-align: justify;\">O juiz ainda defendeu o combate aos crimes de \u00f3dio e negou que Bolsonaro seja capaz de impor uma agenda de persegui\u00e7\u00e3o a minorias.<br \/>\n\u2014Eu nunca vi uma proposta de cunho discriminat\u00f3rio. Eu n\u00e3o imagino de qualquer forma que essas minorias estejam amea\u00e7adas. Nada vai mudar. E acho que o governo tem que ter uma postura rigorosa contra crimes em geral, mas tamb\u00e9m a crimes de \u00f3dio.<\/p>\n<p>Para assistir a entrevista, clique <a href=\"https:\/\/g1.globo.com\/fantastico\/noticia\/2018\/11\/11\/moro-eu-nao-assumiria-um-papel-de-ministro-da-justica-com-risco-de-comprometer-a-minha-biografia.ghtml\"><strong>AQUI<\/strong><\/a><\/p>\n<p>&nbsp;<\/p>\n<p>&nbsp;<\/p>\n<p><a href=\"https:\/\/senoticias.com.br\/se\/wp-content\/uploads\/2018\/10\/Logomarca-fone-SE-4-2-1-1-1-1-1.jpg\"><img loading=\"lazy\" decoding=\"async\" class=\"aligncenter size-full wp-image-115835\" src=\"https:\/\/senoticias.com.br\/se\/wp-content\/uploads\/2018\/10\/Logomarca-fone-SE-4-2-1-1-1-1-1.jpg\" alt=\"\" width=\"599\" height=\"78\" srcset=\"https:\/\/senoticias.com.br\/se\/wp-content\/uploads\/2018\/10\/Logomarca-fone-SE-4-2-1-1-1-1-1.jpg 599w, https:\/\/senoticias.com.br\/se\/wp-content\/uploads\/2018\/10\/Logomarca-fone-SE-4-2-1-1-1-1-1-300x39.jpg 300w\" sizes=\"(max-width: 599px) 100vw, 599px\" \/><\/a><\/p>\n<p>&nbsp;<\/p>\n<p><em><strong>Acompanhe o SE Not\u00edcias no<\/strong><span class=\"apple-converted-space\"><b>\u00a0<\/b><\/span><a href=\"https:\/\/twitter.com\/Senoticias\" target=\"_blank\" rel=\"noopener\"><b>Twitter<\/b><\/a><strong>,<\/strong><span class=\"apple-converted-space\"><b>\u00a0<\/b><\/span><a href=\"https:\/\/www.facebook.com\/senoticias1\" target=\"_blank\" rel=\"noopener\"><b>Facebook<\/b><span class=\"apple-converted-space\"><b>\u00a0<\/b><\/span><\/a><strong>e no<\/strong><span class=\"apple-converted-space\"><b>\u00a0<\/b><\/span><a href=\"https:\/\/www.instagram.com\/senoticias\/\" target=\"_blank\" rel=\"noopener\"><b>Instagram<\/b><\/a><\/em><\/p>\n<p><em>Mat\u00e9ria reproduzida do site G1<\/em><\/p>\n","protected":false},"excerpt":{"rendered":"<p>Com carta branca para combater a corrup\u00e7\u00e3o, o juiz federal Sergio Moro afirmou na noite deste domingo, em entrevista ao \u201cFant\u00e1stico\u201d, que, provavelmente, atuar\u00e1 como conselheiro do presidente eleito Jair Bolsonaro (PSL) para decidir pela demiss\u00e3o ou n\u00e3o de outros integrantes do primeiro escal\u00e3o, acusados de irregularidades. Moro ressaltou que, caso a den\u00fancia seja consistente, [&hellip;]<\/p>\n","protected":false},"author":6552,"featured_media":116025,"comment_status":"closed","ping_status":"closed","sticky":false,"template":"","format":"standard","meta":{"footnotes":""},"categories":[15,2961],"tags":[6189,3054,386],"class_list":{"0":"post-116024","1":"post","2":"type-post","3":"status-publish","4":"format-standard","5":"has-post-thumbnail","7":"category-destaques","8":"category-nacional","9":"tag-jair-bolsonaro","10":"tag-ministro-da-justica","11":"tag-sergio-moro"},"_links":{"self":[{"href":"https:\/\/senoticias.com.br\/se\/wp-json\/wp\/v2\/posts\/116024"}],"collection":[{"href":"https:\/\/senoticias.com.br\/se\/wp-json\/wp\/v2\/posts"}],"about":[{"href":"https:\/\/senoticias.com.br\/se\/wp-json\/wp\/v2\/types\/post"}],"author":[{"embeddable":true,"href":"https:\/\/senoticias.com.br\/se\/wp-json\/wp\/v2\/users\/6552"}],"replies":[{"embeddable":true,"href":"https:\/\/senoticias.com.br\/se\/wp-json\/wp\/v2\/comments?post=116024"}],"version-history":[{"count":0,"href":"https:\/\/senoticias.com.br\/se\/wp-json\/wp\/v2\/posts\/116024\/revisions"}],"wp:featuredmedia":[{"embeddable":true,"href":"https:\/\/senoticias.com.br\/se\/wp-json\/wp\/v2\/media\/116025"}],"wp:attachment":[{"href":"https:\/\/senoticias.com.br\/se\/wp-json\/wp\/v2\/media?parent=116024"}],"wp:term":[{"taxonomy":"category","embeddable":true,"href":"https:\/\/senoticias.com.br\/se\/wp-json\/wp\/v2\/categories?post=116024"},{"taxonomy":"post_tag","embeddable":true,"href":"https:\/\/senoticias.com.br\/se\/wp-json\/wp\/v2\/tags?post=116024"}],"curies":[{"name":"wp","href":"https:\/\/api.w.org\/{rel}","templated":true}]}}