{"id":116016,"date":"2018-11-09T14:30:51","date_gmt":"2018-11-09T17:30:51","guid":{"rendered":"https:\/\/senoticias.com.br\/se\/?p=116016"},"modified":"2018-11-09T14:30:51","modified_gmt":"2018-11-09T17:30:51","slug":"detran-se-realiza-52-leilao-de-veiculos-em-novembro","status":"publish","type":"post","link":"https:\/\/senoticias.com.br\/se\/detran-se-realiza-52-leilao-de-veiculos-em-novembro\/","title":{"rendered":"Detran\/SE realiza 52\u00b0 leil\u00e3o de ve\u00edculos em novembro"},"content":{"rendered":"<p><span style=\"color: #000000\">Nos dias 9, 10 e 30 de novembro ser\u00e1 realizada a 52\u00aa edi\u00e7\u00e3o do Leil\u00e3o de Ve\u00edculos do Departamento Estadual de Tr\u00e2nsito (Detran\/SE). O evento, que \u00e9 a maior edi\u00e7\u00e3o j\u00e1 realizada pela autarquia, acontece a partir das 8h30, no p\u00e1tio da empresa Barradas e Queiroz, empresa concession\u00e1ria, localizado na BR-101, KM-94, munic\u00edpio de Nossa Senhora do Socorro. Nesta edi\u00e7\u00e3o est\u00e3o sendo disponibilizados 1.278 bens, entre 99 carros e 1.179 motos, sendo 814 sucatas e 464 recuper\u00e1veis.<\/span><\/p>\n<div id=\"attachment_113949\" style=\"width: 609px\" class=\"wp-caption aligncenter\"><a href=\"https:\/\/senoticias.com.br\/se\/wp-content\/uploads\/2018\/07\/motos-detran-SENOTICIAS-e1530646142437.jpg\"><img loading=\"lazy\" decoding=\"async\" aria-describedby=\"caption-attachment-113949\" class=\"wp-image-113949 size-full\" src=\"https:\/\/senoticias.com.br\/se\/wp-content\/uploads\/2018\/07\/motos-detran-SENOTICIAS-e1530646142437.jpg\" alt=\"\" width=\"599\" height=\"399\" \/><\/a><p id=\"caption-attachment-113949\" class=\"wp-caption-text\">Foto: Detran<\/p><\/div>\n<p><span style=\"color: #000000\">Os ve\u00edculos a serem leiloados poder\u00e3o ser visitados no p\u00e1tio da empresa Barradas e Queiroz, sempre no hor\u00e1rio das 9 \u00e0s 12 horas e das 14 \u00e0s 16 horas. Entretanto, devido \u00e0 grande quantidade de ve\u00edculos disponibilizados, a visita\u00e7\u00e3o ser\u00e1 separada por lotes: de 5 a 8 de novembro, a visita\u00e7\u00e3o estar\u00e1 dispon\u00edvel apenas para os lotes n\u00ba 001 ao 900; de 26 a 29 de novembro, a visita\u00e7\u00e3o estar\u00e1 dispon\u00edvel para os lotes n\u00ba 901 ao 1400.<\/span><\/p>\n<p><span style=\"color: #000000\">A visita\u00e7\u00e3o ser\u00e1 organizada em turmas de at\u00e9 20 pessoas por um per\u00edodo de no m\u00e1ximo 30 minutos de dura\u00e7\u00e3o, sob acompanhamento dos funcion\u00e1rios da Empresa Barradas &amp; Queiroz. Os interessados poder\u00e3o ainda visualizar fotos e descri\u00e7\u00f5es de cada lote a partir desta segunda-feira, 29, pelo site: www.barradasequeiroz.com.br.<\/span><\/p>\n<p><span style=\"color: #000000\">Para as duas modalidades do leil\u00e3o \u2013 presencial e eletr\u00f4nica \u2013, \u00e9 necess\u00e1rio que a pessoa realize o cadastro no site da organizadora do evento. Depois de conclu\u00eddo o cadastramento, ser\u00e1 enviado um e-mail de confirma\u00e7\u00e3o, acompanhado de uma senha de acesso ao sistema on-line da empresa. A libera\u00e7\u00e3o definitiva do cadastro para participa\u00e7\u00e3o nos leil\u00f5es somente ser\u00e1 efetivada ap\u00f3s o envio dos seguintes documentos: para pessoa f\u00edsica \u2013 RG, CPF ou CNH e comprovante de resid\u00eancia atual; para pessoa jur\u00eddica \u2013 CNPJ, contrato social e \u00faltima altera\u00e7\u00e3o ou declara\u00e7\u00e3o de firma individual, RG, CPF ou CNH do representante legal ou do preposto da pessoa jur\u00eddica.<\/span><\/p>\n<p>&nbsp;<\/p>\n<p><a href=\"https:\/\/senoticias.com.br\/se\/wp-content\/uploads\/2018\/10\/Logomarca-fone-SE-4-2-1-1-1-1-1.jpg\"><img loading=\"lazy\" decoding=\"async\" class=\"aligncenter wp-image-115835 size-full\" src=\"https:\/\/senoticias.com.br\/se\/wp-content\/uploads\/2018\/10\/Logomarca-fone-SE-4-2-1-1-1-1-1.jpg\" alt=\"\" width=\"599\" height=\"78\" srcset=\"https:\/\/senoticias.com.br\/se\/wp-content\/uploads\/2018\/10\/Logomarca-fone-SE-4-2-1-1-1-1-1.jpg 599w, https:\/\/senoticias.com.br\/se\/wp-content\/uploads\/2018\/10\/Logomarca-fone-SE-4-2-1-1-1-1-1-300x39.jpg 300w\" sizes=\"(max-width: 599px) 100vw, 599px\" \/><\/a><\/p>\n<p>Da ascom Detran\/SE<\/p>\n","protected":false},"excerpt":{"rendered":"<p>Nos dias 9, 10 e 30 de novembro ser\u00e1 realizada a 52\u00aa edi\u00e7\u00e3o do Leil\u00e3o de Ve\u00edculos do Departamento Estadual de Tr\u00e2nsito (Detran\/SE). O evento, que \u00e9 a maior edi\u00e7\u00e3o j\u00e1 realizada pela autarquia, acontece a partir das 8h30, no p\u00e1tio da empresa Barradas e Queiroz, empresa concession\u00e1ria, localizado na BR-101, KM-94, munic\u00edpio de Nossa [&hellip;]<\/p>\n","protected":false},"author":6553,"featured_media":0,"comment_status":"closed","ping_status":"closed","sticky":false,"template":"","format":"standard","meta":{"footnotes":""},"categories":[15,38],"tags":[339,1828,2559,223,2940],"class_list":{"0":"post-116016","1":"post","2":"type-post","3":"status-publish","4":"format-standard","6":"category-destaques","7":"category-municipios","8":"tag-aracaju","9":"tag-detran","10":"tag-leilao","11":"tag-sergipe","12":"tag-veiculos"},"_links":{"self":[{"href":"https:\/\/senoticias.com.br\/se\/wp-json\/wp\/v2\/posts\/116016"}],"collection":[{"href":"https:\/\/senoticias.com.br\/se\/wp-json\/wp\/v2\/posts"}],"about":[{"href":"https:\/\/senoticias.com.br\/se\/wp-json\/wp\/v2\/types\/post"}],"author":[{"embeddable":true,"href":"https:\/\/senoticias.com.br\/se\/wp-json\/wp\/v2\/users\/6553"}],"replies":[{"embeddable":true,"href":"https:\/\/senoticias.com.br\/se\/wp-json\/wp\/v2\/comments?post=116016"}],"version-history":[{"count":0,"href":"https:\/\/senoticias.com.br\/se\/wp-json\/wp\/v2\/posts\/116016\/revisions"}],"wp:attachment":[{"href":"https:\/\/senoticias.com.br\/se\/wp-json\/wp\/v2\/media?parent=116016"}],"wp:term":[{"taxonomy":"category","embeddable":true,"href":"https:\/\/senoticias.com.br\/se\/wp-json\/wp\/v2\/categories?post=116016"},{"taxonomy":"post_tag","embeddable":true,"href":"https:\/\/senoticias.com.br\/se\/wp-json\/wp\/v2\/tags?post=116016"}],"curies":[{"name":"wp","href":"https:\/\/api.w.org\/{rel}","templated":true}]}}