{"id":115949,"date":"2018-11-06T15:15:42","date_gmt":"2018-11-06T18:15:42","guid":{"rendered":"https:\/\/senoticias.com.br\/se\/?p=115949"},"modified":"2018-11-06T20:48:58","modified_gmt":"2018-11-06T23:48:58","slug":"adema-e-policia-ambiental-apreendem-animais-silvestres-em-lagarto","status":"publish","type":"post","link":"https:\/\/senoticias.com.br\/se\/adema-e-policia-ambiental-apreendem-animais-silvestres-em-lagarto\/","title":{"rendered":"Adema e Pol\u00edcia Ambiental apreendem animais silvestres em Lagarto"},"content":{"rendered":"<div style=\"text-align: justify;\"><span style=\"color: #000000;\">Ap\u00f3s uma den\u00fancia\u00a0 an\u00f4nima, uma equipe de fiscaliza\u00e7\u00e3o da Administra\u00e7\u00e3o Estadual do Meio Ambiente (Adema), em conjunto com o Batalh\u00e3o de Pol\u00edcia Ambiental, apreendeu nesta segunda-feira (5) mais de 70 animais silvestres que estavam em cativeiro, na cidade de Lagarto.<\/span><\/div>\n<div><\/div>\n<div style=\"text-align: justify;\"><span style=\"color: #000000;\">Ao todo, foram 77 animais. Todos passaram por uma avalia\u00e7\u00e3o no local e 72 foram levados para uma \u00e1rea de prote\u00e7\u00e3o ambiental e soltos. Cinco foram levados para o Centro de Triagem de Animais Silvestres (Cetas), em Aracaju, para tratamento.<\/span><\/div>\n<div><\/div>\n<div>\n<div id=\"attachment_115950\" style=\"width: 609px\" class=\"wp-caption aligncenter\"><a href=\"https:\/\/senoticias.com.br\/se\/wp-content\/uploads\/2018\/11\/soltura_animais_lagarto3.jpg\"><img loading=\"lazy\" decoding=\"async\" aria-describedby=\"caption-attachment-115950\" class=\"wp-image-115950 size-full\" src=\"https:\/\/senoticias.com.br\/se\/wp-content\/uploads\/2018\/11\/soltura_animais_lagarto3-e1541528074218.jpg\" alt=\"\" width=\"599\" height=\"449\" \/><\/a><p id=\"caption-attachment-115950\" class=\"wp-caption-text\">Foto: Ascom Adema<\/p><\/div>\n<\/div>\n<div style=\"text-align: justify;\"><span style=\"color: #000000;\">\u201cRecebemos uma den\u00fancia de cativeiro irregular e quando chegamos ao local, encontramos v\u00e1rios cativeiros em diversas casas. A maioria dos animais s\u00e3o p\u00e1ssaros e que ainda estavam em boas condi\u00e7\u00f5es de serem devolvidos \u00e0 natureza\u201d, afirmou Harionela Macedo, bi\u00f3loga da Adema.<\/span><\/div>\n<div style=\"text-align: justify;\"><\/div>\n<div style=\"text-align: justify;\"><span style=\"color: #000000;\">Al\u00e9m de Harionela, participaram da opera\u00e7\u00e3o em Lagarto a bi\u00f3loga Aline Borba e o zootecnista Augustus Louzada.<\/span><\/div>\n<div style=\"text-align: justify;\"><\/div>\n<div style=\"text-align: justify;\"><span style=\"color: #000000;\">A Adema informa \u00e0 popula\u00e7\u00e3o que quem deseja denunciar ou entregar animais silvestres que est\u00e3o em cativeiro, domic\u00edlios e afins precisa ligar para o n\u00famero 3198-7190, quando t\u00e9cnicos v\u00e3o realizar uma triagem para ver se uma equipe precisa ir para resgatar ou animal ou se o doador vai precisar levar at\u00e9 a sede do \u00f3rg\u00e3o, que fica na Rua Vila Cristina, n\u00ba 1051, Bairro 13 de julho, em Aracaju de segunda a sexta-feira, das 10h \u00e0s 13h.<\/span><\/div>\n<div><\/div>\n<div><\/div>\n<div><\/div>\n<div><a href=\"https:\/\/senoticias.com.br\/se\/wp-content\/uploads\/2018\/10\/Logomarca-fone-SE-4-2-1-1-1-1-1.jpg\"><img loading=\"lazy\" decoding=\"async\" class=\"aligncenter wp-image-115835 size-full\" src=\"https:\/\/senoticias.com.br\/se\/wp-content\/uploads\/2018\/10\/Logomarca-fone-SE-4-2-1-1-1-1-1.jpg\" alt=\"\" width=\"599\" height=\"78\" srcset=\"https:\/\/senoticias.com.br\/se\/wp-content\/uploads\/2018\/10\/Logomarca-fone-SE-4-2-1-1-1-1-1.jpg 599w, https:\/\/senoticias.com.br\/se\/wp-content\/uploads\/2018\/10\/Logomarca-fone-SE-4-2-1-1-1-1-1-300x39.jpg 300w\" sizes=\"(max-width: 599px) 100vw, 599px\" \/><\/a><\/div>\n<div><\/div>\n<div><em><strong>Acompanhe o SE Not\u00edcias no<\/strong><span class=\"apple-converted-space\"><b>\u00a0<\/b><\/span><a href=\"https:\/\/twitter.com\/Senoticias\" target=\"_blank\" rel=\"noopener\"><b>Twitter<\/b><\/a><strong>,<\/strong><span class=\"apple-converted-space\"><b>\u00a0<\/b><\/span><a href=\"https:\/\/www.facebook.com\/senoticias1\" target=\"_blank\" rel=\"noopener\"><b>Facebook<\/b><span class=\"apple-converted-space\"><b>\u00a0<\/b><\/span><\/a><strong>e no<\/strong><span class=\"apple-converted-space\"><b>\u00a0<\/b><\/span><a href=\"https:\/\/www.instagram.com\/senoticias\/\" target=\"_blank\" rel=\"noopener\"><b>Instagram<\/b><\/a><\/em><\/div>\n<div><\/div>\n<div>Fonte: Ascom Adema<\/div>\n","protected":false},"excerpt":{"rendered":"<p>Ap\u00f3s uma den\u00fancia\u00a0 an\u00f4nima, uma equipe de fiscaliza\u00e7\u00e3o da Administra\u00e7\u00e3o Estadual do Meio Ambiente (Adema), em conjunto com o Batalh\u00e3o de Pol\u00edcia Ambiental, apreendeu nesta segunda-feira (5) mais de 70 animais silvestres que estavam em cativeiro, na cidade de Lagarto. Ao todo, foram 77 animais. Todos passaram por uma avalia\u00e7\u00e3o no local e 72 foram [&hellip;]<\/p>\n","protected":false},"author":6553,"featured_media":0,"comment_status":"closed","ping_status":"closed","sticky":false,"template":"","format":"standard","meta":{"footnotes":""},"categories":[7],"tags":[3488,3532,2953,806,1303,8402,223],"class_list":{"0":"post-115949","1":"post","2":"type-post","3":"status-publish","4":"format-standard","6":"category-policia","7":"tag-adema","8":"tag-animais-silvestres","9":"tag-apreensao","10":"tag-lagarto","11":"tag-policia","12":"tag-resgate","13":"tag-sergipe"},"_links":{"self":[{"href":"https:\/\/senoticias.com.br\/se\/wp-json\/wp\/v2\/posts\/115949"}],"collection":[{"href":"https:\/\/senoticias.com.br\/se\/wp-json\/wp\/v2\/posts"}],"about":[{"href":"https:\/\/senoticias.com.br\/se\/wp-json\/wp\/v2\/types\/post"}],"author":[{"embeddable":true,"href":"https:\/\/senoticias.com.br\/se\/wp-json\/wp\/v2\/users\/6553"}],"replies":[{"embeddable":true,"href":"https:\/\/senoticias.com.br\/se\/wp-json\/wp\/v2\/comments?post=115949"}],"version-history":[{"count":0,"href":"https:\/\/senoticias.com.br\/se\/wp-json\/wp\/v2\/posts\/115949\/revisions"}],"wp:attachment":[{"href":"https:\/\/senoticias.com.br\/se\/wp-json\/wp\/v2\/media?parent=115949"}],"wp:term":[{"taxonomy":"category","embeddable":true,"href":"https:\/\/senoticias.com.br\/se\/wp-json\/wp\/v2\/categories?post=115949"},{"taxonomy":"post_tag","embeddable":true,"href":"https:\/\/senoticias.com.br\/se\/wp-json\/wp\/v2\/tags?post=115949"}],"curies":[{"name":"wp","href":"https:\/\/api.w.org\/{rel}","templated":true}]}}