{"id":115904,"date":"2018-11-01T15:03:37","date_gmt":"2018-11-01T18:03:37","guid":{"rendered":"https:\/\/senoticias.com.br\/se\/?p=115904"},"modified":"2018-11-01T15:03:37","modified_gmt":"2018-11-01T18:03:37","slug":"anac-informa-que-bilhetes-aereos-ja-consideram-horario-de-verao","status":"publish","type":"post","link":"https:\/\/senoticias.com.br\/se\/anac-informa-que-bilhetes-aereos-ja-consideram-horario-de-verao\/","title":{"rendered":"Anac informa que bilhetes a\u00e9reos j\u00e1 consideram hor\u00e1rio de ver\u00e3o"},"content":{"rendered":"<p><span style=\"color: #000000\">A Ag\u00eancia Nacional de Avia\u00e7\u00e3o Civil (Anac) divulgou nota para alertar os passageiros com voos marcados a partir da zero hora deste domingo (4) sobre os bilhetes emitidos pelas companhias a\u00e9reas, que j\u00e1 consideram o hor\u00e1rio de ver\u00e3o.<\/span><\/p>\n<p><span style=\"color: #000000\">O novo hor\u00e1rio ser\u00e1 implementado at\u00e9 a meia-noite de 16 de fevereiro de 2019, nos estados de Goi\u00e1s, Mato Grosso, Mato Grosso do Sul, Minas Gerais, Paran\u00e1, Rio de Janeiro, Rio Grande do Sul, Santa Catarina, S\u00e3o Paulo, Esp\u00edrito Santo e no Distrito Federal.<\/span><\/p>\n<div id=\"attachment_106208\" style=\"width: 609px\" class=\"wp-caption aligncenter\"><a href=\"https:\/\/senoticias.com.br\/se\/wp-content\/uploads\/2017\/08\/aviao-SENOTICIAS-e1504027485694.jpg\"><img loading=\"lazy\" decoding=\"async\" aria-describedby=\"caption-attachment-106208\" class=\"wp-image-106208 size-full\" src=\"https:\/\/senoticias.com.br\/se\/wp-content\/uploads\/2017\/08\/aviao-SENOTICIAS-e1504027485694.jpg\" alt=\"\" width=\"599\" height=\"328\" \/><\/a><p id=\"caption-attachment-106208\" class=\"wp-caption-text\">Foto: JC Online<\/p><\/div>\n<p><span style=\"color: #000000\">A Anac sugere que, em caso de d\u00favidas, o passageiro entre em contato com as empresas a\u00e9reas, uma vez que \u201c\u00e9 dever das companhias informar e orientar sobre eventuais altera\u00e7\u00f5es nos hor\u00e1rios programados\u201d.<\/span><\/p>\n<p><span style=\"color: #000000\">De acordo com o Minist\u00e9rio de Minas e Energia, as regi\u00f5es Norte e Nordeste n\u00e3o adotam o hor\u00e1rio de ver\u00e3o, porque a hora adiantada \u00e9 mais eficaz nas regi\u00f5es mais distantes da linha do equador, onde h\u00e1 uma diferen\u00e7a mais significativa na luminosidade do dia entre o ver\u00e3o e o inverno.<\/span><\/p>\n<p><span style=\"color: #000000\">Nos estados do Centro-Oeste, Sudeste e Sul do pa\u00eds, os dias de ver\u00e3o s\u00e3o mais longos. O objetivo do hor\u00e1rio de ver\u00e3o \u00e9 estimular as pessoas e as empresas a encerrarem as atividades do dia mais cedo, a aproveitarem a ilumina\u00e7\u00e3o natural e evitar que equipamentos eletr\u00f4nicos sejam ligados para reduzir o consumo e a demanda energ\u00e9tica no hor\u00e1rio das 18h \u00e0s 21h.<\/span><\/p>\n<p><span style=\"color: #000000\">O minist\u00e9rio explica que no per\u00edodo tamb\u00e9m h\u00e1 aumento da temperatura e consequente aumento do uso de aparelhos de ar-condicionado, o que neutraliza o impacto no sistema el\u00e9trico.<\/span><\/p>\n<p>&nbsp;<\/p>\n<p><a href=\"https:\/\/senoticias.com.br\/se\/wp-content\/uploads\/2018\/10\/Logomarca-fone-SE-4-2-1-1-1-1-1.jpg\"><img loading=\"lazy\" decoding=\"async\" class=\"aligncenter wp-image-115835 size-full\" src=\"https:\/\/senoticias.com.br\/se\/wp-content\/uploads\/2018\/10\/Logomarca-fone-SE-4-2-1-1-1-1-1.jpg\" alt=\"\" width=\"599\" height=\"78\" srcset=\"https:\/\/senoticias.com.br\/se\/wp-content\/uploads\/2018\/10\/Logomarca-fone-SE-4-2-1-1-1-1-1.jpg 599w, https:\/\/senoticias.com.br\/se\/wp-content\/uploads\/2018\/10\/Logomarca-fone-SE-4-2-1-1-1-1-1-300x39.jpg 300w\" sizes=\"(max-width: 599px) 100vw, 599px\" \/><\/a><\/p>\n<p>Da Ag\u00eancia Brasil<\/p>\n","protected":false},"excerpt":{"rendered":"<p>A Ag\u00eancia Nacional de Avia\u00e7\u00e3o Civil (Anac) divulgou nota para alertar os passageiros com voos marcados a partir da zero hora deste domingo (4) sobre os bilhetes emitidos pelas companhias a\u00e9reas, que j\u00e1 consideram o hor\u00e1rio de ver\u00e3o. O novo hor\u00e1rio ser\u00e1 implementado at\u00e9 a meia-noite de 16 de fevereiro de 2019, nos estados de [&hellip;]<\/p>\n","protected":false},"author":6553,"featured_media":0,"comment_status":"closed","ping_status":"closed","sticky":false,"template":"","format":"standard","meta":{"footnotes":""},"categories":[15,2961],"tags":[6891,339,6622,11048,11049,223],"class_list":{"0":"post-115904","1":"post","2":"type-post","3":"status-publish","4":"format-standard","6":"category-destaques","7":"category-nacional","8":"tag-anac","9":"tag-aracaju","10":"tag-aviao","11":"tag-horario-de-verao","12":"tag-passageiro","13":"tag-sergipe"},"_links":{"self":[{"href":"https:\/\/senoticias.com.br\/se\/wp-json\/wp\/v2\/posts\/115904"}],"collection":[{"href":"https:\/\/senoticias.com.br\/se\/wp-json\/wp\/v2\/posts"}],"about":[{"href":"https:\/\/senoticias.com.br\/se\/wp-json\/wp\/v2\/types\/post"}],"author":[{"embeddable":true,"href":"https:\/\/senoticias.com.br\/se\/wp-json\/wp\/v2\/users\/6553"}],"replies":[{"embeddable":true,"href":"https:\/\/senoticias.com.br\/se\/wp-json\/wp\/v2\/comments?post=115904"}],"version-history":[{"count":0,"href":"https:\/\/senoticias.com.br\/se\/wp-json\/wp\/v2\/posts\/115904\/revisions"}],"wp:attachment":[{"href":"https:\/\/senoticias.com.br\/se\/wp-json\/wp\/v2\/media?parent=115904"}],"wp:term":[{"taxonomy":"category","embeddable":true,"href":"https:\/\/senoticias.com.br\/se\/wp-json\/wp\/v2\/categories?post=115904"},{"taxonomy":"post_tag","embeddable":true,"href":"https:\/\/senoticias.com.br\/se\/wp-json\/wp\/v2\/tags?post=115904"}],"curies":[{"name":"wp","href":"https:\/\/api.w.org\/{rel}","templated":true}]}}