{"id":115897,"date":"2018-10-31T16:29:27","date_gmt":"2018-10-31T19:29:27","guid":{"rendered":"https:\/\/senoticias.com.br\/se\/?p=115897"},"modified":"2018-10-31T16:30:37","modified_gmt":"2018-10-31T19:30:37","slug":"neymar-sera-julgado-por-fraude-em-transferencia-para-barcelona-e-pode-pegar-ate-seis-anos-de-prisao","status":"publish","type":"post","link":"https:\/\/senoticias.com.br\/se\/neymar-sera-julgado-por-fraude-em-transferencia-para-barcelona-e-pode-pegar-ate-seis-anos-de-prisao\/","title":{"rendered":"Neymar ser\u00e1 julgado por fraude em transfer\u00eancia para Barcelona e pode pegar at\u00e9 seis anos de pris\u00e3o"},"content":{"rendered":"<p style=\"text-align: justify;\">O juiz encarregado de julgar o atacante Neymar na Espanha pelas irregularidades de sua transfer\u00eancia do Santos ao Barcelona acredita que o brasileiro poder\u00e1 ser condenado a at\u00e9 seis anos de pris\u00e3o, informaram nesta quarta-feira fontes judiciais pr\u00f3ximas ao caso.<\/p>\n<div id=\"attachment_115898\" style=\"width: 609px\" class=\"wp-caption aligncenter\"><a href=\"https:\/\/senoticias.com.br\/se\/wp-content\/uploads\/2018\/10\/2017-07-28t120941z_1_lynxmped6r0ug-oussp_rtroptp_3_sports-us-soccer-spain-neymar-e1541013952125.jpg\"><img loading=\"lazy\" decoding=\"async\" aria-describedby=\"caption-attachment-115898\" class=\"size-full wp-image-115898\" src=\"https:\/\/senoticias.com.br\/se\/wp-content\/uploads\/2018\/10\/2017-07-28t120941z_1_lynxmped6r0ug-oussp_rtroptp_3_sports-us-soccer-spain-neymar-e1541013952125.jpg\" alt=\"\" width=\"599\" height=\"411\" \/><\/a><p id=\"caption-attachment-115898\" class=\"wp-caption-text\">Neymar defendeu o Barcelona entre 2013 e 2017 \u2014 (Foto: Kim Kyung-Hoon\/Reuters)<\/p><\/div>\n<p style=\"text-align: justify;\">Neymar, seus pais, o presidente do Barcelona, Josep Maria Bartomeu, e seu antecessor, Sandro Rosell, ser\u00e3o julgados na Espanha por fraude.<\/p>\n<p style=\"text-align: justify;\">O caso emana de uma den\u00fancia do grupo brasileiro DIS, ex-dono de parte dos direitos federativos do jogador e que se considera prejudicado na transfer\u00eancia de Neymar do Santos para o Barcelona em 2013.<\/p>\n<p style=\"text-align: justify;\">Nesta quarta-feira, o juiz Jos\u00e9 Mar\u00eda V\u00e1zquez Honrubia considerou que a acusa\u00e7\u00e3o feita pelo DIS pelo delito de &#8220;fraude&#8221; pode acarretar &#8220;de quatro a seis anos de pris\u00e3o&#8221; para Neymar, segundo um relat\u00f3rio do magistrado ao qual a ag\u00eancia AFP teve acesso.<\/p>\n<p>Como o jogador pode receber senten\u00e7a superior a cinco anos de pris\u00e3o, a legisla\u00e7\u00e3o espanhola obriga o julgamento a ter tr\u00eas ju\u00edzes, o que poderia atrasar ainda mais o in\u00edcio do julgamento, que segue sem data para come\u00e7ar.<\/p>\n<p style=\"text-align: justify;\">Em um primeiro momento, o Barcelona divulgou que a contrata\u00e7\u00e3o de Neymar teria custado 57,1 milh\u00f5es de euros ao clube (40 milh\u00f5es para a fam\u00edlia de Neymar e 17,1 para o Santos), mas a justi\u00e7a espanhola calcula que o verdadeiro valor da transfer\u00eancia seria de 83,3 milh\u00f5es de euros.<\/p>\n<p style=\"text-align: justify;\">O DIS, que recebeu 6,8 milh\u00f5es de euros dos 17,1 pagos ao Santos, acusa o Barcelona e Neymar de ocultarem o valor real da negocia\u00e7\u00e3o.<\/p>\n<p style=\"text-align: justify;\">O Minist\u00e9rio P\u00fablico espanhol apresentou pedido de dois anos de pris\u00e3o para Neymar, que, em depoimento \u00e0 justi\u00e7a espanhola, se defendeu das acusa\u00e7\u00f5es, afirmando que apenas se concentrava em jogar futebol e que confiava cegamente nas decis\u00f5es de seu pai, que tamb\u00e9m \u00e9 seu empres\u00e1rio.<\/p>\n<p>&nbsp;<\/p>\n<p><a href=\"https:\/\/senoticias.com.br\/se\/wp-content\/uploads\/2018\/10\/Logomarca-fone-SE-4-2-1-1-1-1-1.jpg\"><img loading=\"lazy\" decoding=\"async\" class=\"aligncenter size-full wp-image-115835\" src=\"https:\/\/senoticias.com.br\/se\/wp-content\/uploads\/2018\/10\/Logomarca-fone-SE-4-2-1-1-1-1-1.jpg\" alt=\"\" width=\"599\" height=\"78\" srcset=\"https:\/\/senoticias.com.br\/se\/wp-content\/uploads\/2018\/10\/Logomarca-fone-SE-4-2-1-1-1-1-1.jpg 599w, https:\/\/senoticias.com.br\/se\/wp-content\/uploads\/2018\/10\/Logomarca-fone-SE-4-2-1-1-1-1-1-300x39.jpg 300w\" sizes=\"(max-width: 599px) 100vw, 599px\" \/><\/a><\/p>\n<p>&nbsp;<\/p>\n<p><em><strong>Acompanhe o SE Not\u00edcias no<\/strong><span class=\"apple-converted-space\"><b>\u00a0<\/b><\/span><a href=\"https:\/\/twitter.com\/Senoticias\" target=\"_blank\" rel=\"noopener\"><b>Twitter<\/b><\/a><strong>,<\/strong><span class=\"apple-converted-space\"><b>\u00a0<\/b><\/span><a href=\"https:\/\/www.facebook.com\/senoticias1\" target=\"_blank\" rel=\"noopener\"><b>Facebook<\/b><span class=\"apple-converted-space\"><b>\u00a0<\/b><\/span><\/a><strong>e no<\/strong><span class=\"apple-converted-space\"><b>\u00a0<\/b><\/span><a href=\"https:\/\/www.instagram.com\/senoticias\/\" target=\"_blank\" rel=\"noopener\"><b>Instagram<\/b><\/a><\/em><\/p>\n<p>&nbsp;<\/p>\n<p><em><strong>Por AFP \u2014 Madri <\/strong><\/em><\/p>\n","protected":false},"excerpt":{"rendered":"<p>O juiz encarregado de julgar o atacante Neymar na Espanha pelas irregularidades de sua transfer\u00eancia do Santos ao Barcelona acredita que o brasileiro poder\u00e1 ser condenado a at\u00e9 seis anos de pris\u00e3o, informaram nesta quarta-feira fontes judiciais pr\u00f3ximas ao caso. Neymar, seus pais, o presidente do Barcelona, Josep Maria Bartomeu, e seu antecessor, Sandro Rosell, [&hellip;]<\/p>\n","protected":false},"author":6552,"featured_media":115898,"comment_status":"closed","ping_status":"closed","sticky":false,"template":"","format":"standard","meta":{"footnotes":""},"categories":[15,26],"tags":[5016,5015,11046,150],"class_list":{"0":"post-115897","1":"post","2":"type-post","3":"status-publish","4":"format-standard","5":"has-post-thumbnail","7":"category-destaques","8":"category-esportes","9":"tag-barcelona","10":"tag-neymar","11":"tag-neymar-sera-julgado","12":"tag-santos"},"_links":{"self":[{"href":"https:\/\/senoticias.com.br\/se\/wp-json\/wp\/v2\/posts\/115897"}],"collection":[{"href":"https:\/\/senoticias.com.br\/se\/wp-json\/wp\/v2\/posts"}],"about":[{"href":"https:\/\/senoticias.com.br\/se\/wp-json\/wp\/v2\/types\/post"}],"author":[{"embeddable":true,"href":"https:\/\/senoticias.com.br\/se\/wp-json\/wp\/v2\/users\/6552"}],"replies":[{"embeddable":true,"href":"https:\/\/senoticias.com.br\/se\/wp-json\/wp\/v2\/comments?post=115897"}],"version-history":[{"count":0,"href":"https:\/\/senoticias.com.br\/se\/wp-json\/wp\/v2\/posts\/115897\/revisions"}],"wp:featuredmedia":[{"embeddable":true,"href":"https:\/\/senoticias.com.br\/se\/wp-json\/wp\/v2\/media\/115898"}],"wp:attachment":[{"href":"https:\/\/senoticias.com.br\/se\/wp-json\/wp\/v2\/media?parent=115897"}],"wp:term":[{"taxonomy":"category","embeddable":true,"href":"https:\/\/senoticias.com.br\/se\/wp-json\/wp\/v2\/categories?post=115897"},{"taxonomy":"post_tag","embeddable":true,"href":"https:\/\/senoticias.com.br\/se\/wp-json\/wp\/v2\/tags?post=115897"}],"curies":[{"name":"wp","href":"https:\/\/api.w.org\/{rel}","templated":true}]}}