{"id":115880,"date":"2018-10-30T14:58:42","date_gmt":"2018-10-30T17:58:42","guid":{"rendered":"https:\/\/senoticias.com.br\/se\/?p=115880"},"modified":"2018-10-31T15:54:21","modified_gmt":"2018-10-31T18:54:21","slug":"ceac-itinerante-esta-em-monte-alegre","status":"publish","type":"post","link":"https:\/\/senoticias.com.br\/se\/ceac-itinerante-esta-em-monte-alegre\/","title":{"rendered":"Ceac itinerante est\u00e1 em Monte Alegre"},"content":{"rendered":"<p><span style=\"color: #000000;\">O Centro de Atendimento ao Cidad\u00e3o (Ceac), \u00f3rg\u00e3o vinculado a Secretaria de Estado do Planejamento, Or\u00e7amento e Gest\u00e3o, retornou nesta segunda-feira (29) as atividades do Ceac Itinerante, ap\u00f3s suspens\u00e3o durante o per\u00edodo eleitoral. At\u00e9 quarta-feira, 31, o Ceac estar\u00e1 no munic\u00edpio de Monte Alegre de Sergipe, no Col\u00e9gio Estadual Jos\u00e9 In\u00e1cio de Farias, das 8h \u00e0s 17h, oferecendo a popula\u00e7\u00e3o diversos servi\u00e7os atrav\u00e9s da integra\u00e7\u00e3o de diversos \u00f3rg\u00e3os p\u00fablicos.<\/span><\/p>\n<div id=\"attachment_108401\" style=\"width: 608px\" class=\"wp-caption aligncenter\"><a href=\"https:\/\/senoticias.com.br\/se\/wp-content\/uploads\/2017\/11\/cfa9ff0943687b5309576396580aa797-e1511256458465.jpeg\"><img loading=\"lazy\" decoding=\"async\" aria-describedby=\"caption-attachment-108401\" class=\"wp-image-108401 size-full\" src=\"https:\/\/senoticias.com.br\/se\/wp-content\/uploads\/2017\/11\/cfa9ff0943687b5309576396580aa797-e1511256458465.jpeg\" alt=\"\" width=\"598\" height=\"399\" \/><\/a><p id=\"caption-attachment-108401\" class=\"wp-caption-text\">(Foto: ASN)<\/p><\/div>\n<p><span style=\"color: #000000;\">De acordo com o diretor geral do Ceac Itinerante, Clistenes Dantas, com o retorno das atividades, o \u00f3rg\u00e3o volta a disponibilizar emiss\u00e3o de carteiras de identidade, carteira de passe livre, servi\u00e7os do Detran, Ipesa\u00fade, servi\u00e7os do INSS, entre outros, facilitando o acesso do cidad\u00e3o aos servi\u00e7os.<\/span><\/p>\n<p><span style=\"color: #000000;\">Ainda segundo o diretor, a meta \u00e9 atender diariamente cerca de 230 monte-alegrenses durante a passagem do Ceac Itinerante no munic\u00edpio.<\/span><\/p>\n<p>&nbsp;<\/p>\n<p><a href=\"https:\/\/senoticias.com.br\/se\/wp-content\/uploads\/2018\/10\/Logomarca-fone-SE-4-2-1-1-1-1-1.jpg\"><img loading=\"lazy\" decoding=\"async\" class=\"aligncenter wp-image-115835 size-full\" src=\"https:\/\/senoticias.com.br\/se\/wp-content\/uploads\/2018\/10\/Logomarca-fone-SE-4-2-1-1-1-1-1.jpg\" alt=\"\" width=\"599\" height=\"78\" srcset=\"https:\/\/senoticias.com.br\/se\/wp-content\/uploads\/2018\/10\/Logomarca-fone-SE-4-2-1-1-1-1-1.jpg 599w, https:\/\/senoticias.com.br\/se\/wp-content\/uploads\/2018\/10\/Logomarca-fone-SE-4-2-1-1-1-1-1-300x39.jpg 300w\" sizes=\"(max-width: 599px) 100vw, 599px\" \/><\/a><\/p>\n<p>Da Ag\u00eancia Sergipe de Not\u00edcias<\/p>\n","protected":false},"excerpt":{"rendered":"<p>O Centro de Atendimento ao Cidad\u00e3o (Ceac), \u00f3rg\u00e3o vinculado a Secretaria de Estado do Planejamento, Or\u00e7amento e Gest\u00e3o, retornou nesta segunda-feira (29) as atividades do Ceac Itinerante, ap\u00f3s suspens\u00e3o durante o per\u00edodo eleitoral. At\u00e9 quarta-feira, 31, o Ceac estar\u00e1 no munic\u00edpio de Monte Alegre de Sergipe, no Col\u00e9gio Estadual Jos\u00e9 In\u00e1cio de Farias, das 8h [&hellip;]<\/p>\n","protected":false},"author":6553,"featured_media":0,"comment_status":"closed","ping_status":"closed","sticky":false,"template":"","format":"standard","meta":{"footnotes":""},"categories":[38],"tags":[5096,11042,223,3835],"class_list":{"0":"post-115880","1":"post","2":"type-post","3":"status-publish","4":"format-standard","6":"category-municipios","7":"tag-ceac","8":"tag-monte-alegre","9":"tag-sergipe","10":"tag-servicos"},"_links":{"self":[{"href":"https:\/\/senoticias.com.br\/se\/wp-json\/wp\/v2\/posts\/115880"}],"collection":[{"href":"https:\/\/senoticias.com.br\/se\/wp-json\/wp\/v2\/posts"}],"about":[{"href":"https:\/\/senoticias.com.br\/se\/wp-json\/wp\/v2\/types\/post"}],"author":[{"embeddable":true,"href":"https:\/\/senoticias.com.br\/se\/wp-json\/wp\/v2\/users\/6553"}],"replies":[{"embeddable":true,"href":"https:\/\/senoticias.com.br\/se\/wp-json\/wp\/v2\/comments?post=115880"}],"version-history":[{"count":0,"href":"https:\/\/senoticias.com.br\/se\/wp-json\/wp\/v2\/posts\/115880\/revisions"}],"wp:attachment":[{"href":"https:\/\/senoticias.com.br\/se\/wp-json\/wp\/v2\/media?parent=115880"}],"wp:term":[{"taxonomy":"category","embeddable":true,"href":"https:\/\/senoticias.com.br\/se\/wp-json\/wp\/v2\/categories?post=115880"},{"taxonomy":"post_tag","embeddable":true,"href":"https:\/\/senoticias.com.br\/se\/wp-json\/wp\/v2\/tags?post=115880"}],"curies":[{"name":"wp","href":"https:\/\/api.w.org\/{rel}","templated":true}]}}