{"id":115853,"date":"2018-10-29T15:00:14","date_gmt":"2018-10-29T18:00:14","guid":{"rendered":"https:\/\/senoticias.com.br\/se\/?p=115853"},"modified":"2018-10-29T15:03:12","modified_gmt":"2018-10-29T18:03:12","slug":"prefeitura-de-aracaju-paga-salarios-de-todos-os-servidores-nesta-quarta-31","status":"publish","type":"post","link":"https:\/\/senoticias.com.br\/se\/prefeitura-de-aracaju-paga-salarios-de-todos-os-servidores-nesta-quarta-31\/","title":{"rendered":"Prefeitura de Aracaju paga sal\u00e1rios de todos os servidores nesta quarta, 31"},"content":{"rendered":"<p><span style=\"color: #000000\">O prefeito Edvaldo Nogueira anunciou que pagar\u00e1 os sal\u00e1rios de todos os servidores nesta quarta-feira, dia 31. Em transmiss\u00e3o ao vivo, pelas redes sociais, na tarde desta segunda-feira, 29, o gestor municipal informou que o funcionalismo ativo (efetivos e comissionados), os aposentados e pensionistas receber\u00e3o os sal\u00e1rios do m\u00eas de outubro no decorrer desta quarta-feira.<\/span><\/p>\n<div id=\"attachment_109215\" style=\"width: 438px\" class=\"wp-caption aligncenter\"><a href=\"https:\/\/senoticias.com.br\/se\/wp-content\/uploads\/2017\/12\/24321203177_02785b9a4e_b-e1513811076639.jpg\"><img loading=\"lazy\" decoding=\"async\" aria-describedby=\"caption-attachment-109215\" class=\"wp-image-109215\" src=\"https:\/\/senoticias.com.br\/se\/wp-content\/uploads\/2017\/12\/24321203177_02785b9a4e_b-e1513811076639.jpg\" alt=\"\" width=\"428\" height=\"599\" \/><\/a><p id=\"caption-attachment-109215\" class=\"wp-caption-text\">foto: arquivo\/AAN)<\/p><\/div>\n<p><span style=\"color: #000000\">\u201cMais uma vez pagaremos os sal\u00e1rios de todos os servidores em dia, dentro do m\u00eas trabalhado. Como sempre digo, n\u00e3o \u00e9 uma tarefa f\u00e1cil ou simples. Estes meses finais do ano, s\u00e3o de queda na arrecada\u00e7\u00e3o, mas fazemos um grande esfor\u00e7o e priorizamos os servidores, para que continuem recebendo seus sal\u00e1rios dentro do previsto\u201d, destacou o prefeito.<\/span><\/p>\n<p><span style=\"color: #000000\">Com a quita\u00e7\u00e3o dos sal\u00e1rios de outubro, a atual gest\u00e3o chega a 25 folhas salariais pagas em 22 meses. Al\u00e9m disso, a administra\u00e7\u00e3o municipal concluiu, no m\u00eas passado, o pagamento da antecipa\u00e7\u00e3o da1\u00aa parcela do 13\u00ba sal\u00e1rio de todos os servidores. At\u00e9 o momento, foram investidos R$ 1,925 bilh\u00e3o em sal\u00e1rios.<\/span><\/p>\n<p>&nbsp;<\/p>\n<p><a href=\"https:\/\/senoticias.com.br\/se\/wp-content\/uploads\/2018\/10\/Logomarca-fone-SE-4-2-1-1-1-1-1.jpg\"><img loading=\"lazy\" decoding=\"async\" class=\"aligncenter wp-image-115835 size-full\" src=\"https:\/\/senoticias.com.br\/se\/wp-content\/uploads\/2018\/10\/Logomarca-fone-SE-4-2-1-1-1-1-1.jpg\" alt=\"\" width=\"599\" height=\"78\" srcset=\"https:\/\/senoticias.com.br\/se\/wp-content\/uploads\/2018\/10\/Logomarca-fone-SE-4-2-1-1-1-1-1.jpg 599w, https:\/\/senoticias.com.br\/se\/wp-content\/uploads\/2018\/10\/Logomarca-fone-SE-4-2-1-1-1-1-1-300x39.jpg 300w\" sizes=\"(max-width: 599px) 100vw, 599px\" \/><\/a><\/p>\n<p><em><strong>Acompanhe o SE Not\u00edcias no<\/strong><span class=\"apple-converted-space\"><b>\u00a0<\/b><\/span><a href=\"https:\/\/twitter.com\/Senoticias\" target=\"_blank\" rel=\"noopener\"><b>Twitter<\/b><\/a><strong>,<\/strong><span class=\"apple-converted-space\"><b>\u00a0<\/b><\/span><a href=\"https:\/\/www.facebook.com\/senoticias1\" target=\"_blank\" rel=\"noopener\"><b>Facebook<\/b><span class=\"apple-converted-space\"><b>\u00a0<\/b><\/span><\/a><strong>e no<\/strong><span class=\"apple-converted-space\"><b>\u00a0<\/b><\/span><a href=\"https:\/\/www.instagram.com\/senoticias\/\" target=\"_blank\" rel=\"noopener\"><b>Instagram<\/b><\/a><\/em><\/p>\n<p>Da Assessoria<\/p>\n","protected":false},"excerpt":{"rendered":"<p>O prefeito Edvaldo Nogueira anunciou que pagar\u00e1 os sal\u00e1rios de todos os servidores nesta quarta-feira, dia 31. Em transmiss\u00e3o ao vivo, pelas redes sociais, na tarde desta segunda-feira, 29, o gestor municipal informou que o funcionalismo ativo (efetivos e comissionados), os aposentados e pensionistas receber\u00e3o os sal\u00e1rios do m\u00eas de outubro no decorrer desta quarta-feira. [&hellip;]<\/p>\n","protected":false},"author":6553,"featured_media":0,"comment_status":"closed","ping_status":"closed","sticky":false,"template":"","format":"standard","meta":{"footnotes":""},"categories":[15,6],"tags":[339,1436,2168,2884,4637,3162,223],"class_list":{"0":"post-115853","1":"post","2":"type-post","3":"status-publish","4":"format-standard","6":"category-destaques","7":"category-politica","8":"tag-aracaju","9":"tag-edvaldo","10":"tag-politica","11":"tag-prefeitura","12":"tag-redes-sociais","13":"tag-salarios","14":"tag-sergipe"},"_links":{"self":[{"href":"https:\/\/senoticias.com.br\/se\/wp-json\/wp\/v2\/posts\/115853"}],"collection":[{"href":"https:\/\/senoticias.com.br\/se\/wp-json\/wp\/v2\/posts"}],"about":[{"href":"https:\/\/senoticias.com.br\/se\/wp-json\/wp\/v2\/types\/post"}],"author":[{"embeddable":true,"href":"https:\/\/senoticias.com.br\/se\/wp-json\/wp\/v2\/users\/6553"}],"replies":[{"embeddable":true,"href":"https:\/\/senoticias.com.br\/se\/wp-json\/wp\/v2\/comments?post=115853"}],"version-history":[{"count":0,"href":"https:\/\/senoticias.com.br\/se\/wp-json\/wp\/v2\/posts\/115853\/revisions"}],"wp:attachment":[{"href":"https:\/\/senoticias.com.br\/se\/wp-json\/wp\/v2\/media?parent=115853"}],"wp:term":[{"taxonomy":"category","embeddable":true,"href":"https:\/\/senoticias.com.br\/se\/wp-json\/wp\/v2\/categories?post=115853"},{"taxonomy":"post_tag","embeddable":true,"href":"https:\/\/senoticias.com.br\/se\/wp-json\/wp\/v2\/tags?post=115853"}],"curies":[{"name":"wp","href":"https:\/\/api.w.org\/{rel}","templated":true}]}}