{"id":115850,"date":"2018-10-29T15:00:02","date_gmt":"2018-10-29T18:00:02","guid":{"rendered":"https:\/\/senoticias.com.br\/se\/?p=115850"},"modified":"2018-10-29T15:00:02","modified_gmt":"2018-10-29T18:00:02","slug":"educacao-sera-prioridade-do-nosso-governo-garante-o-governador-reeleito-belivaldo-chagas","status":"publish","type":"post","link":"https:\/\/senoticias.com.br\/se\/educacao-sera-prioridade-do-nosso-governo-garante-o-governador-reeleito-belivaldo-chagas\/","title":{"rendered":"&#8220;Educa\u00e7\u00e3o ser\u00e1 prioridade do nosso governo&#8221;, garante o governador reeleito, Belivaldo Chagas"},"content":{"rendered":"<p style=\"text-align: justify;\">O governador Belivaldo Chagas (PSD), reeleito com 64,72% dos votos dos sergipanos, falou sobre os desafios de seu pr\u00f3ximo mandato, a partir do ano de 2019, em entrevista ao jornal SE1, da TV Sergipe (Afiliada Rede Globo), nesta segunda-feira, 29.<\/p>\n<div id=\"attachment_115852\" style=\"width: 609px\" class=\"wp-caption aligncenter\"><a href=\"https:\/\/senoticias.com.br\/se\/wp-content\/uploads\/2018\/10\/7dc950be4429aa79958b1691c07cd641-e1540835867236.jpeg\"><img loading=\"lazy\" decoding=\"async\" aria-describedby=\"caption-attachment-115852\" class=\"size-full wp-image-115852\" src=\"https:\/\/senoticias.com.br\/se\/wp-content\/uploads\/2018\/10\/7dc950be4429aa79958b1691c07cd641-e1540835867236.jpeg\" alt=\"\" width=\"599\" height=\"389\" \/><\/a><p id=\"caption-attachment-115852\" class=\"wp-caption-text\">O governador Belivaldo Chagas (PSD), reeleito com 64,72% dos votos dos sergipanos. (Foto: Jorge Henrque\/ASN)<\/p><\/div>\n<p style=\"text-align: justify;\">Belivaldo reafirmou que a Educa\u00e7\u00e3o ser\u00e1 a prioridade do governo de Sergipe n\u00e3o somente a partir de 2019, mas desde j\u00e1. &#8220;Hoje mesmo, estou viajando para Bras\u00edlia, com o objetivo de buscar recursos financeiros para melhorar a estrutura de nossas escolas, para permitir a valoriza\u00e7\u00e3o dos trabalhadores da educa\u00e7\u00e3o. Pretendo garantir o maior valor poss\u00edvel de recursos e emendas para a educa\u00e7\u00e3o. \u00c9 preciso buscar tamb\u00e9m a\u00e7\u00f5es conjuntas com o governo Federal e buscar formas de integrar os munic\u00edpios nesse processo, afinal, nosso pa\u00eds est\u00e1 carente de um projeto voltado para educa\u00e7\u00e3o. O que vemos s\u00e3o exemplos isolados de estados que est\u00e3o dando certo&#8221;, destacou o governador.<\/p>\n<p style=\"text-align: justify;\">Reconduzido ao cargo de chefe do poder executivo de Sergipe com 679.051 dos votos, Belivaldo Chagas venceu em 74 dos 75 munic\u00edpios sergipanos. Uma vit\u00f3ria que, para ele, s\u00f3 refor\u00e7a a responsabilidade de administrar um estado como Sergipe.<\/p>\n<p style=\"text-align: justify;\">&#8220;A popula\u00e7\u00e3o espera do governante atitude, que ele esteja presente para conhecer de perto dos problemas da regi\u00e3o, e n\u00e3o somente dentro do gabinete. Ent\u00e3o, nosso trabalho ser\u00e1 voltado a esse estilo de governar, com atitude, com participa\u00e7\u00e3o. Estive presente, por exemplo, acompanhando as quest\u00f5es de Seguran\u00e7a P\u00fablica, mas n\u00e3o somente determinando e virando as costas, mas acompanhando &#8216;in loco&#8217;. Pela primeira vez na hist\u00f3ria do estado, tivemos uma gest\u00e3o onde o governador reservou um hor\u00e1rio semanal para dialogar com o povo atrav\u00e9s das redes sociais. E adianto: a partir de janeiro, disponibilizarei pelo menos um dia por m\u00eas para continuar conversando com a popula\u00e7\u00e3o&#8221;, complementou.\n<\/p>\n<p style=\"text-align: justify;\"><strong>Projetos para Sergipe<\/strong><\/p>\n<p style=\"text-align: justify;\">\nQuestionado sobre os projetos para a Seguran\u00e7a P\u00fablica, Belivaldo diz que pretende dar continuidade ao trabalho que j\u00e1 vem sendo realizado desde o m\u00eas de abril, quando assumiu o governo e tomou diversas medidas para reduzir os \u00edndices da criminalidade em Sergipe.<br \/>\n&#8220;Precisamos melhorar sim a seguran\u00e7a p\u00fablica. Temos bons policiais, uma equipe competente e que trabalha. Prova disso \u00e9 que estamos caindo nos n\u00fameros e vamos continuar. A m\u00e9dio e longo prazo, tamb\u00e9m devemos avan\u00e7ar na educa\u00e7\u00e3o, buscando de todas as formas poss\u00edveis que esses jovens que est\u00e3o fora das escolas, retomem os estudos&#8221;, afirmou o governador.<\/p>\n<p style=\"text-align: justify;\">Em rela\u00e7\u00e3o \u00e0 Sa\u00fade, Belivaldo voltou a falar sobre os investimentos na \u00e1rea de Oncologia em Sergipe. &#8220;J\u00e1 avan\u00e7amos neste segmento, dentro do Huse, com o atendimento sendo prestado e as m\u00e1quinas em funcionamento. O projeto do Hospital do C\u00e2ncer tem um custo alt\u00edssimo, ent\u00e3o a ideia \u00e9 construir, sim, uma unidade voltada ao tratamento do c\u00e2ncer, que poder\u00e1 ser chamada de hospital, mas oferecendo servi\u00e7os que n\u00e3o temos ainda. No entanto, n\u00e3o d\u00e1 pra construir um novo hospital, quando vemos os aceleradores lineares funcionando, radioterapia nos tr\u00eas turnos. N\u00e3o somente construir por construir, mas avaliar as necessidades&#8221;, reafirmou.<\/p>\n<p style=\"text-align: justify;\">Ainda sobre a Sa\u00fade, Belivaldo destacou as a\u00e7\u00f5es integradas junto aos hospitais regionais. &#8220;Vamos refor\u00e7ar os investimentos em hospitais regionais, afinal, se a rede funciona de forma interligada, isso vai fazer com que o Huse n\u00e3o tenha superlota\u00e7\u00e3o. Isso funciona, tamb\u00e9m, atrav\u00e9s de parceria forte entre o estado e o munic\u00edpio&#8221;, complementou.<\/p>\n<p style=\"text-align: justify;\"><strong>Sobre Belivaldo Chagas<\/strong><\/p>\n<p style=\"text-align: justify;\">Natural do munic\u00edpio de Sim\u00e3o Dias, Belivaldo Chagas tem 58 anos, \u00e9 governador do estado desde o dia 7 de abril deste ano, al\u00e9m de ter exercido o cargo de vice-governador do estado nos mandatos dos ex-governadores Marcelo D\u00e9da e Jackson Barreto.<\/p>\n<p>Belivaldo \u00e9 defensor p\u00fablico aposentado e, na pol\u00edtica, foi deputado estadual por quatro legislaturas. No governo, j\u00e1 ocupou os cargos de secret\u00e1rio da Casa Civil e da Educa\u00e7\u00e3o, al\u00e9m de ter exercido outras fun\u00e7\u00f5es p\u00fablicas.<\/p>\n<p>&nbsp;<\/p>\n<p><a href=\"https:\/\/senoticias.com.br\/se\/wp-content\/uploads\/2018\/10\/Logomarca-fone-SE-4-2-1-1-1-1-1.jpg\"><img loading=\"lazy\" decoding=\"async\" class=\"aligncenter size-full wp-image-115835\" src=\"https:\/\/senoticias.com.br\/se\/wp-content\/uploads\/2018\/10\/Logomarca-fone-SE-4-2-1-1-1-1-1.jpg\" alt=\"\" width=\"599\" height=\"78\" srcset=\"https:\/\/senoticias.com.br\/se\/wp-content\/uploads\/2018\/10\/Logomarca-fone-SE-4-2-1-1-1-1-1.jpg 599w, https:\/\/senoticias.com.br\/se\/wp-content\/uploads\/2018\/10\/Logomarca-fone-SE-4-2-1-1-1-1-1-300x39.jpg 300w\" sizes=\"(max-width: 599px) 100vw, 599px\" \/><\/a><\/p>\n<p>&nbsp;<\/p>\n<p><em><strong>Acompanhe o SE Not\u00edcias no<\/strong><span class=\"apple-converted-space\"><b>\u00a0<\/b><\/span><a href=\"https:\/\/twitter.com\/Senoticias\" target=\"_blank\" rel=\"noopener\"><b>Twitter<\/b><\/a><strong>,<\/strong><span class=\"apple-converted-space\"><b>\u00a0<\/b><\/span><a href=\"https:\/\/www.facebook.com\/senoticias1\" target=\"_blank\" rel=\"noopener\"><b>Facebook<\/b><span class=\"apple-converted-space\"><b>\u00a0<\/b><\/span><\/a><strong>e no<\/strong><span class=\"apple-converted-space\"><b>\u00a0<\/b><\/span><a href=\"https:\/\/www.instagram.com\/senoticias\/\" target=\"_blank\" rel=\"noopener\"><b>Instagram<\/b><\/a><\/em><\/p>\n<p>&nbsp;<\/p>\n<p><strong><em>Ag\u00eancia Sergipe de Not\u00edcias<\/em><\/strong><\/p>\n","protected":false},"excerpt":{"rendered":"<p>O governador Belivaldo Chagas (PSD), reeleito com 64,72% dos votos dos sergipanos, falou sobre os desafios de seu pr\u00f3ximo mandato, a partir do ano de 2019, em entrevista ao jornal SE1, da TV Sergipe (Afiliada Rede Globo), nesta segunda-feira, 29. Belivaldo reafirmou que a Educa\u00e7\u00e3o ser\u00e1 a prioridade do governo de Sergipe n\u00e3o somente a [&hellip;]<\/p>\n","protected":false},"author":6552,"featured_media":115852,"comment_status":"closed","ping_status":"closed","sticky":false,"template":"","format":"standard","meta":{"footnotes":""},"categories":[15,6],"tags":[2806,9463],"class_list":{"0":"post-115850","1":"post","2":"type-post","3":"status-publish","4":"format-standard","5":"has-post-thumbnail","7":"category-destaques","8":"category-politica","9":"tag-belivaldo-chagas","10":"tag-governador-belivaldo-chagas"},"_links":{"self":[{"href":"https:\/\/senoticias.com.br\/se\/wp-json\/wp\/v2\/posts\/115850"}],"collection":[{"href":"https:\/\/senoticias.com.br\/se\/wp-json\/wp\/v2\/posts"}],"about":[{"href":"https:\/\/senoticias.com.br\/se\/wp-json\/wp\/v2\/types\/post"}],"author":[{"embeddable":true,"href":"https:\/\/senoticias.com.br\/se\/wp-json\/wp\/v2\/users\/6552"}],"replies":[{"embeddable":true,"href":"https:\/\/senoticias.com.br\/se\/wp-json\/wp\/v2\/comments?post=115850"}],"version-history":[{"count":0,"href":"https:\/\/senoticias.com.br\/se\/wp-json\/wp\/v2\/posts\/115850\/revisions"}],"wp:featuredmedia":[{"embeddable":true,"href":"https:\/\/senoticias.com.br\/se\/wp-json\/wp\/v2\/media\/115852"}],"wp:attachment":[{"href":"https:\/\/senoticias.com.br\/se\/wp-json\/wp\/v2\/media?parent=115850"}],"wp:term":[{"taxonomy":"category","embeddable":true,"href":"https:\/\/senoticias.com.br\/se\/wp-json\/wp\/v2\/categories?post=115850"},{"taxonomy":"post_tag","embeddable":true,"href":"https:\/\/senoticias.com.br\/se\/wp-json\/wp\/v2\/tags?post=115850"}],"curies":[{"name":"wp","href":"https:\/\/api.w.org\/{rel}","templated":true}]}}