{"id":115849,"date":"2018-10-29T14:47:45","date_gmt":"2018-10-29T17:47:45","guid":{"rendered":"https:\/\/senoticias.com.br\/se\/?p=115849"},"modified":"2018-10-29T15:04:37","modified_gmt":"2018-10-29T18:04:37","slug":"prazo-para-justificar-ausencia-no-segundo-turno-vai-ate-27-de-dezembro","status":"publish","type":"post","link":"https:\/\/senoticias.com.br\/se\/prazo-para-justificar-ausencia-no-segundo-turno-vai-ate-27-de-dezembro\/","title":{"rendered":"Prazo para justificar aus\u00eancia no segundo turno vai at\u00e9 27 de dezembro"},"content":{"rendered":"<p><span style=\"color: #000000\">Os eleitores que n\u00e3o compareceram ao local de vota\u00e7\u00e3o neste domingo (28) e n\u00e3o justificaram a aus\u00eancia no segundo turno ainda podem regularizar a situa\u00e7\u00e3o eleitoral at\u00e9 dezembro. Os ausentes do primeiro turno, realizado em 7 de outubro, tem at\u00e9 de de dezembro para justificar por que n\u00e3o compareceram \u00e0 vota\u00e7\u00e3o. Para os que se ausentaram no segundo turno, o prazo vai at\u00e9 27 de dezembro.<\/span><\/p>\n<p><span style=\"color: #000000\">A justificativa pode ser feita mediante o preenchimento de um requerimento dispon\u00edvel no site do Tribunal Superior Eleitoral (TSE), que deve ser entregue pessoalmente em qualquer cart\u00f3rio eleitoral ou enviado por via postal ao juiz da zona eleitoral na qual \u00e9 inscrito. Al\u00e9m do formul\u00e1rio, o eleitor deve entregar documenta\u00e7\u00e3o que comprove a impossibilidade de comparecimento na vota\u00e7\u00e3o.<\/span><\/p>\n<div id=\"attachment_102590\" style=\"width: 510px\" class=\"wp-caption aligncenter\"><a href=\"https:\/\/senoticias.com.br\/se\/wp-content\/uploads\/2017\/04\/Foto18-Titulo-Eleitoral-e1493035586482.jpg\"><img loading=\"lazy\" decoding=\"async\" aria-describedby=\"caption-attachment-102590\" class=\"wp-image-102590 size-full\" src=\"https:\/\/senoticias.com.br\/se\/wp-content\/uploads\/2017\/04\/Foto18-Titulo-Eleitoral-e1493035586482.jpg\" alt=\"\" width=\"500\" height=\"333\" \/><\/a><p id=\"caption-attachment-102590\" class=\"wp-caption-text\">Imagem ilustrativa<\/p><\/div>\n<p><span style=\"color: #000000\">Pela internet, o eleitor pode justificar a aus\u00eancia usando o Sistema Justifica nas p\u00e1ginas do TSE ou dos tribunais regionais. No formul\u00e1rio online, o eleitor deve informar seus dados pessoais, declarar o motivo da aus\u00eancia e anexar comprovante do impedimento para votar.<\/span><\/p>\n<p><span style=\"color: #000000\">O requerimento de justificativa gerar\u00e1 um c\u00f3digo de protocolo que permite ao eleitor acompanhar o processo at\u00e9 a decis\u00e3o final do juiz da zona eleitoral. A justificativa aceita ser\u00e1 registrada no hist\u00f3rico do eleitor no Cadastro Eleitoral.<\/span><\/p>\n<p><strong><span style=\"color: #000000\">Eleitores no exterior<\/span><\/strong><\/p>\n<p><span style=\"color: #000000\">Os brasileiros que estavam no exterior no dia da vota\u00e7\u00e3o tamb\u00e9m dever\u00e3o encaminhar o formul\u00e1rio de justificativa p\u00f3s-elei\u00e7\u00e3o e a documenta\u00e7\u00e3o comprobat\u00f3ria at\u00e9 60 dias ap\u00f3s o turno ou em 30 dias contados a partir da data de retorno ao Brasil.<\/span><\/p>\n<p><span style=\"color: #000000\">Se estiver inscrito em zona eleitoral do exterior, o eleitor dever\u00e1 encaminhar o requerimento diretamente ao juiz competente ou ainda entregar nas miss\u00f5es diplom\u00e1ticas e reparti\u00e7\u00f5es consulares localizadas no pa\u00eds ou enviar pelo sistema justifica.<\/span><\/p>\n<p><strong><span style=\"color: #000000\">Consequ\u00eancias<\/span><\/strong><\/p>\n<p><span style=\"color: #000000\">O Tribunal Superior Eleitoral explica que a n\u00e3o regulariza\u00e7\u00e3o da situa\u00e7\u00e3o com a Justi\u00e7a Eleitoral deve pagar multa (por cada turno). O valor \u00e9 definido pelo juiz eleitoral da regi\u00e3o e varia de R$ 3,5 a R$ 35,10. O eleitor faltoso tamb\u00e9m pode sofrer outras san\u00e7\u00f5es, como impedimento para obter passaporte ou carteira de identidade para receber vencimentos, remunera\u00e7\u00e3o, sal\u00e1rio ou proventos de fun\u00e7\u00e3o ou emprego p\u00fablico.<\/span><\/p>\n<p><span style=\"color: #000000\">A n\u00e3o justificativa impede ainda que o eleitor participe de concorr\u00eancia ou administrativa da Uni\u00e3o, dos estados, Distrito Federal e munic\u00edpios, al\u00e9m de inscrever em concurso p\u00fablico ou tomar posse em cargo e fun\u00e7\u00e3o p\u00fablica.<\/span><\/p>\n<p>&nbsp;<\/p>\n<p><a href=\"https:\/\/senoticias.com.br\/se\/wp-content\/uploads\/2018\/10\/Logomarca-fone-SE-4-2-1-1-1-1-1.jpg\"><img loading=\"lazy\" decoding=\"async\" class=\"aligncenter wp-image-115835 size-full\" src=\"https:\/\/senoticias.com.br\/se\/wp-content\/uploads\/2018\/10\/Logomarca-fone-SE-4-2-1-1-1-1-1.jpg\" alt=\"\" width=\"599\" height=\"78\" srcset=\"https:\/\/senoticias.com.br\/se\/wp-content\/uploads\/2018\/10\/Logomarca-fone-SE-4-2-1-1-1-1-1.jpg 599w, https:\/\/senoticias.com.br\/se\/wp-content\/uploads\/2018\/10\/Logomarca-fone-SE-4-2-1-1-1-1-1-300x39.jpg 300w\" sizes=\"(max-width: 599px) 100vw, 599px\" \/><\/a><\/p>\n<p><em><strong>Acompanhe o SE Not\u00edcias no<\/strong><span class=\"apple-converted-space\"><b>\u00a0<\/b><\/span><a href=\"https:\/\/twitter.com\/Senoticias\" target=\"_blank\" rel=\"noopener\"><b>Twitter<\/b><\/a><strong>,<\/strong><span class=\"apple-converted-space\"><b>\u00a0<\/b><\/span><a href=\"https:\/\/www.facebook.com\/senoticias1\" target=\"_blank\" rel=\"noopener\"><b>Facebook<\/b><span class=\"apple-converted-space\"><b>\u00a0<\/b><\/span><\/a><strong>e no<\/strong><span class=\"apple-converted-space\"><b>\u00a0<\/b><\/span><a href=\"https:\/\/www.instagram.com\/senoticias\/\" target=\"_blank\" rel=\"noopener\"><b>Instagram<\/b><\/a><\/em><\/p>\n<p>Da Ag\u00eancia Brasil<\/p>\n","protected":false},"excerpt":{"rendered":"<p>Os eleitores que n\u00e3o compareceram ao local de vota\u00e7\u00e3o neste domingo (28) e n\u00e3o justificaram a aus\u00eancia no segundo turno ainda podem regularizar a situa\u00e7\u00e3o eleitoral at\u00e9 dezembro. Os ausentes do primeiro turno, realizado em 7 de outubro, tem at\u00e9 de de dezembro para justificar por que n\u00e3o compareceram \u00e0 vota\u00e7\u00e3o. Para os que se [&hellip;]<\/p>\n","protected":false},"author":6553,"featured_media":0,"comment_status":"closed","ping_status":"closed","sticky":false,"template":"","format":"standard","meta":{"footnotes":""},"categories":[15,6],"tags":[339,2720,3096,10926,2168,223,3263],"class_list":{"0":"post-115849","1":"post","2":"type-post","3":"status-publish","4":"format-standard","6":"category-destaques","7":"category-politica","8":"tag-aracaju","9":"tag-eleicoes-2018","10":"tag-eleitores","11":"tag-justificativa","12":"tag-politica","13":"tag-sergipe","14":"tag-titulo"},"_links":{"self":[{"href":"https:\/\/senoticias.com.br\/se\/wp-json\/wp\/v2\/posts\/115849"}],"collection":[{"href":"https:\/\/senoticias.com.br\/se\/wp-json\/wp\/v2\/posts"}],"about":[{"href":"https:\/\/senoticias.com.br\/se\/wp-json\/wp\/v2\/types\/post"}],"author":[{"embeddable":true,"href":"https:\/\/senoticias.com.br\/se\/wp-json\/wp\/v2\/users\/6553"}],"replies":[{"embeddable":true,"href":"https:\/\/senoticias.com.br\/se\/wp-json\/wp\/v2\/comments?post=115849"}],"version-history":[{"count":0,"href":"https:\/\/senoticias.com.br\/se\/wp-json\/wp\/v2\/posts\/115849\/revisions"}],"wp:attachment":[{"href":"https:\/\/senoticias.com.br\/se\/wp-json\/wp\/v2\/media?parent=115849"}],"wp:term":[{"taxonomy":"category","embeddable":true,"href":"https:\/\/senoticias.com.br\/se\/wp-json\/wp\/v2\/categories?post=115849"},{"taxonomy":"post_tag","embeddable":true,"href":"https:\/\/senoticias.com.br\/se\/wp-json\/wp\/v2\/tags?post=115849"}],"curies":[{"name":"wp","href":"https:\/\/api.w.org\/{rel}","templated":true}]}}