{"id":115842,"date":"2018-10-29T09:59:35","date_gmt":"2018-10-29T12:59:35","guid":{"rendered":"https:\/\/senoticias.com.br\/se\/?p=115842"},"modified":"2018-10-29T09:59:35","modified_gmt":"2018-10-29T12:59:35","slug":"bolsonaro-podera-indicar-ate-50-integrantes-para-equipe-de-transicao-de-governo","status":"publish","type":"post","link":"https:\/\/senoticias.com.br\/se\/bolsonaro-podera-indicar-ate-50-integrantes-para-equipe-de-transicao-de-governo\/","title":{"rendered":"Bolsonaro poder\u00e1 indicar at\u00e9 50 integrantes para equipe de transi\u00e7\u00e3o de governo"},"content":{"rendered":"<p style=\"text-align: justify;\">Eleito neste domingo (28) presidente da Rep\u00fablica, Jair Bolsonaro (PSL) poder\u00e1 indicar at\u00e9 50 pessoas para cargos tempor\u00e1rios na equipe que far\u00e1 a transi\u00e7\u00e3o de governo.<\/p>\n<p style=\"text-align: justify;\">Bolsonaro derrotou Fernando Haddad (PT) no segundo turno da elei\u00e7\u00e3o presidencial e, em 1\u00ba de janeiro de 2019, assumir\u00e1 o governo no lugar de Michel Temer.<\/p>\n<div id=\"attachment_115843\" style=\"width: 609px\" class=\"wp-caption aligncenter\"><a href=\"https:\/\/senoticias.com.br\/se\/wp-content\/uploads\/2018\/10\/centrotransicao-e1540817188455.jpeg\"><img loading=\"lazy\" decoding=\"async\" aria-describedby=\"caption-attachment-115843\" class=\"size-full wp-image-115843\" src=\"https:\/\/senoticias.com.br\/se\/wp-content\/uploads\/2018\/10\/centrotransicao-e1540817188455.jpeg\" alt=\"\" width=\"599\" height=\"449\" \/><\/a><p id=\"caption-attachment-115843\" class=\"wp-caption-text\">Fachada do Centro Cultural Banco do Brasil, em Bras\u00edlia, onde funcionar\u00e1 o gabinete de transi\u00e7\u00e3o do futuro governo. (Foto: Divulga\u00e7\u00e3o)<\/p><\/div>\n<p style=\"text-align: justify;\">O n\u00famero de cargos em comiss\u00e3o dispon\u00edveis para o presidente eleito e o momento da indica\u00e7\u00e3o est\u00e3o previstos na lei 10.609\/2002, que trata do processo de transi\u00e7\u00e3o de um governo para outro, junto com o decreto 7.221\/2010.<\/p>\n<p style=\"text-align: justify;\">Conforme a legisla\u00e7\u00e3o, a equipe de transi\u00e7\u00e3o tem o objetivo de garantir o acesso a dados, documentos e informa\u00e7\u00f5es do governo federal para que a futura gest\u00e3o possa: tomar conhecimento do funcionamento dos \u00f3rg\u00e3os e entidades da administra\u00e7\u00e3o p\u00fablica federal; receber informa\u00e7\u00f5es sobre as contas p\u00fablicas; receber informa\u00e7\u00f5es sobre implementa\u00e7\u00e3o, acompanhamento e resultados dos programas do governo federal; preparar os atos que o novo presidente tomar\u00e1 ap\u00f3s a posse.<\/p>\n<p style=\"text-align: justify;\"><strong>Cargos em sete n\u00edveis<\/strong><\/p>\n<p style=\"text-align: justify;\">Segundo a Casa Civil, os 50 cargos especiais de transi\u00e7\u00e3o governamental s\u00e3o de livre nomea\u00e7\u00e3o, ou seja, n\u00e3o precisar\u00e3o ser ocupados por servidores de carreira. De acordo com lei, os cargos ser\u00e3o extintos em janeiro, 10 dias ap\u00f3s a posse.<\/p>\n<p style=\"text-align: justify;\">Jair Bolsonaro tamb\u00e9m poder\u00e1, segundo a Casa Civil, requisitar servidores federais que seriam cedidos para a equipe de transi\u00e7\u00e3o sem ocupar os cargos especiais. O presidente do PSL, Gustavo Bebianno, afirmou em entrevistas que a equipe de Bolsonaro ter\u00e1 52 pessoas.<\/p>\n<p style=\"text-align: justify;\">A legisla\u00e7\u00e3o ainda prev\u00ea que a equipe de transi\u00e7\u00e3o tenha um coordenador indicado pelo futuro presidente, que poder\u00e1 ser nomeado ministro extraordin\u00e1rio por Temer, caso o escolhido seja deputado federal ou senador \u2013 o deputado Onyx Lorenzoni (DEM-RS) deve assumir a fun\u00e7\u00e3o.<\/p>\n<p>Cargos e sal\u00e1rios na transi\u00e7\u00e3o de governo<\/p>\n<p>Cargo Sal\u00e1rio N\u00ba de servidores<br \/>\nCETG VII R$ 16.581,49 1<br \/>\nCETG VI R$ 16.215,22 4<br \/>\nCETG V R$ 13.036,74 10<br \/>\nCETG IV R$ 9.926,60 25<br \/>\nCETG III R$ 5.440,72 2<br \/>\nCETG II R$ 5.440,72 3<br \/>\nCETG I R$ 2.585,13 5<\/p>\n<p><strong>Transi\u00e7\u00e3o<\/strong><\/p>\n<p style=\"text-align: justify;\">Neste domingo (28), ap\u00f3s votar em S\u00e3o Paulo, o presidente Michel Temer disse que a transi\u00e7\u00e3o est\u00e1 praticamente toda organizada e j\u00e1 deve come\u00e7ar nesta segunda-feira (29).<\/p>\n<p style=\"text-align: justify;\">&#8220;Vamos come\u00e7ar a transi\u00e7\u00e3o logo, prontamente amanh\u00e3, e faremos uma transi\u00e7\u00e3o muito tranquila, muito sossegada. J\u00e1 est\u00e1 praticamente organizada em rela\u00e7\u00e3o a todos os setores do governo, os t\u00f3picos da transi\u00e7\u00e3o. De modo que a equipe do eleito, quando contatar j\u00e1 praticamente recebe todos os dados do atual governo, daquilo que foi feito e daquilo que ainda precisa ser feito&#8221;, explicou o presidente da Rep\u00fablica.<\/p>\n<p>Pelo lado do atual governo, Temer centralizou a coordena\u00e7\u00e3o dos trabalhos no ministro da Casa Civil, Eliseu Padilha, respons\u00e1vel pela interlocu\u00e7\u00e3o com a equipe de Bolsonaro.<\/p>\n<p>Temer j\u00e1 havia falado sobre a transi\u00e7\u00e3o na \u00faltima semana em v\u00eddeo publicado no Twitter.<\/p>\n<p style=\"text-align: justify;\">A gest\u00e3o de Temer trabalhou na montagem de uma esp\u00e9cie de \u201clivro de transi\u00e7\u00e3o\u201d, que ser\u00e1 entregue a Bolsonaro e seus assessores.<\/p>\n<p style=\"text-align: justify;\">A equipe do presidente eleito ter\u00e1 acesso a um sistema digital chamado \u201cGoverna\u201d, com informa\u00e7\u00f5es sobre legisla\u00e7\u00e3o, n\u00fameros de servidores, contas p\u00fablicas e a\u00e7\u00f5es realizadas pelo governo federal.<\/p>\n<p style=\"text-align: justify;\">A futura administra\u00e7\u00e3o ainda receber\u00e1 sugest\u00f5es de medidas para 2019. Conforme o blog de Jo\u00e3o Borges, do G1, o livro de transi\u00e7\u00e3o do Minist\u00e9rio da Fazenda faz uma radiografia completa das contas p\u00fablicas e aponta a necessidade da reforma da Previd\u00eancia e do cumprimento do teto dos gastos.<\/p>\n<p style=\"text-align: justify;\"><strong>Equipe de transi\u00e7\u00e3o em Bras\u00edlia<br \/>\n<\/strong><br \/>\nA equipe de Jair Bolsonaro ter\u00e1 um espa\u00e7o de trabalho pr\u00f3prio em Bras\u00edlia durante a transi\u00e7\u00e3o. O gabinete funcionar\u00e1 em uma ala do Centro Cultural Banco do Brasil (CCBB), a cerca de 6,5 km do Pal\u00e1cio do Planalto.<\/p>\n<p style=\"text-align: justify;\">Segundo a Secretaria-Geral da Presid\u00eancia, respons\u00e1vel pela log\u00edstica do local, esta ser\u00e1 a terceira vez que o CCBB receber\u00e1 uma equipe de transi\u00e7\u00e3o presidencial.<\/p>\n<p style=\"text-align: justify;\">O centro destinado ao novo governo foi montado com gabinete para o presidente eleito, mais de 20 salas, espa\u00e7o para reuni\u00f5es e para coletivas de imprensa. O local tem capacidade para receber de imediato 250 pessoas.<\/p>\n<p style=\"text-align: justify;\">O centro da transi\u00e7\u00e3o passou por reforma recente, realizada pelo Banco do Brasil, que tamb\u00e9m forneceu a mob\u00edlia. O espa\u00e7o ser\u00e1 utilizado pelo banco ap\u00f3s a posse do novo governo.<\/p>\n<p>&nbsp;<\/p>\n<p><a href=\"https:\/\/senoticias.com.br\/se\/wp-content\/uploads\/2018\/10\/Logomarca-fone-SE-4-2-1-1-1-1-1.jpg\"><img loading=\"lazy\" decoding=\"async\" class=\"aligncenter size-full wp-image-115835\" src=\"https:\/\/senoticias.com.br\/se\/wp-content\/uploads\/2018\/10\/Logomarca-fone-SE-4-2-1-1-1-1-1.jpg\" alt=\"\" width=\"599\" height=\"78\" srcset=\"https:\/\/senoticias.com.br\/se\/wp-content\/uploads\/2018\/10\/Logomarca-fone-SE-4-2-1-1-1-1-1.jpg 599w, https:\/\/senoticias.com.br\/se\/wp-content\/uploads\/2018\/10\/Logomarca-fone-SE-4-2-1-1-1-1-1-300x39.jpg 300w\" sizes=\"(max-width: 599px) 100vw, 599px\" \/><\/a><\/p>\n<p>&nbsp;<\/p>\n<p><em><strong>Acompanhe o SE Not\u00edcias no<\/strong><span class=\"apple-converted-space\"><b>\u00a0<\/b><\/span><a href=\"https:\/\/twitter.com\/Senoticias\" target=\"_blank\" rel=\"noopener\"><b>Twitter<\/b><\/a><strong>,<\/strong><span class=\"apple-converted-space\"><b>\u00a0<\/b><\/span><a href=\"https:\/\/www.facebook.com\/senoticias1\" target=\"_blank\" rel=\"noopener\"><b>Facebook<\/b><span class=\"apple-converted-space\"><b>\u00a0<\/b><\/span><\/a><strong>e no<\/strong><span class=\"apple-converted-space\"><b>\u00a0<\/b><\/span><a href=\"https:\/\/www.instagram.com\/senoticias\/\" target=\"_blank\" rel=\"noopener\"><b>Instagram<\/b><\/a><\/em><\/p>\n<p><em>Por Guilherme Mazui e Roniara Castilhos, <a href=\"https:\/\/g1.globo.com\/politica\/eleicoes\/2018\/noticia\/2018\/10\/28\/bolsonaro-podera-indicar-ate-50-integrantes-para-equipe-de-transicao-de-governo.ghtml\"><strong>G1 e TV Globo<\/strong><\/a> \u2014 Bras\u00edlia<\/em><\/p>\n","protected":false},"excerpt":{"rendered":"<p>Eleito neste domingo (28) presidente da Rep\u00fablica, Jair Bolsonaro (PSL) poder\u00e1 indicar at\u00e9 50 pessoas para cargos tempor\u00e1rios na equipe que far\u00e1 a transi\u00e7\u00e3o de governo. Bolsonaro derrotou Fernando Haddad (PT) no segundo turno da elei\u00e7\u00e3o presidencial e, em 1\u00ba de janeiro de 2019, assumir\u00e1 o governo no lugar de Michel Temer. O n\u00famero de [&hellip;]<\/p>\n","protected":false},"author":6552,"featured_media":115843,"comment_status":"closed","ping_status":"closed","sticky":false,"template":"","format":"standard","meta":{"footnotes":""},"categories":[15,2961],"tags":[3272,11037,10619,6189,10059,8624],"class_list":{"0":"post-115842","1":"post","2":"type-post","3":"status-publish","4":"format-standard","5":"has-post-thumbnail","7":"category-destaques","8":"category-nacional","9":"tag-bolsonaro","10":"tag-eleicao-2018","11":"tag-fernando-haddad","12":"tag-jair-bolsonaro","13":"tag-psl","14":"tag-se-noticias"},"_links":{"self":[{"href":"https:\/\/senoticias.com.br\/se\/wp-json\/wp\/v2\/posts\/115842"}],"collection":[{"href":"https:\/\/senoticias.com.br\/se\/wp-json\/wp\/v2\/posts"}],"about":[{"href":"https:\/\/senoticias.com.br\/se\/wp-json\/wp\/v2\/types\/post"}],"author":[{"embeddable":true,"href":"https:\/\/senoticias.com.br\/se\/wp-json\/wp\/v2\/users\/6552"}],"replies":[{"embeddable":true,"href":"https:\/\/senoticias.com.br\/se\/wp-json\/wp\/v2\/comments?post=115842"}],"version-history":[{"count":0,"href":"https:\/\/senoticias.com.br\/se\/wp-json\/wp\/v2\/posts\/115842\/revisions"}],"wp:featuredmedia":[{"embeddable":true,"href":"https:\/\/senoticias.com.br\/se\/wp-json\/wp\/v2\/media\/115843"}],"wp:attachment":[{"href":"https:\/\/senoticias.com.br\/se\/wp-json\/wp\/v2\/media?parent=115842"}],"wp:term":[{"taxonomy":"category","embeddable":true,"href":"https:\/\/senoticias.com.br\/se\/wp-json\/wp\/v2\/categories?post=115842"},{"taxonomy":"post_tag","embeddable":true,"href":"https:\/\/senoticias.com.br\/se\/wp-json\/wp\/v2\/tags?post=115842"}],"curies":[{"name":"wp","href":"https:\/\/api.w.org\/{rel}","templated":true}]}}