{"id":115832,"date":"2018-10-28T19:29:54","date_gmt":"2018-10-28T22:29:54","guid":{"rendered":"https:\/\/senoticias.com.br\/se\/?p=115832"},"modified":"2018-10-28T19:30:35","modified_gmt":"2018-10-28T22:30:35","slug":"belivaldo-chagas-e-reeleito-governador-de-sergipe","status":"publish","type":"post","link":"https:\/\/senoticias.com.br\/se\/belivaldo-chagas-e-reeleito-governador-de-sergipe\/","title":{"rendered":"Belivaldo Chagas do PSD \u00e9 eleito governador de Sergipe"},"content":{"rendered":"<p style=\"text-align: justify;\">O candidato Belivaldo Chagas do PSD foi eleito governador de Sergipe ap\u00f3s vencer a disputa do 2\u00ba turno das elei\u00e7\u00f5es contra Valadares Filho do PSB, neste domingo (28).<\/p>\n<div id=\"attachment_115838\" style=\"width: 609px\" class=\"wp-caption aligncenter\"><a href=\"https:\/\/senoticias.com.br\/se\/wp-content\/uploads\/2018\/10\/38542104_1017700165066416_426069010690342912_n-2-e1540765451745.jpg\"><img loading=\"lazy\" decoding=\"async\" aria-describedby=\"caption-attachment-115838\" class=\"size-full wp-image-115838\" src=\"https:\/\/senoticias.com.br\/se\/wp-content\/uploads\/2018\/10\/38542104_1017700165066416_426069010690342912_n-2-e1540765451745.jpg\" alt=\"\" width=\"599\" height=\"399\" \/><\/a><p id=\"caption-attachment-115838\" class=\"wp-caption-text\">Belivaldo disputou o 2\u00ba turno com Valadares Filho do PSB. (Foto: divulga\u00e7\u00e3o\/campanha)<\/p><\/div>\n<p style=\"text-align: justify;\">O resultado foi confirmado pelo sistema do Tribunal Superior Eleitoral (TSE) \u00e0s 19h26, quando 99,48% das urnas j\u00e1 estavam apuradas.<\/p>\n<p style=\"text-align: justify;\">\u00c0s 19h26, com 99,48% das urnas apuradas, Belivaldo somava 677.556 votos &#8211; o equivalente a 64,73% dos votos v\u00e1lidos. Valadares tinha 369.164, ou 35,27% do total.<\/p>\n<div class=\"mc-column content-text active-extra-styles\" data-block-type=\"raw\" data-block-weight=\"1\" data-block-id=\"6\">\n<div class=\"content-intertitle\">\n<h2>Biografia<\/h2>\n<\/div>\n<\/div>\n<div class=\"mc-column content-text active-extra-styles \" data-block-type=\"unstyled\" data-block-weight=\"81\" data-block-id=\"7\">\n<p class=\"content-text__container \" style=\"text-align: justify;\" data-track-category=\"Link no Texto\" data-track-links=\"\">Nascido no 10 de abril de 1960, na cidade de Sim\u00e3o Dias, Belivaldo Chagas, 58, \u00e9 governador do estado, defensor p\u00fablico aposentado e exerceu o cargo de vice-governador do estado por dois mandatos. No dia 07 de abril deste ano, tomou posse como governador de Sergipe, ap\u00f3s Jackson Barreto (MDB) deixar o cargo para concorrer ao senado. Belivaldo tamb\u00e9m foi deputado estadual por quatro legislaturas e ocupou o cargo de secret\u00e1rio da Casa Civil e da Educa\u00e7\u00e3o, entre outras fun\u00e7\u00f5es p\u00fablicas.<\/p>\n<\/div>\n<div class=\"mc-column content-text active-extra-styles\" data-block-type=\"raw\" data-block-weight=\"1\" data-block-id=\"8\">\n<div class=\"content-intertitle\">\n<h2>Campanha<\/h2>\n<\/div>\n<\/div>\n<div class=\"mc-column content-text active-extra-styles \" data-block-type=\"unstyled\" data-block-weight=\"66\" data-block-id=\"9\">\n<p class=\"content-text__container \" style=\"text-align: justify;\" data-track-category=\"Link no Texto\" data-track-links=\"\">Durante a campanha eleitoral o candidato do PSD e atual governado do estado, Belivaldo teve duros embates contra o seu opositor Valadares Filho do PSB. O mais recente foi durante o segundo debate da TV Sergipe, realizado no dia 25 de outubro, quando ele foi questionado por Valadares sobre ter feito uma alian\u00e7a com os candidatos ao senado derrotados, Andr\u00e9 Moura (PSC) e Jackson Barreto (MDB).<\/p>\n<\/div>\n<div class=\"mc-column content-text active-extra-styles \" data-block-type=\"unstyled\" data-block-weight=\"84\" data-block-id=\"10\">\n<p class=\"content-text__container \" style=\"text-align: justify;\" data-track-category=\"Link no Texto\" data-track-links=\"\">Na ocasi\u00e3o, ele rebateu dizendo que Valadares \u00e9 quem escondia seus aliados citando o ex-prefeito de Aracaju, Jo\u00e3o Alves (DEM) e a senadora Maria do Carmo (DEM), al\u00e9m de Andr\u00e9 Moura e o candidato ao governo derrotado, Eduardo Amorim (PSDB) como poss\u00edveis aliados dele. O que foi rebatido pelo candidato do PSB, que afirmou que Belivaldo faltava com a verdade ap\u00f3s citar que o pai de Andr\u00e9 Moura teria divulgado em nota p\u00fablica sobre o apoio de Andr\u00e9 \u00e0 candidatura do candidato do PSD.<\/p>\n<div class=\"mc-column content-text active-extra-styles \" style=\"text-align: justify;\" data-block-type=\"unstyled\" data-block-weight=\"58\" data-block-id=\"12\">\n<p class=\"content-text__container \" data-track-category=\"Link no Texto\" data-track-links=\"\">Em sua fala Valadares disse ainda, que Belivaldo n\u00e3o mudou nenhuma secretaria do governador Jackson por ter uma alian\u00e7a administrativa com ele. E foi rebatido por Belivaldo que o lembrou do tempo em que ele tinha Jackson lhe apoiando. E convidou o advers\u00e1rio a debater propostas de governo e n\u00e3o a ficar preso aos nomes de poss\u00edveis apoiadores.<\/p>\n<\/div>\n<div class=\"mc-column content-text active-extra-styles\" style=\"text-align: justify;\" data-block-type=\"raw\" data-block-weight=\"1\" data-block-id=\"13\">\n<div class=\"content-intertitle\">\n<h2>Propostas<\/h2>\n<\/div>\n<\/div>\n<div class=\"mc-column content-text active-extra-styles \" data-block-type=\"unstyled\" data-block-weight=\"28\" data-block-id=\"14\">\n<p class=\"content-text__container \" style=\"text-align: justify;\" data-track-category=\"Link no Texto\" data-track-links=\"\">Em um levantamento especial realizado pelo G1 Belivaldo Chagas respondeu a temas importantes relacionados \u00e0 vida dos sergipanos, sobre habita\u00e7\u00e3o, sa\u00fade, seguran\u00e7a p\u00fablica, pagamento dos servidores e educa\u00e7\u00e3o.<\/p>\n<\/div>\n<div class=\"mc-column content-text active-extra-styles \" data-block-type=\"unstyled\" data-block-weight=\"63\" data-block-id=\"15\">\n<p class=\"content-text__container \" style=\"text-align: justify;\" data-track-category=\"Link no Texto\" data-track-links=\"\">Ele disse que pretende construir unidades habitacionais, fortalecer a rede regional de hospitais, aumentar as pol\u00edticas de reinser\u00e7\u00e3o social dos presos e elaborar um or\u00e7amento mais racional para o pagamento da folha de servidores. Al\u00e9m de integrar um sistema de c\u00e2meras para auxiliar a fiscaliza\u00e7\u00e3o nas divisas do estado para evitar a entrada de drogas e armas. E valorizar os profissionais de educa\u00e7\u00e3o.<\/p>\n<\/div>\n<\/div>\n<p><a href=\"https:\/\/senoticias.com.br\/se\/wp-content\/uploads\/2018\/10\/Logomarca-fone-SE-4-2-1-1-1-1-1.jpg\"><img loading=\"lazy\" decoding=\"async\" class=\"aligncenter size-full wp-image-115835\" src=\"https:\/\/senoticias.com.br\/se\/wp-content\/uploads\/2018\/10\/Logomarca-fone-SE-4-2-1-1-1-1-1.jpg\" alt=\"\" width=\"599\" height=\"78\" srcset=\"https:\/\/senoticias.com.br\/se\/wp-content\/uploads\/2018\/10\/Logomarca-fone-SE-4-2-1-1-1-1-1.jpg 599w, https:\/\/senoticias.com.br\/se\/wp-content\/uploads\/2018\/10\/Logomarca-fone-SE-4-2-1-1-1-1-1-300x39.jpg 300w\" sizes=\"(max-width: 599px) 100vw, 599px\" \/><\/a><\/p>\n<p>&nbsp;<\/p>\n<p><em><strong>Acompanhe o SE Not\u00edcias no<\/strong><span class=\"apple-converted-space\"><b>\u00a0<\/b><\/span><a href=\"https:\/\/twitter.com\/Senoticias\" target=\"_blank\" rel=\"noopener\"><b>Twitter<\/b><\/a><strong>,<\/strong><span class=\"apple-converted-space\"><b>\u00a0<\/b><\/span><a href=\"https:\/\/www.facebook.com\/senoticias1\" target=\"_blank\" rel=\"noopener\"><b>Facebook<\/b><span class=\"apple-converted-space\"><b>\u00a0<\/b><\/span><\/a><strong>e no<\/strong><span class=\"apple-converted-space\"><b>\u00a0<\/b><\/span><a href=\"https:\/\/www.instagram.com\/senoticias\/\" target=\"_blank\" rel=\"noopener\"><b>Instagram<\/b><\/a><\/em><\/p>\n<p><em><strong>por\u00a0<a href=\"https:\/\/g1.globo.com\/se\/sergipe\/eleicoes\/2018\/noticia\/2018\/10\/28\/belivaldo-chagas-do-psd-e-eleito-governador-de-sergipe.ghtml\">G1<\/a> SE<\/strong><\/em><\/p>\n","protected":false},"excerpt":{"rendered":"<p>O candidato Belivaldo Chagas do PSD foi eleito governador de Sergipe ap\u00f3s vencer a disputa do 2\u00ba turno das elei\u00e7\u00f5es contra Valadares Filho do PSB, neste domingo (28). O resultado foi confirmado pelo sistema do Tribunal Superior Eleitoral (TSE) \u00e0s 19h26, quando 99,48% das urnas j\u00e1 estavam apuradas. \u00c0s 19h26, com 99,48% das urnas apuradas, [&hellip;]<\/p>\n","protected":false},"author":6552,"featured_media":115838,"comment_status":"closed","ping_status":"closed","sticky":false,"template":"","format":"standard","meta":{"footnotes":""},"categories":[15,6],"tags":[2806,11036,2720],"class_list":{"0":"post-115832","1":"post","2":"type-post","3":"status-publish","4":"format-standard","5":"has-post-thumbnail","7":"category-destaques","8":"category-politica","9":"tag-belivaldo-chagas","10":"tag-belivaldo-reeleito-governador","11":"tag-eleicoes-2018"},"_links":{"self":[{"href":"https:\/\/senoticias.com.br\/se\/wp-json\/wp\/v2\/posts\/115832"}],"collection":[{"href":"https:\/\/senoticias.com.br\/se\/wp-json\/wp\/v2\/posts"}],"about":[{"href":"https:\/\/senoticias.com.br\/se\/wp-json\/wp\/v2\/types\/post"}],"author":[{"embeddable":true,"href":"https:\/\/senoticias.com.br\/se\/wp-json\/wp\/v2\/users\/6552"}],"replies":[{"embeddable":true,"href":"https:\/\/senoticias.com.br\/se\/wp-json\/wp\/v2\/comments?post=115832"}],"version-history":[{"count":0,"href":"https:\/\/senoticias.com.br\/se\/wp-json\/wp\/v2\/posts\/115832\/revisions"}],"wp:featuredmedia":[{"embeddable":true,"href":"https:\/\/senoticias.com.br\/se\/wp-json\/wp\/v2\/media\/115838"}],"wp:attachment":[{"href":"https:\/\/senoticias.com.br\/se\/wp-json\/wp\/v2\/media?parent=115832"}],"wp:term":[{"taxonomy":"category","embeddable":true,"href":"https:\/\/senoticias.com.br\/se\/wp-json\/wp\/v2\/categories?post=115832"},{"taxonomy":"post_tag","embeddable":true,"href":"https:\/\/senoticias.com.br\/se\/wp-json\/wp\/v2\/tags?post=115832"}],"curies":[{"name":"wp","href":"https:\/\/api.w.org\/{rel}","templated":true}]}}