{"id":115827,"date":"2018-10-26T16:29:07","date_gmt":"2018-10-26T19:29:07","guid":{"rendered":"https:\/\/senoticias.com.br\/se\/?p=115827"},"modified":"2018-10-26T16:29:07","modified_gmt":"2018-10-26T19:29:07","slug":"aracaju-tera-12-onibus-a-mais-neste-domingo-de-eleicao","status":"publish","type":"post","link":"https:\/\/senoticias.com.br\/se\/aracaju-tera-12-onibus-a-mais-neste-domingo-de-eleicao\/","title":{"rendered":"Aracaju ter\u00e1 12 \u00f4nibus a mais neste domingo de elei\u00e7\u00e3o"},"content":{"rendered":"<div><span style=\"color: #000000\">A Superintend\u00eancia Municipal de Transporte e Tr\u00e2nsito de Aracaju (SMTT) definiu o esquema de atua\u00e7\u00e3o para o pr\u00f3ximo domingo, 28, quando ocorrer\u00e1 o segundo turno das elei\u00e7\u00f5es. Da sede do Tribunal Regional Eleitoral (TRE\/SE), equipes da autarquia v\u00e3o monitorar o fluxo de ve\u00edculos da regi\u00e3o das 6h \u00e0s 23h, quando a apura\u00e7\u00e3o dos votos deve ser conclu\u00edda. Ap\u00f3s o encerramento da vota\u00e7\u00e3o, agentes de tr\u00e2nsito estar\u00e3o de prontid\u00e3o para organizar o fluxo de ve\u00edculos em poss\u00edveis pontos de manifesta\u00e7\u00e3o popular ap\u00f3s a contagem dos votos.<\/span><\/div>\n<div><\/div>\n<div><\/div>\n<div>\n<div id=\"attachment_115828\" style=\"width: 609px\" class=\"wp-caption aligncenter\"><a href=\"https:\/\/senoticias.com.br\/se\/wp-content\/uploads\/2018\/10\/WhatsApp-Image-2018-10-26-at-16.12.08.jpeg\"><img loading=\"lazy\" decoding=\"async\" aria-describedby=\"caption-attachment-115828\" class=\"wp-image-115828 size-full\" src=\"https:\/\/senoticias.com.br\/se\/wp-content\/uploads\/2018\/10\/WhatsApp-Image-2018-10-26-at-16.12.08-e1540582009329.jpeg\" alt=\"\" width=\"599\" height=\"399\" \/><\/a><p id=\"caption-attachment-115828\" class=\"wp-caption-text\">Foto: Marco Vieira\/PMA<\/p><\/div>\n<\/div>\n<div><\/div>\n<div><\/div>\n<div><span style=\"color: #000000\">De acordo com o coordenador de Tr\u00e2nsito da SMTT, major Alexandre Cardoso, o esquema de trabalho foi definido para garantir maior seguran\u00e7a no tr\u00e2nsito de Aracaju durante o dia. \u201c\u00c9 um domingo at\u00edpico, com muito mais pessoas e carros circulando pela cidade, e precisamos fazer nosso papel para dar maior mobilidade \u00e0s pessoas e prevenir acidentes\u201d, disse.<\/span><\/div>\n<div><\/div>\n<div><span style=\"color: #000000\">A opera\u00e7\u00e3o envolve n\u00e3o s\u00f3 o trabalho de fiscaliza\u00e7\u00e3o e organiza\u00e7\u00e3o do tr\u00e2nsito, mas tamb\u00e9m o refor\u00e7o da frota de \u00f4nibus nesse dia com um refor\u00e7o de 12 ve\u00edculos. O planejamento contempla todos os terminais de integra\u00e7\u00e3o de Aracaju e tamb\u00e9m da regi\u00e3o metropolitana.<\/span><\/div>\n<div><\/div>\n<div><span style=\"color: #000000\">A popula\u00e7\u00e3o pode contribuir com o trabalho da SMTT informando situa\u00e7\u00f5es de infra\u00e7\u00e3o de tr\u00e2nsito ou que demandem a presen\u00e7a do \u00f3rg\u00e3o, atrav\u00e9s do Disque Tr\u00e2nsito (118).<\/span><\/div>\n<p>&nbsp;<\/p>\n<p><a href=\"https:\/\/senoticias.com.br\/se\/wp-content\/uploads\/2018\/10\/Logomarca-fone-SE-4-2-1-1-1-1.jpg\"><img loading=\"lazy\" decoding=\"async\" class=\"aligncenter wp-image-115752 size-full\" src=\"https:\/\/senoticias.com.br\/se\/wp-content\/uploads\/2018\/10\/Logomarca-fone-SE-4-2-1-1-1-1.jpg\" alt=\"\" width=\"599\" height=\"78\" srcset=\"https:\/\/senoticias.com.br\/se\/wp-content\/uploads\/2018\/10\/Logomarca-fone-SE-4-2-1-1-1-1.jpg 599w, https:\/\/senoticias.com.br\/se\/wp-content\/uploads\/2018\/10\/Logomarca-fone-SE-4-2-1-1-1-1-300x39.jpg 300w\" sizes=\"(max-width: 599px) 100vw, 599px\" \/><\/a><\/p>\n<p>Da Ascom SMTT<\/p>\n","protected":false},"excerpt":{"rendered":"<p>A Superintend\u00eancia Municipal de Transporte e Tr\u00e2nsito de Aracaju (SMTT) definiu o esquema de atua\u00e7\u00e3o para o pr\u00f3ximo domingo, 28, quando ocorrer\u00e1 o segundo turno das elei\u00e7\u00f5es. Da sede do Tribunal Regional Eleitoral (TRE\/SE), equipes da autarquia v\u00e3o monitorar o fluxo de ve\u00edculos da regi\u00e3o das 6h \u00e0s 23h, quando a apura\u00e7\u00e3o dos votos deve [&hellip;]<\/p>\n","protected":false},"author":6553,"featured_media":0,"comment_status":"closed","ping_status":"closed","sticky":false,"template":"","format":"standard","meta":{"footnotes":""},"categories":[15,38],"tags":[339,638,7833,2875,3522,223,2979],"class_list":{"0":"post-115827","1":"post","2":"type-post","3":"status-publish","4":"format-standard","6":"category-destaques","7":"category-municipios","8":"tag-aracaju","9":"tag-eleicoes","10":"tag-frota","11":"tag-onibus","12":"tag-reforco","13":"tag-sergipe","14":"tag-smtt"},"_links":{"self":[{"href":"https:\/\/senoticias.com.br\/se\/wp-json\/wp\/v2\/posts\/115827"}],"collection":[{"href":"https:\/\/senoticias.com.br\/se\/wp-json\/wp\/v2\/posts"}],"about":[{"href":"https:\/\/senoticias.com.br\/se\/wp-json\/wp\/v2\/types\/post"}],"author":[{"embeddable":true,"href":"https:\/\/senoticias.com.br\/se\/wp-json\/wp\/v2\/users\/6553"}],"replies":[{"embeddable":true,"href":"https:\/\/senoticias.com.br\/se\/wp-json\/wp\/v2\/comments?post=115827"}],"version-history":[{"count":0,"href":"https:\/\/senoticias.com.br\/se\/wp-json\/wp\/v2\/posts\/115827\/revisions"}],"wp:attachment":[{"href":"https:\/\/senoticias.com.br\/se\/wp-json\/wp\/v2\/media?parent=115827"}],"wp:term":[{"taxonomy":"category","embeddable":true,"href":"https:\/\/senoticias.com.br\/se\/wp-json\/wp\/v2\/categories?post=115827"},{"taxonomy":"post_tag","embeddable":true,"href":"https:\/\/senoticias.com.br\/se\/wp-json\/wp\/v2\/tags?post=115827"}],"curies":[{"name":"wp","href":"https:\/\/api.w.org\/{rel}","templated":true}]}}