{"id":115814,"date":"2018-10-26T13:00:03","date_gmt":"2018-10-26T16:00:03","guid":{"rendered":"https:\/\/senoticias.com.br\/se\/?p=115814"},"modified":"2018-10-26T13:00:03","modified_gmt":"2018-10-26T16:00:03","slug":"governo-de-sergipe-inicia-pagamento-de-servidores-dia-31","status":"publish","type":"post","link":"https:\/\/senoticias.com.br\/se\/governo-de-sergipe-inicia-pagamento-de-servidores-dia-31\/","title":{"rendered":"Governo de Sergipe inicia pagamento de servidores dia 31"},"content":{"rendered":"<p style=\"text-align: justify;\">O governo do Estado inicia o pagamento de servidores estaduais referente ao sal\u00e1rio do m\u00eas de outubro na pr\u00f3xima quarta-feira, 31, quando recebem integralmente os servidores da Educa\u00e7\u00e3o &#8211; magist\u00e9rio e administrativos lotados em escolas &#8211; Segrase, Agrese, Ipesa\u00fade e Sergipeprevid\u00eancia.<\/p>\n<div id=\"attachment_81277\" style=\"width: 608px\" class=\"wp-caption aligncenter\"><a href=\"https:\/\/senoticias.com.br\/se\/wp-content\/uploads\/2015\/06\/cms-image-000348333-e1440424419638.jpg\"><img loading=\"lazy\" decoding=\"async\" aria-describedby=\"caption-attachment-81277\" class=\"size-full wp-image-81277\" src=\"https:\/\/senoticias.com.br\/se\/wp-content\/uploads\/2015\/06\/cms-image-000348333-e1440424419638.jpg\" alt=\"\" width=\"598\" height=\"351\" \/><\/a><p id=\"caption-attachment-81277\" class=\"wp-caption-text\">Recebem nessa data, todos os servidores ativos, aposentados e pensionistas, que recebem at\u00e9 R$ 3 mil. (Foto: arquivo\/Ag\u00eancia Brasil)<\/p><\/div>\n<p style=\"text-align: justify;\">Tamb\u00e9m ser\u00e3o pagos nessa data, todos os servidores ativos, aposentados e pensionistas, que recebem at\u00e9 R$ 3 mil, o que corresponde a 70% do funcionalismo p\u00fablico.<\/p>\n<p style=\"text-align: justify;\">Todos os demais servidores ativos, aposentados e pensionistas que recebem acima desse valor (R$ 3 mil), receber\u00e3o na \u00edntegra no dia 10.<\/p>\n<p>&nbsp;<\/p>\n<p><a href=\"https:\/\/senoticias.com.br\/se\/wp-content\/uploads\/2018\/10\/Logomarca-fone-SE-4-2-1-1-1-1.jpg\"><img loading=\"lazy\" decoding=\"async\" class=\"aligncenter size-full wp-image-115752\" src=\"https:\/\/senoticias.com.br\/se\/wp-content\/uploads\/2018\/10\/Logomarca-fone-SE-4-2-1-1-1-1.jpg\" alt=\"\" width=\"599\" height=\"78\" srcset=\"https:\/\/senoticias.com.br\/se\/wp-content\/uploads\/2018\/10\/Logomarca-fone-SE-4-2-1-1-1-1.jpg 599w, https:\/\/senoticias.com.br\/se\/wp-content\/uploads\/2018\/10\/Logomarca-fone-SE-4-2-1-1-1-1-300x39.jpg 300w\" sizes=\"(max-width: 599px) 100vw, 599px\" \/><\/a><\/p>\n<p>&nbsp;<\/p>\n<p><em><strong>Acompanhe o SE Not\u00edcias no<\/strong><span class=\"apple-converted-space\"><b>\u00a0<\/b><\/span><a href=\"https:\/\/twitter.com\/Senoticias\" target=\"_blank\" rel=\"noopener\"><b>Twitter<\/b><\/a><strong>,<\/strong><span class=\"apple-converted-space\"><b>\u00a0<\/b><\/span><a href=\"https:\/\/www.facebook.com\/senoticias1\" target=\"_blank\" rel=\"noopener\"><b>Facebook<\/b><span class=\"apple-converted-space\"><b>\u00a0<\/b><\/span><\/a><strong>e no<\/strong><span class=\"apple-converted-space\"><b>\u00a0<\/b><\/span><a href=\"https:\/\/www.instagram.com\/senoticias\/\" target=\"_blank\" rel=\"noopener\"><b>Instagram<\/b><\/a><\/em><\/p>\n<p>&nbsp;<\/p>\n<p><em>Por Ag\u00eancia Sergipe de Not\u00edcias<\/em><\/p>\n","protected":false},"excerpt":{"rendered":"<p>O governo do Estado inicia o pagamento de servidores estaduais referente ao sal\u00e1rio do m\u00eas de outubro na pr\u00f3xima quarta-feira, 31, quando recebem integralmente os servidores da Educa\u00e7\u00e3o &#8211; magist\u00e9rio e administrativos lotados em escolas &#8211; Segrase, Agrese, Ipesa\u00fade e Sergipeprevid\u00eancia. Tamb\u00e9m ser\u00e3o pagos nessa data, todos os servidores ativos, aposentados e pensionistas, que recebem [&hellip;]<\/p>\n","protected":false},"author":6552,"featured_media":104507,"comment_status":"closed","ping_status":"closed","sticky":false,"template":"","format":"standard","meta":{"footnotes":""},"categories":[15,6],"tags":[448,6276,11030],"class_list":{"0":"post-115814","1":"post","2":"type-post","3":"status-publish","4":"format-standard","5":"has-post-thumbnail","7":"category-destaques","8":"category-politica","9":"tag-governo-de-sergipe","10":"tag-pagamento-dos-servidores","11":"tag-salario-de-outubro"},"_links":{"self":[{"href":"https:\/\/senoticias.com.br\/se\/wp-json\/wp\/v2\/posts\/115814"}],"collection":[{"href":"https:\/\/senoticias.com.br\/se\/wp-json\/wp\/v2\/posts"}],"about":[{"href":"https:\/\/senoticias.com.br\/se\/wp-json\/wp\/v2\/types\/post"}],"author":[{"embeddable":true,"href":"https:\/\/senoticias.com.br\/se\/wp-json\/wp\/v2\/users\/6552"}],"replies":[{"embeddable":true,"href":"https:\/\/senoticias.com.br\/se\/wp-json\/wp\/v2\/comments?post=115814"}],"version-history":[{"count":0,"href":"https:\/\/senoticias.com.br\/se\/wp-json\/wp\/v2\/posts\/115814\/revisions"}],"wp:featuredmedia":[{"embeddable":true,"href":"https:\/\/senoticias.com.br\/se\/wp-json\/wp\/v2\/media\/104507"}],"wp:attachment":[{"href":"https:\/\/senoticias.com.br\/se\/wp-json\/wp\/v2\/media?parent=115814"}],"wp:term":[{"taxonomy":"category","embeddable":true,"href":"https:\/\/senoticias.com.br\/se\/wp-json\/wp\/v2\/categories?post=115814"},{"taxonomy":"post_tag","embeddable":true,"href":"https:\/\/senoticias.com.br\/se\/wp-json\/wp\/v2\/tags?post=115814"}],"curies":[{"name":"wp","href":"https:\/\/api.w.org\/{rel}","templated":true}]}}