{"id":115772,"date":"2018-10-23T14:37:02","date_gmt":"2018-10-23T17:37:02","guid":{"rendered":"https:\/\/senoticias.com.br\/se\/?p=115772"},"modified":"2018-10-23T14:44:28","modified_gmt":"2018-10-23T17:44:28","slug":"correios-suspende-cobranca-emergencial-de-r-3-para-encomendas-destinadas-ao-rio","status":"publish","type":"post","link":"https:\/\/senoticias.com.br\/se\/correios-suspende-cobranca-emergencial-de-r-3-para-encomendas-destinadas-ao-rio\/","title":{"rendered":"Correios suspende cobran\u00e7a emergencial de R$ 3 para encomendas destinadas ao Rio"},"content":{"rendered":"<p><span style=\"color: #000000\">Os Correios anunciaram que a partir do dia 16 de novembro ser\u00e1 suspensa a cobran\u00e7a de R$ 3 pela entrega de encomendas no munic\u00edpio e na regi\u00e3o metropolitana do Rio de Janeiro. A not\u00edcia foi dada, em coletiva de imprensa, pelo presidente dos Correios, Carlos Fortner, ap\u00f3s reuni\u00e3o com o secret\u00e1rio de seguran\u00e7a do estado, Richard Nunes.<\/span><\/p>\n<div id=\"attachment_111396\" style=\"width: 609px\" class=\"wp-caption aligncenter\"><a href=\"https:\/\/senoticias.com.br\/se\/wp-content\/uploads\/2018\/03\/Correios-em-Greve-SE-Noticias-e1520797445537.jpg\"><img loading=\"lazy\" decoding=\"async\" aria-describedby=\"caption-attachment-111396\" class=\"wp-image-111396 size-full\" src=\"https:\/\/senoticias.com.br\/se\/wp-content\/uploads\/2018\/03\/Correios-em-Greve-SE-Noticias-e1520797445537.jpg\" alt=\"\" width=\"599\" height=\"399\" \/><\/a><p id=\"caption-attachment-111396\" class=\"wp-caption-text\">(Danilo Verpa\/Folhapress)<\/p><\/div>\n<p><span style=\"color: #000000\">Os Correios haviam come\u00e7ado a cobran\u00e7a em abril deste ano, em raz\u00e3o da situa\u00e7\u00e3o extrema de viol\u00eancia que impactava na seguran\u00e7a dos carteiros e dos objetos postais dos clientes e, consequentemente, nos custos da opera\u00e7\u00e3o da empresa. Cita-se como exemplo o aumento do pagamento de indeniza\u00e7\u00f5es e a necessidade de vigil\u00e2ncia e escolta armada.<\/span><\/p>\n<p><span style=\"color: #000000\">Na ocasi\u00e3o, foi anunciado que a cobran\u00e7a poderia ser suspensa caso os \u00edndices de criminalidade diminu\u00edssem e, desde ent\u00e3o, os Correios acompanham mensalmente os n\u00fameros apresentados pela Secretaria de Seguran\u00e7a do Rio de Janeiro.<\/span><\/p>\n<p><span style=\"color: #000000\">Segundo os Correios, ap\u00f3s oito meses de interven\u00e7\u00e3o federal, j\u00e1 se verifica que a regi\u00e3o apresenta uma redu\u00e7\u00e3o acentuada nos indicadores de criminalidade, o que levou \u00e0 decis\u00e3o dos Correios de suspender a cobran\u00e7a.<\/span><\/p>\n<p>&nbsp;<\/p>\n<p><a href=\"https:\/\/senoticias.com.br\/se\/wp-content\/uploads\/2018\/10\/Logomarca-fone-SE-4-2-1-1-1-1.jpg\"><img loading=\"lazy\" decoding=\"async\" class=\"aligncenter wp-image-115752 size-full\" src=\"https:\/\/senoticias.com.br\/se\/wp-content\/uploads\/2018\/10\/Logomarca-fone-SE-4-2-1-1-1-1.jpg\" alt=\"\" width=\"599\" height=\"78\" srcset=\"https:\/\/senoticias.com.br\/se\/wp-content\/uploads\/2018\/10\/Logomarca-fone-SE-4-2-1-1-1-1.jpg 599w, https:\/\/senoticias.com.br\/se\/wp-content\/uploads\/2018\/10\/Logomarca-fone-SE-4-2-1-1-1-1-300x39.jpg 300w\" sizes=\"(max-width: 599px) 100vw, 599px\" \/><\/a><\/p>\n<p><em><strong>Acompanhe o SE Not\u00edcias no<\/strong><span class=\"apple-converted-space\"><b>\u00a0<\/b><\/span><a href=\"https:\/\/twitter.com\/Senoticias\" target=\"_blank\" rel=\"noopener\"><b>Twitter<\/b><\/a><strong>,<\/strong><span class=\"apple-converted-space\"><b>\u00a0<\/b><\/span><a href=\"https:\/\/www.facebook.com\/senoticias1\" target=\"_blank\" rel=\"noopener\"><b>Facebook<\/b><span class=\"apple-converted-space\"><b>\u00a0<\/b><\/span><\/a><strong>e no<\/strong><span class=\"apple-converted-space\"><b>\u00a0<\/b><\/span><a href=\"https:\/\/www.instagram.com\/senoticias\/\" target=\"_blank\" rel=\"noopener\"><b>Instagram<\/b><\/a><\/em><\/p>\n<p>Com informa\u00e7\u00f5es da Assessoria de Imprensa dos Correios<\/p>\n","protected":false},"excerpt":{"rendered":"<p>Os Correios anunciaram que a partir do dia 16 de novembro ser\u00e1 suspensa a cobran\u00e7a de R$ 3 pela entrega de encomendas no munic\u00edpio e na regi\u00e3o metropolitana do Rio de Janeiro. A not\u00edcia foi dada, em coletiva de imprensa, pelo presidente dos Correios, Carlos Fortner, ap\u00f3s reuni\u00e3o com o secret\u00e1rio de seguran\u00e7a do estado, [&hellip;]<\/p>\n","protected":false},"author":6553,"featured_media":0,"comment_status":"closed","ping_status":"closed","sticky":false,"template":"","format":"standard","meta":{"footnotes":""},"categories":[15,2961],"tags":[370,6444,3209,11012,223,9878,857],"class_list":{"0":"post-115772","1":"post","2":"type-post","3":"status-publish","4":"format-standard","6":"category-destaques","7":"category-nacional","8":"tag-brasil","9":"tag-cobranca","10":"tag-correio","11":"tag-rio","12":"tag-sergipe","13":"tag-taxa","14":"tag-violencia"},"_links":{"self":[{"href":"https:\/\/senoticias.com.br\/se\/wp-json\/wp\/v2\/posts\/115772"}],"collection":[{"href":"https:\/\/senoticias.com.br\/se\/wp-json\/wp\/v2\/posts"}],"about":[{"href":"https:\/\/senoticias.com.br\/se\/wp-json\/wp\/v2\/types\/post"}],"author":[{"embeddable":true,"href":"https:\/\/senoticias.com.br\/se\/wp-json\/wp\/v2\/users\/6553"}],"replies":[{"embeddable":true,"href":"https:\/\/senoticias.com.br\/se\/wp-json\/wp\/v2\/comments?post=115772"}],"version-history":[{"count":0,"href":"https:\/\/senoticias.com.br\/se\/wp-json\/wp\/v2\/posts\/115772\/revisions"}],"wp:attachment":[{"href":"https:\/\/senoticias.com.br\/se\/wp-json\/wp\/v2\/media?parent=115772"}],"wp:term":[{"taxonomy":"category","embeddable":true,"href":"https:\/\/senoticias.com.br\/se\/wp-json\/wp\/v2\/categories?post=115772"},{"taxonomy":"post_tag","embeddable":true,"href":"https:\/\/senoticias.com.br\/se\/wp-json\/wp\/v2\/tags?post=115772"}],"curies":[{"name":"wp","href":"https:\/\/api.w.org\/{rel}","templated":true}]}}