{"id":115749,"date":"2018-10-22T14:41:48","date_gmt":"2018-10-22T17:41:48","guid":{"rendered":"https:\/\/senoticias.com.br\/se\/?p=115749"},"modified":"2018-10-22T20:53:50","modified_gmt":"2018-10-22T23:53:50","slug":"tse-nega-ao-psol-liminar-para-restringir-whatsapp-nas-eleicoes","status":"publish","type":"post","link":"https:\/\/senoticias.com.br\/se\/tse-nega-ao-psol-liminar-para-restringir-whatsapp-nas-eleicoes\/","title":{"rendered":"TSE nega ao PSOL liminar para restringir WhatsApp nas elei\u00e7\u00f5es"},"content":{"rendered":"<p><span style=\"color: #000000;\">O ministro Edson Fachin, do Tribunal Superior Eleitoral (TSE), negou liminar (decis\u00e3o provis\u00f3ria) ao PSOL em representa\u00e7\u00e3o que pedia que o uso do WhatsApp fosse restringido nos dias que restam at\u00e9 domingo (28), data do segundo turno das elei\u00e7\u00f5es.<\/span><\/p>\n<p><span style=\"color: #000000;\">Na representa\u00e7\u00e3o, o PSOL pediu que a Justi\u00e7a Eleitoral determinasse ao WhatsApp o uso tempor\u00e1rio de mecanismo para limitar o compartilhamento, encaminhamento e transmiss\u00e3o de mensagens e o n\u00famero de membros em novos grupos criados na rede.<\/span><\/p>\n<div id=\"attachment_86803\" style=\"width: 608px\" class=\"wp-caption aligncenter\"><a href=\"https:\/\/senoticias.com.br\/se\/wp-content\/uploads\/2015\/12\/ministro-e1449626682766.jpg\"><img loading=\"lazy\" decoding=\"async\" aria-describedby=\"caption-attachment-86803\" class=\"wp-image-86803 size-full\" src=\"https:\/\/senoticias.com.br\/se\/wp-content\/uploads\/2015\/12\/ministro-e1449626682766.jpg\" alt=\"\" width=\"598\" height=\"398\" \/><\/a><p id=\"caption-attachment-86803\" class=\"wp-caption-text\">Ministro Luiz Edson Fachin, do Supremo Tribunal Federal (STF). (Foto: arquivo\/Ag\u00eancia Brasil)<\/p><\/div>\n<p><span style=\"color: #000000;\">O partido fez a solicita\u00e7\u00e3o com a justificativa de que a dissemina\u00e7\u00e3o sem controle de not\u00edcias falsas pelo aplicativo estaria prejudicando a lisura do pleito. Para o ministro Edson Fachin, no entanto, o PSOL n\u00e3o apontou \u201cfundamentos jur\u00eddicos\u201d suficientes para a restri\u00e7\u00e3o do WhatsApp, tampouco apontou \u201cconduta il\u00edcita\u201d praticada pelo aplicativo.<\/span><\/p>\n<p><span style=\"color: #000000;\">Para Fachin, desse modo, o pedido do PSOL \u201cn\u00e3o encontra, no atual momento processual, em que se analisa apenas a plausibilidade dos argumentos invocados, fundamento apto para seu deferimento\u201d. Fachin deu 24 horas para que o WhatsApp se manifeste na representa\u00e7\u00e3o.<\/span><\/p>\n<p><span style=\"color: #000000;\">Entre as medidas que haviam sido solicitadas pelo PSOL est\u00e3o a restri\u00e7\u00e3o dos encaminhamentos de 20 para cinco, com o objetivo de limitar a dissemina\u00e7\u00e3o de desinforma\u00e7\u00e3o; a restri\u00e7\u00e3o do n\u00famero de transmiss\u00e3o de uma mensagem para contatos (atualmente \u00e9 de 256 contatos ao mesmo tempo); e a limita\u00e7\u00e3o do n\u00famero de grupos.<\/span><\/p>\n<p><span style=\"color: #000000;\">\u201cIn\u00fameras s\u00e3o as situa\u00e7\u00f5es diariamente noticiadas de que as mensagens que circulam nos grupos de WhatsApp, sem qualquer acompanhamento e cuidado com a legisla\u00e7\u00e3o, t\u00eam desequilibrado o pleito eleitoral, especialmente porque chegam a milh\u00f5es de pessoas, e muitas t\u00eam como principal meio de se informar o grupo de mensagens, o que facilita o trabalho de quem divulga not\u00edcias falsas, ofensivas e inver\u00eddicas\u201d, escreveram os advogados do partido.<\/span><\/p>\n<p>&nbsp;<\/p>\n<p><a href=\"https:\/\/senoticias.com.br\/se\/wp-content\/uploads\/2018\/09\/Logomarca-fone-SE-4-2-1-1-1.jpg\"><img loading=\"lazy\" decoding=\"async\" class=\"aligncenter wp-image-115398 size-full\" src=\"https:\/\/senoticias.com.br\/se\/wp-content\/uploads\/2018\/09\/Logomarca-fone-SE-4-2-1-1-1.jpg\" alt=\"\" width=\"599\" height=\"78\" srcset=\"https:\/\/senoticias.com.br\/se\/wp-content\/uploads\/2018\/09\/Logomarca-fone-SE-4-2-1-1-1.jpg 599w, https:\/\/senoticias.com.br\/se\/wp-content\/uploads\/2018\/09\/Logomarca-fone-SE-4-2-1-1-1-300x39.jpg 300w\" sizes=\"(max-width: 599px) 100vw, 599px\" \/><\/a><\/p>\n<p>Por Ag\u00eancia Brasil<\/p>\n","protected":false},"excerpt":{"rendered":"<p>O ministro Edson Fachin, do Tribunal Superior Eleitoral (TSE), negou liminar (decis\u00e3o provis\u00f3ria) ao PSOL em representa\u00e7\u00e3o que pedia que o uso do WhatsApp fosse restringido nos dias que restam at\u00e9 domingo (28), data do segundo turno das elei\u00e7\u00f5es. Na representa\u00e7\u00e3o, o PSOL pediu que a Justi\u00e7a Eleitoral determinasse ao WhatsApp o uso tempor\u00e1rio de [&hellip;]<\/p>\n","protected":false},"author":6553,"featured_media":0,"comment_status":"closed","ping_status":"closed","sticky":false,"template":"","format":"standard","meta":{"footnotes":""},"categories":[6],"tags":[3659,2799,2833,9163,3199,836,1331],"class_list":{"0":"post-115749","1":"post","2":"type-post","3":"status-publish","4":"format-standard","6":"category-politica","7":"tag-fachin","8":"tag-justica","9":"tag-ministro","10":"tag-psol","11":"tag-segundo-turno","12":"tag-stf","13":"tag-whatsapp"},"_links":{"self":[{"href":"https:\/\/senoticias.com.br\/se\/wp-json\/wp\/v2\/posts\/115749"}],"collection":[{"href":"https:\/\/senoticias.com.br\/se\/wp-json\/wp\/v2\/posts"}],"about":[{"href":"https:\/\/senoticias.com.br\/se\/wp-json\/wp\/v2\/types\/post"}],"author":[{"embeddable":true,"href":"https:\/\/senoticias.com.br\/se\/wp-json\/wp\/v2\/users\/6553"}],"replies":[{"embeddable":true,"href":"https:\/\/senoticias.com.br\/se\/wp-json\/wp\/v2\/comments?post=115749"}],"version-history":[{"count":0,"href":"https:\/\/senoticias.com.br\/se\/wp-json\/wp\/v2\/posts\/115749\/revisions"}],"wp:attachment":[{"href":"https:\/\/senoticias.com.br\/se\/wp-json\/wp\/v2\/media?parent=115749"}],"wp:term":[{"taxonomy":"category","embeddable":true,"href":"https:\/\/senoticias.com.br\/se\/wp-json\/wp\/v2\/categories?post=115749"},{"taxonomy":"post_tag","embeddable":true,"href":"https:\/\/senoticias.com.br\/se\/wp-json\/wp\/v2\/tags?post=115749"}],"curies":[{"name":"wp","href":"https:\/\/api.w.org\/{rel}","templated":true}]}}