{"id":115709,"date":"2018-10-18T11:25:48","date_gmt":"2018-10-18T14:25:48","guid":{"rendered":"https:\/\/senoticias.com.br\/se\/?p=115709"},"modified":"2018-10-18T11:25:48","modified_gmt":"2018-10-18T14:25:48","slug":"doze-pessoas-sao-presas-durante-operacao-boas-vindas-no-sertao-de-sergipe","status":"publish","type":"post","link":"https:\/\/senoticias.com.br\/se\/doze-pessoas-sao-presas-durante-operacao-boas-vindas-no-sertao-de-sergipe\/","title":{"rendered":"Doze pessoas s\u00e3o presas durante opera\u00e7\u00e3o Boas Vindas no Sert\u00e3o de Sergipe"},"content":{"rendered":"<p style=\"text-align: justify;\">Na madrugada desta quinta-feira, 18, a Pol\u00edcia Civil de Sergipe, por meio da Coordenadoria de Pol\u00edcia Civil do Interior (Copci) e das Delegacias de Canind\u00e9 do S\u00e3o Francisco e Po\u00e7o Redondo, deflagrou a <strong>Opera\u00e7\u00e3o Boas-Vindas<\/strong> no munic\u00edpio de Canind\u00e9 do S\u00e3o Francisco. A a\u00e7\u00e3o visa cumprir mandados de pris\u00e3o e combater crimes de tr\u00e1fico de drogas, de homic\u00eddio e contra o patrim\u00f4nio e j\u00e1 realizou 12 pris\u00f5es e apreens\u00e3o de drogas.<\/p>\n<div id=\"attachment_115711\" style=\"width: 609px\" class=\"wp-caption aligncenter\"><a href=\"https:\/\/senoticias.com.br\/se\/wp-content\/uploads\/2018\/10\/4ba646a3-93ba-44ca-bea0-f779331c4aed-e1539872268645.jpg\"><img loading=\"lazy\" decoding=\"async\" aria-describedby=\"caption-attachment-115711\" class=\"size-full wp-image-115711\" src=\"https:\/\/senoticias.com.br\/se\/wp-content\/uploads\/2018\/10\/4ba646a3-93ba-44ca-bea0-f779331c4aed-e1539872268645.jpg\" alt=\"\" width=\"599\" height=\"399\" \/><\/a><p id=\"caption-attachment-115711\" class=\"wp-caption-text\">A a\u00e7\u00e3o foi realizada em parceria com a Pol\u00edcia Militar e objetiva combater o tr\u00e1fico de drogas. (Foto: SSP\/SE)<\/p><\/div>\n<p style=\"text-align: justify;\">A Opera\u00e7\u00e3o est\u00e1 em andamento e \u00e9 realizada em conjunto com a Pol\u00edcia Militar de Sergipe, por interm\u00e9dio do 4\u00ba Batalh\u00e3o de Pol\u00edcia Militar (4\u00ba BPM) e da Companhia Independente de Opera\u00e7\u00f5es Policiais em \u00c1rea de Caatinga (Ciopac). Al\u00e9m de policiais lotados nos munic\u00edpios de Canind\u00e9 e Po\u00e7o Redondo, a Boas-Vindas tem o emprego de agentes de diversas unidades da Pol\u00edcia Civil.<\/p>\n<p style=\"text-align: justify;\"><strong>Opera\u00e7\u00e3o Boas-Vindas<\/strong><\/p>\n<p style=\"text-align: justify;\">A a\u00e7\u00e3o foi batizada como Opera\u00e7\u00e3o Boas-Vindas em alus\u00e3o \u00e0 recente chegada do delegado F\u00e1bio Santana ao munic\u00edpio de Canind\u00e9 do S\u00e3o Francisco. O profissional est\u00e1 \u00e0 frente da delegacia canindeense h\u00e1 apenas dois meses, e, desde as primeiras semanas, iniciou um intenso trabalho investigativo na regi\u00e3o, resultando nos mandados cumpridos no dia de hoje, 18.<\/p>\n<p>&nbsp;<\/p>\n<p><a href=\"https:\/\/senoticias.com.br\/se\/wp-content\/uploads\/2018\/09\/Logomarca-fone-SE-4-2-1-1-1.jpg\"><img loading=\"lazy\" decoding=\"async\" class=\"aligncenter size-full wp-image-115398\" src=\"https:\/\/senoticias.com.br\/se\/wp-content\/uploads\/2018\/09\/Logomarca-fone-SE-4-2-1-1-1.jpg\" alt=\"\" width=\"599\" height=\"78\" srcset=\"https:\/\/senoticias.com.br\/se\/wp-content\/uploads\/2018\/09\/Logomarca-fone-SE-4-2-1-1-1.jpg 599w, https:\/\/senoticias.com.br\/se\/wp-content\/uploads\/2018\/09\/Logomarca-fone-SE-4-2-1-1-1-300x39.jpg 300w\" sizes=\"(max-width: 599px) 100vw, 599px\" \/><\/a><\/p>\n<p>&nbsp;<\/p>\n<p><em><strong>Acompanhe o SE Not\u00edcias no<\/strong><span class=\"apple-converted-space\"><b>\u00a0<\/b><\/span><a href=\"https:\/\/twitter.com\/Senoticias\" target=\"_blank\" rel=\"noopener\"><b>Twitter<\/b><\/a><strong>,<\/strong><span class=\"apple-converted-space\"><b>\u00a0<\/b><\/span><a href=\"https:\/\/www.facebook.com\/senoticias1\" target=\"_blank\" rel=\"noopener\"><b>Facebook<\/b><span class=\"apple-converted-space\"><b>\u00a0<\/b><\/span><\/a><strong>e no<\/strong><span class=\"apple-converted-space\"><b>\u00a0<\/b><\/span><a href=\"https:\/\/www.instagram.com\/senoticias\/\" target=\"_blank\" rel=\"noopener\"><b>Instagram<\/b><\/a><\/em><\/p>\n<p>&nbsp;<\/p>\n<p><em>Por ascom\/SSP\/SE<\/em><\/p>\n","protected":false},"excerpt":{"rendered":"<p>Na madrugada desta quinta-feira, 18, a Pol\u00edcia Civil de Sergipe, por meio da Coordenadoria de Pol\u00edcia Civil do Interior (Copci) e das Delegacias de Canind\u00e9 do S\u00e3o Francisco e Po\u00e7o Redondo, deflagrou a Opera\u00e7\u00e3o Boas-Vindas no munic\u00edpio de Canind\u00e9 do S\u00e3o Francisco. A a\u00e7\u00e3o visa cumprir mandados de pris\u00e3o e combater crimes de tr\u00e1fico de [&hellip;]<\/p>\n","protected":false},"author":6552,"featured_media":115711,"comment_status":"closed","ping_status":"closed","sticky":false,"template":"","format":"standard","meta":{"footnotes":""},"categories":[15,7],"tags":[1953,1743,78,5879],"class_list":{"0":"post-115709","1":"post","2":"type-post","3":"status-publish","4":"format-standard","5":"has-post-thumbnail","7":"category-destaques","8":"category-policia","9":"tag-caninde-de-sao-francisco","10":"tag-delegado-fabio-santana","11":"tag-policia-civil","12":"tag-policia-militar-de-sergipe"},"_links":{"self":[{"href":"https:\/\/senoticias.com.br\/se\/wp-json\/wp\/v2\/posts\/115709"}],"collection":[{"href":"https:\/\/senoticias.com.br\/se\/wp-json\/wp\/v2\/posts"}],"about":[{"href":"https:\/\/senoticias.com.br\/se\/wp-json\/wp\/v2\/types\/post"}],"author":[{"embeddable":true,"href":"https:\/\/senoticias.com.br\/se\/wp-json\/wp\/v2\/users\/6552"}],"replies":[{"embeddable":true,"href":"https:\/\/senoticias.com.br\/se\/wp-json\/wp\/v2\/comments?post=115709"}],"version-history":[{"count":0,"href":"https:\/\/senoticias.com.br\/se\/wp-json\/wp\/v2\/posts\/115709\/revisions"}],"wp:featuredmedia":[{"embeddable":true,"href":"https:\/\/senoticias.com.br\/se\/wp-json\/wp\/v2\/media\/115711"}],"wp:attachment":[{"href":"https:\/\/senoticias.com.br\/se\/wp-json\/wp\/v2\/media?parent=115709"}],"wp:term":[{"taxonomy":"category","embeddable":true,"href":"https:\/\/senoticias.com.br\/se\/wp-json\/wp\/v2\/categories?post=115709"},{"taxonomy":"post_tag","embeddable":true,"href":"https:\/\/senoticias.com.br\/se\/wp-json\/wp\/v2\/tags?post=115709"}],"curies":[{"name":"wp","href":"https:\/\/api.w.org\/{rel}","templated":true}]}}