{"id":115703,"date":"2018-10-18T06:17:51","date_gmt":"2018-10-18T09:17:51","guid":{"rendered":"https:\/\/senoticias.com.br\/se\/?p=115703"},"modified":"2018-10-18T06:21:58","modified_gmt":"2018-10-18T09:21:58","slug":"na-arena-corinthians-cruzeiro-vence-corinthians-e-conquista-a-copa-do-brasil","status":"publish","type":"post","link":"https:\/\/senoticias.com.br\/se\/na-arena-corinthians-cruzeiro-vence-corinthians-e-conquista-a-copa-do-brasil\/","title":{"rendered":"Cruzeiro vence Corinthians e conquista a Copa do Brasil 2018"},"content":{"rendered":"<p style=\"text-align: justify;\">O Cruzeiro \u00e9, de maneira isolada, o maior campe\u00e3o da Copa do Brasil! Os 2.400 celestes presentes no Itaquer\u00e3o, em S\u00e3o Paulo, e os milh\u00f5es espalhados por Minas Gerais e pelo Brasil certamente est\u00e3o orgulhosos de um time que se imp\u00f4s diante do Corinthians e venceu por 2 a 1 na noite desta quarta-feira, pelo jogo de volta da decis\u00e3o. A equipe celeste abriu o placar aos 27min do primeiro tempo, em finaliza\u00e7\u00e3o de Robinho. Aos 9min do segundo tempo, Jadson empatou para o Tim\u00e3o, em cobran\u00e7a de p\u00eanalti. Aos 36min, um contragolpe mortal garantiu a ta\u00e7a. Depois de servir \u00e0 Sele\u00e7\u00e3o Uruguaia em dois amistosos e viajar durante 24 horas do Jap\u00e3o at\u00e9 o Brasil, Arrascaeta recebeu de Raniel, tocou por cima do goleiro C\u00e1ssio e deu n\u00fameros finais ao jogo.<\/p>\n<div id=\"attachment_115704\" style=\"width: 609px\" class=\"wp-caption aligncenter\"><a href=\"https:\/\/senoticias.com.br\/se\/wp-content\/uploads\/2018\/10\/20181018014644595117i-e1539854023848.jpg\"><img loading=\"lazy\" decoding=\"async\" aria-describedby=\"caption-attachment-115704\" class=\"size-full wp-image-115704\" src=\"https:\/\/senoticias.com.br\/se\/wp-content\/uploads\/2018\/10\/20181018014644595117i-e1539854023848.jpg\" alt=\"\" width=\"599\" height=\"399\" \/><\/a><p id=\"caption-attachment-115704\" class=\"wp-caption-text\">Volante Henrique levanta a ta\u00e7a da Copa do Brasil pelo segundo ano consecutivo (Foto: Gladyston Rodrigues\/EM D.A Press)<\/p><\/div>\n<p style=\"text-align: justify;\">Duas decis\u00f5es pol\u00eamicas envolvendo consultas ao \u00e1rbitro de v\u00eddeo chamaram a aten\u00e7\u00e3o na partida. O \u00e1rbitro Wagner do Nascimento Magalh\u00e3es recorreu ao VAR para tirar d\u00favidas em dois lances. Ao assistir \u00e0s imagens, ele entendeu que houve contato de Thiago Neves com Ralf no lance do p\u00eanalti, aos 7min da etapa final. E aos 24min, viu tapa de Jadson no peito de Ded\u00e9, em jogada que antecedeu o chute de fora da \u00e1rea do atacante Pedrinho que encobriu F\u00e1bio. Seria o segundo gol corintiano. De acordo com Paulo C\u00e9sar de Oliveira, comentarista de arbitragem do canal SporTV, Wagner Magalh\u00e3es errou na primeira marca\u00e7\u00e3o e acertou na segunda.<\/p>\n<p style=\"text-align: justify;\">A vit\u00f3ria desta quarta-feira \u00e9 a primeira do Cruzeiro na Arena Corinthians. E que vit\u00f3ria! \u00c9 a vit\u00f3ria do t\u00edtulo. Da vaga direta na fase de grupos da Copa Libertadores de 2019. Da premia\u00e7\u00e3o de R$ 50 milh\u00f5es (R$ 61,9 milh\u00f5es acumulados ao longo da competi\u00e7\u00e3o). Da condi\u00e7\u00e3o de maior campe\u00e3o da Copa do Brasil, com seis conquistas, deixando o Gr\u00eamio em segundo, com cinco. Do in\u00e9dito bicampeonato consecutivo na hist\u00f3ria do torneio. Do time que finalizou 22 vezes nos dois confrontos da decis\u00e3o, contra apenas 12 do Corinthians. Do trabalho em longo prazo de Mano Menezes, no comando do time de maneira ininterrupta desde julho de 2016.<\/p>\n<p style=\"text-align: justify;\">A comemora\u00e7\u00e3o do elenco se estender\u00e1 por muitos e muitos dias. Nesta quinta-feira, haver\u00e1 carreata da Avenida Ant\u00f4nio Carlos at\u00e9 o Gin\u00e1sio do Barro Preto, em Belo Horizonte. Depois de toda a ressaca, h\u00e1 o compromisso no Campeonato Brasileiro, competi\u00e7\u00e3o na qual a miss\u00e3o ser\u00e1 cumprir tabela. O Cruzeiro \u00e9 10\u00ba colocado, com 37 pontos, e enfrentar\u00e1 a Chapecoense no pr\u00f3ximo domingo, \u00e0s 19h, no Independ\u00eancia, pela 30\u00aa rodada.<\/p>\n<p style=\"text-align: justify;\"><strong>FICHA T\u00c9CNICA<\/strong><\/p>\n<p><strong>Local:<\/strong> Arena Corinthians, em S\u00e3o Paulo (SP)<br \/>\n<strong>Data:<\/strong> 17 de outubro de 2018, quarta-feira<br \/>\n<strong>Hor\u00e1rio:<\/strong> 21h45 (Bras\u00edlia)<br \/>\n<strong>\u00c1rbitro:<\/strong> Wagner do Nascimento Magalh\u00e3es (RJ)<br \/>\n<strong>Assistentes:<\/strong> Rodrigo Figueiredo Henrique Correa e Bruno Boschilia (ambos do RJ)<br \/>\n<strong>Cart\u00f5es amarelos:<\/strong> Ralf, Gabriel, Emerson Sheik, Fagner, Jadson e Clayson (COR); Rafinha, Thiago Neves, Robinho (CRU)<br \/>\n<strong>P\u00fablico:<\/strong> 45.978 pagantes<br \/>\nRenda: R$ 5.108.151,00<\/p>\n<p style=\"text-align: justify;\"><strong>GOLS:<\/strong><br \/>\n<strong>Corinthians<\/strong>: Jadson, de p\u00eanalti, aos nove minutos do segundo tempo<br \/>\n<strong>Cruzeiro:<\/strong> Robinho, aos 29 minutos do primeiro, e De Arrascaeta, aos 37 minutos do segundo tempo<\/p>\n<p style=\"text-align: justify;\"><strong>CORINTHIANS:<\/strong> C\u00e1ssio; Fagner, L\u00e9o Santos, Henrique e Danilo Avelar; Ralf, Gabriel (Mateus Vital) e Jadson; Romero, Emerson Sheik (Clayson) e Jonathas (Pedrinho)<br \/>\nT\u00e9cnico: Jair Ventura<\/p>\n<p style=\"text-align: justify;\"><strong>CRUZEIRO:<\/strong> F\u00e1bio, Ed\u00edlson, L\u00e9o, Ded\u00e9 e Lucas Romero; Henrique, Ariel Cabral, Robinho, Thiago Neves (Lucas Silva) e Rafinha (Arrascaeta) ; Barcos (Raniel)<br \/>\nT\u00e9cnico: Mano Menezes<\/p>\n<p>&nbsp;<\/p>\n<p><a href=\"https:\/\/senoticias.com.br\/se\/wp-content\/uploads\/2018\/09\/Logomarca-fone-SE-4-2-1-1-1.jpg\"><img loading=\"lazy\" decoding=\"async\" class=\"aligncenter size-full wp-image-115398\" src=\"https:\/\/senoticias.com.br\/se\/wp-content\/uploads\/2018\/09\/Logomarca-fone-SE-4-2-1-1-1.jpg\" alt=\"\" width=\"599\" height=\"78\" srcset=\"https:\/\/senoticias.com.br\/se\/wp-content\/uploads\/2018\/09\/Logomarca-fone-SE-4-2-1-1-1.jpg 599w, https:\/\/senoticias.com.br\/se\/wp-content\/uploads\/2018\/09\/Logomarca-fone-SE-4-2-1-1-1-300x39.jpg 300w\" sizes=\"(max-width: 599px) 100vw, 599px\" \/><\/a><\/p>\n<p>&nbsp;<\/p>\n<p><em><strong>Acompanhe o SE Not\u00edcias no<\/strong><span class=\"apple-converted-space\"><b>\u00a0<\/b><\/span><a href=\"https:\/\/twitter.com\/Senoticias\" target=\"_blank\" rel=\"noopener\"><b>Twitter<\/b><\/a><strong>,<\/strong><span class=\"apple-converted-space\"><b>\u00a0<\/b><\/span><a href=\"https:\/\/www.facebook.com\/senoticias1\" target=\"_blank\" rel=\"noopener\"><b>Facebook<\/b><span class=\"apple-converted-space\"><b>\u00a0<\/b><\/span><\/a><strong>e no<\/strong><span class=\"apple-converted-space\"><b>\u00a0<\/b><\/span><a href=\"https:\/\/www.instagram.com\/senoticias\/\" target=\"_blank\" rel=\"noopener\"><b>Instagram<\/b><\/a><\/em><\/p>\n<p><em>Por Tiago Mattar \/Superesportes , Rafael Arruda \/Superesportes<\/em><\/p>\n","protected":false},"excerpt":{"rendered":"<p>O Cruzeiro \u00e9, de maneira isolada, o maior campe\u00e3o da Copa do Brasil! Os 2.400 celestes presentes no Itaquer\u00e3o, em S\u00e3o Paulo, e os milh\u00f5es espalhados por Minas Gerais e pelo Brasil certamente est\u00e3o orgulhosos de um time que se imp\u00f4s diante do Corinthians e venceu por 2 a 1 na noite desta quarta-feira, pelo [&hellip;]<\/p>\n","protected":false},"author":6552,"featured_media":115704,"comment_status":"closed","ping_status":"closed","sticky":false,"template":"","format":"standard","meta":{"footnotes":""},"categories":[15,26],"tags":[4977,5399,6143],"class_list":{"0":"post-115703","1":"post","2":"type-post","3":"status-publish","4":"format-standard","5":"has-post-thumbnail","7":"category-destaques","8":"category-esportes","9":"tag-arena-corinthians","10":"tag-copa-do-brasil","11":"tag-cruzeiro"},"_links":{"self":[{"href":"https:\/\/senoticias.com.br\/se\/wp-json\/wp\/v2\/posts\/115703"}],"collection":[{"href":"https:\/\/senoticias.com.br\/se\/wp-json\/wp\/v2\/posts"}],"about":[{"href":"https:\/\/senoticias.com.br\/se\/wp-json\/wp\/v2\/types\/post"}],"author":[{"embeddable":true,"href":"https:\/\/senoticias.com.br\/se\/wp-json\/wp\/v2\/users\/6552"}],"replies":[{"embeddable":true,"href":"https:\/\/senoticias.com.br\/se\/wp-json\/wp\/v2\/comments?post=115703"}],"version-history":[{"count":0,"href":"https:\/\/senoticias.com.br\/se\/wp-json\/wp\/v2\/posts\/115703\/revisions"}],"wp:featuredmedia":[{"embeddable":true,"href":"https:\/\/senoticias.com.br\/se\/wp-json\/wp\/v2\/media\/115704"}],"wp:attachment":[{"href":"https:\/\/senoticias.com.br\/se\/wp-json\/wp\/v2\/media?parent=115703"}],"wp:term":[{"taxonomy":"category","embeddable":true,"href":"https:\/\/senoticias.com.br\/se\/wp-json\/wp\/v2\/categories?post=115703"},{"taxonomy":"post_tag","embeddable":true,"href":"https:\/\/senoticias.com.br\/se\/wp-json\/wp\/v2\/tags?post=115703"}],"curies":[{"name":"wp","href":"https:\/\/api.w.org\/{rel}","templated":true}]}}