{"id":115701,"date":"2018-10-17T16:53:57","date_gmt":"2018-10-17T19:53:57","guid":{"rendered":"https:\/\/senoticias.com.br\/se\/?p=115701"},"modified":"2018-12-03T15:00:14","modified_gmt":"2018-12-03T18:00:14","slug":"peregrinacao-de-nossa-senhora-divina-pastora-acontece-neste-domingo-21","status":"publish","type":"post","link":"https:\/\/senoticias.com.br\/se\/peregrinacao-de-nossa-senhora-divina-pastora-acontece-neste-domingo-21\/","title":{"rendered":"Peregrina\u00e7\u00e3o de Nossa Senhora Divina Pastora acontece no domingo"},"content":{"rendered":"<div class=\"mc-column content-text active-extra-styles active-capital-letter\">\n<p class=\"content-text__container theme-color-primary-first-letter\"><span style=\"color: #000000\">A peregrina\u00e7\u00e3o rumo ao Santu\u00e1rio Arquidiocesano de Nossa Senhora Divina Pastora, no munic\u00edpio que tem o mesmo nome e fica distante 39km de Aracaju, completa 60 anos neste domingo (21). A organiza\u00e7\u00e3o espera mais de 150 mil romeiros se concentrem no munic\u00edpio de Riachuelo (SE) e sigam em ora\u00e7\u00e3o at\u00e9 o santu\u00e1rio.<\/span><\/p>\n<\/div>\n<div class=\"wall\">\n<div class=\"mc-column content-text active-extra-styles \">\n<div id=\"attachment_115702\" style=\"width: 609px\" class=\"wp-caption aligncenter\"><a href=\"https:\/\/senoticias.com.br\/se\/wp-content\/uploads\/2018\/10\/peregrinacao_10.jpg\"><img loading=\"lazy\" decoding=\"async\" aria-describedby=\"caption-attachment-115702\" class=\"wp-image-115702 size-full\" src=\"https:\/\/senoticias.com.br\/se\/wp-content\/uploads\/2018\/10\/peregrinacao_10-e1539805929606.jpg\" alt=\"\" width=\"599\" height=\"450\" \/><\/a><p id=\"caption-attachment-115702\" class=\"wp-caption-text\">Fi\u00e9is iniciam peregrina\u00e7\u00e3o nesta quinta na cidade de Divina Pastora, SE \u2014 Foto: Divulga\u00e7\u00e3o\/T.Dantas<\/p><\/div>\n<p class=\"content-text__container \"><span style=\"color: #000000\">Desde 2015, a peregrina\u00e7\u00e3o \u00e9 considerada Patrim\u00f4nio Imaterial de Sergipe e possui aproximadamente 10 quil\u00f4metros de dist\u00e2ncia, do local de partida at\u00e9 o santu\u00e1rio. Este ano, os devotos v\u00e3o fazer a reflex\u00e3o sobre o tema \u2018Nossa Senhora Divina Pastora, Santu\u00e1rio vivo da Sant\u00edssima Trindade\u2019.<\/span><\/p>\n<\/div>\n<\/div>\n<div>\n<div class=\"mc-column content-text active-extra-styles \">\n<p class=\"content-text__container \"><span style=\"color: #000000\">Durante a peregrina\u00e7\u00e3o v\u00e3o ser celebradas missas pelo Arcebispo de Aracaju, Dom Jo\u00e3o Jos\u00e9 Costa, e os demais bispos da Prov\u00edncia Eclesi\u00e1stica de Aracaju (Propri\u00e1 e Est\u00e2ncia), com a celebra\u00e7\u00e3o de v\u00e1rios sacerdotes.<\/span><\/p>\n<\/div>\n<p><a href=\"https:\/\/senoticias.com.br\/se\/wp-content\/uploads\/2018\/09\/Logomarca-fone-SE-4-2-1-1-1.jpg\"><img loading=\"lazy\" decoding=\"async\" class=\"aligncenter wp-image-115398 size-full\" src=\"https:\/\/senoticias.com.br\/se\/wp-content\/uploads\/2018\/09\/Logomarca-fone-SE-4-2-1-1-1.jpg\" alt=\"\" width=\"599\" height=\"78\" srcset=\"https:\/\/senoticias.com.br\/se\/wp-content\/uploads\/2018\/09\/Logomarca-fone-SE-4-2-1-1-1.jpg 599w, https:\/\/senoticias.com.br\/se\/wp-content\/uploads\/2018\/09\/Logomarca-fone-SE-4-2-1-1-1-300x39.jpg 300w\" sizes=\"(max-width: 599px) 100vw, 599px\" \/><\/a><\/p>\n<p><em><strong>Acompanhe o SE Not\u00edcias no<\/strong><span class=\"apple-converted-space\"><b>\u00a0<\/b><\/span><a href=\"https:\/\/twitter.com\/Senoticias\" target=\"_blank\" rel=\"noopener\"><b>Twitter<\/b><\/a><strong>,<\/strong><span class=\"apple-converted-space\"><b>\u00a0<\/b><\/span><a href=\"https:\/\/www.facebook.com\/senoticias1\" target=\"_blank\" rel=\"noopener\"><b>Facebook<\/b><span class=\"apple-converted-space\"><b>\u00a0<\/b><\/span><\/a><strong>e no<\/strong><span class=\"apple-converted-space\"><b>\u00a0<\/b><\/span><a href=\"https:\/\/www.instagram.com\/senoticias\/\" target=\"_blank\" rel=\"noopener\"><b>Instagram<\/b><\/a><\/em><\/p>\n<p>Com informa\u00e7\u00f5es do G1 SE<\/p>\n<\/div>\n","protected":false},"excerpt":{"rendered":"<p>A peregrina\u00e7\u00e3o rumo ao Santu\u00e1rio Arquidiocesano de Nossa Senhora Divina Pastora, no munic\u00edpio que tem o mesmo nome e fica distante 39km de Aracaju, completa 60 anos neste domingo (21). A organiza\u00e7\u00e3o espera mais de 150 mil romeiros se concentrem no munic\u00edpio de Riachuelo (SE) e sigam em ora\u00e7\u00e3o at\u00e9 o santu\u00e1rio. Desde 2015, a [&hellip;]<\/p>\n","protected":false},"author":6553,"featured_media":0,"comment_status":"closed","ping_status":"closed","sticky":false,"template":"","format":"standard","meta":{"footnotes":""},"categories":[15,46],"tags":[3363,965,8885,10988,3360,7294,223],"class_list":{"0":"post-115701","1":"post","2":"type-post","3":"status-publish","4":"format-standard","6":"category-destaques","7":"category-religiao","8":"tag-catolica","9":"tag-divina-pastora","10":"tag-igreja","11":"tag-preregrinacao","12":"tag-religiao","13":"tag-riachuelo","14":"tag-sergipe"},"_links":{"self":[{"href":"https:\/\/senoticias.com.br\/se\/wp-json\/wp\/v2\/posts\/115701"}],"collection":[{"href":"https:\/\/senoticias.com.br\/se\/wp-json\/wp\/v2\/posts"}],"about":[{"href":"https:\/\/senoticias.com.br\/se\/wp-json\/wp\/v2\/types\/post"}],"author":[{"embeddable":true,"href":"https:\/\/senoticias.com.br\/se\/wp-json\/wp\/v2\/users\/6553"}],"replies":[{"embeddable":true,"href":"https:\/\/senoticias.com.br\/se\/wp-json\/wp\/v2\/comments?post=115701"}],"version-history":[{"count":0,"href":"https:\/\/senoticias.com.br\/se\/wp-json\/wp\/v2\/posts\/115701\/revisions"}],"wp:attachment":[{"href":"https:\/\/senoticias.com.br\/se\/wp-json\/wp\/v2\/media?parent=115701"}],"wp:term":[{"taxonomy":"category","embeddable":true,"href":"https:\/\/senoticias.com.br\/se\/wp-json\/wp\/v2\/categories?post=115701"},{"taxonomy":"post_tag","embeddable":true,"href":"https:\/\/senoticias.com.br\/se\/wp-json\/wp\/v2\/tags?post=115701"}],"curies":[{"name":"wp","href":"https:\/\/api.w.org\/{rel}","templated":true}]}}