{"id":115698,"date":"2018-10-17T16:40:01","date_gmt":"2018-10-17T19:40:01","guid":{"rendered":"https:\/\/senoticias.com.br\/se\/?p=115698"},"modified":"2018-10-18T07:03:17","modified_gmt":"2018-10-18T10:03:17","slug":"martnalia-se-apresentara-durante-o-festival-de-artes-de-sao-cristovao","status":"publish","type":"post","link":"https:\/\/senoticias.com.br\/se\/martnalia-se-apresentara-durante-o-festival-de-artes-de-sao-cristovao\/","title":{"rendered":"Mart&#8217;n\u00e1lia se apresentar\u00e1 durante o Festival de Artes de S\u00e3o Crist\u00f3v\u00e3o"},"content":{"rendered":"<p><span style=\"color: #000000;\">Mart&#8217;n\u00e1lia dar\u00e1 o ar da gra\u00e7a no 35\u00ba Festival de Artes de S\u00e3o Crist\u00f3v\u00e3o (FASC) no dia 18 de novembro no Palco Jo\u00e3o Bebe-\u00c1gua (na Pra\u00e7a S\u00e3o Francisco). A atra\u00e7\u00e3o que, \u00e9 sin\u00f4nimo de Samba, far\u00e1 parte de uma programa\u00e7\u00e3o variada e composta por nomes como Lenine, C\u00e9u, The Baggios, Chico C\u00e9sar e BaianaSystem. O FASC acontecer\u00e1 de 15 a 18 de novembro movimentando o cen\u00e1rio cultural sergipano, fomentando a economia local e sendo um marco para os sancristovenses, que nos dias da festa abrem suas casas para receberem visitantes de todo o Brasil. Confira o bate papo exclusivo que tivemos com Mart&#8217;n\u00e1lia.<\/span><\/p>\n<div id=\"attachment_115699\" style=\"width: 469px\" class=\"wp-caption aligncenter\"><a href=\"https:\/\/senoticias.com.br\/se\/wp-content\/uploads\/2018\/10\/martinaliaa-e1539805147636.jpg\"><img loading=\"lazy\" decoding=\"async\" aria-describedby=\"caption-attachment-115699\" class=\"wp-image-115699 size-full\" src=\"https:\/\/senoticias.com.br\/se\/wp-content\/uploads\/2018\/10\/martinaliaa-e1539805147636.jpg\" alt=\"\" width=\"459\" height=\"600\" \/><\/a><p id=\"caption-attachment-115699\" class=\"wp-caption-text\">Foto: Assessoria da cantora<\/p><\/div>\n<p><strong><span style=\"color: #000000;\">Em 2017, \u201cPelo Telefone\u201d, o primeiro Samba gravado em disco fez um s\u00e9culo, seu pai (Martinho da Vila), inclusive, j\u00e1 o regravou. Mesmo com influ\u00eancias angolanas, o Samba \u00e9 para voc\u00ea o ritmo que mais representa o Brasil?<\/span><\/strong><\/p>\n<p><span style=\"color: #000000;\">Resposta: O Samba sem d\u00favida \u00e9 a musica mais feliz que representa nosso pa\u00eds, e eu sou feliz nele. Com ele j\u00e1 me misturei muito nesse mund\u00e3o afora e cada vez mais farei isso. Gosto da alegria, de dan\u00e7ar, de sambar e cada vez mais precisamos deste carinho.<\/span><\/p>\n<p><strong><span style=\"color: #000000;\">Martinho lan\u00e7ou em 1989 o \u00e1lbum \u201cO Canto das Lavadeiras\u201d, que trazia um recorte da cultura popular de diversas regi\u00f5es do pa\u00eds. Sergipe foi representado pelo grupo de bacamarteiros do povoado Aguada, que fica no munic\u00edpio de Carm\u00f3polis. Para voc\u00ea \u00e9 importante os artistas nacionais tamb\u00e9m fazerem esse resgate das manifesta\u00e7\u00f5es culturais em seus trabalhos musicais?<\/span><\/strong><\/p>\n<p><span style=\"color: #000000;\">Resposta: Acho important\u00edssimo o trabalho do meu pai, por isso mesmo ele est\u00e1 sendo estudado no col\u00e9gio prim\u00e1rio nas redes municipais! Me orgulho muito de ter um pa\u00eds t\u00e3o qualificado com tantas manifesta\u00e7\u00f5es culturais, com tantos sons a serem pesquisados! Um dia chego l\u00e1 (risos).<\/span><\/p>\n<p><strong><span style=\"color: #000000;\">Seu \u00faltimo \u00e1lbum +Misturado venceu na categoria melhor disco de Samba, no 18\u00ba Grammy Latino. Ser filha do Martinho da Vila contribuiu para que voc\u00ea escolhesse o samba, majoritariamente, para a sua carreira musical?<\/span><\/strong><\/p>\n<p><span style=\"color: #000000;\">Resposta: Ser filha do Martinho da Vila me fez uma pessoa infinitamente melhor e infinitamente misturada com o Samba, com o pop, com Montown. Tive chance de assistir e ouvir muitas outras coisas e me misturar com um tant\u00e3o de gente como neste cd \u201c+ Misturado\u201d. Foi um enorme prazer!<\/span><\/p>\n<p><strong><span style=\"color: #000000;\">Suas irm\u00e3s acompanham seu pai nos shows, como backing vocal, voc\u00ea tamb\u00e9m participava das turn\u00eas dele antes de come\u00e7ar sua carreira?<\/span><\/strong><\/p>\n<p><span style=\"color: #000000;\">Resposta: Sim. Comecei com 17 anos a cantar com ele e aos poucos ele foi me colocando para cantar uma m\u00fasica, depois duas, depois tr\u00eas (risos). A\u00ed gravei um LP (1985) que n\u00e3o deu em nada, mas fiz mesmo pra mim (risos). Depois fiz um cd chamado \u201cMinha Cara\u201d, mas s\u00f3 no cd \u201cP\u00e9 do Meu Samba\u201d, em 2002 (dirigido pelo Caetano Veloso e produzido pelo Celso Fonseca) \u00e9 que resolvi realmente ser uma cantora. Minha irm\u00e3 Analimar Ventapane faz vila e percuss\u00e3o comigo tamb\u00e9m desde que virei cantora solo.<\/span><\/p>\n<p><strong><span style=\"color: #000000;\">O Festival de Artes de S\u00e3o Crist\u00f3v\u00e3o (FASC) \u00e9 o mais representativo evento cultural de Sergipe. Para voc\u00ea qual a import\u00e2ncia de fazer parte da 35\u00aa edi\u00e7\u00e3o do Festival?<\/span><\/strong><\/p>\n<p><span style=\"color: #000000;\">Resposta: N\u00e3o conhe\u00e7o a cidade. Tentamos ir em outros anos e n\u00e3o conseguimos! Estou muito feliz este ano de poder participar e passear um pouquinho por a\u00ed! Soube que a cidade \u00e9 linda.<\/span><\/p>\n<p><strong><span style=\"color: #000000;\">Para o p\u00fablico do FASC o que voc\u00ea pretende trazer, al\u00e9m das m\u00fasicas da turn\u00ea do +Misturado?<\/span><\/strong><\/p>\n<p><span style=\"color: #000000;\">Resposta: Vou cantar sucessos: Cabide, Ela \u00e9 a minha cara, Chega, Entretanto, D.Ivonne Lara, etc&#8230; \u00e9 para todos poderem cantar, sambar e ficarem felizes assim como estou indo feliz pra o evento.<\/span><\/p>\n<p><strong><span style=\"color: #000000;\">Martinho \u00e9 da Vila Isabel, e a Mart&#8217;n\u00e1lia?<\/span><\/strong><\/p>\n<p><span style=\"color: #000000;\">Resposta: Tamb\u00e9m uai (risos).<\/span><\/p>\n<p>&nbsp;<\/p>\n<p><a href=\"https:\/\/senoticias.com.br\/se\/wp-content\/uploads\/2018\/09\/Logomarca-fone-SE-4-2-1-1-1.jpg\"><img loading=\"lazy\" decoding=\"async\" class=\"aligncenter wp-image-115398 size-full\" src=\"https:\/\/senoticias.com.br\/se\/wp-content\/uploads\/2018\/09\/Logomarca-fone-SE-4-2-1-1-1.jpg\" alt=\"\" width=\"599\" height=\"78\" srcset=\"https:\/\/senoticias.com.br\/se\/wp-content\/uploads\/2018\/09\/Logomarca-fone-SE-4-2-1-1-1.jpg 599w, https:\/\/senoticias.com.br\/se\/wp-content\/uploads\/2018\/09\/Logomarca-fone-SE-4-2-1-1-1-300x39.jpg 300w\" sizes=\"(max-width: 599px) 100vw, 599px\" \/><\/a><\/p>\n<p><em><strong>Acompanhe o SE Not\u00edcias no<\/strong><span class=\"apple-converted-space\"><b>\u00a0<\/b><\/span><a href=\"https:\/\/twitter.com\/Senoticias\" target=\"_blank\" rel=\"noopener\"><b>Twitter<\/b><\/a><strong>,<\/strong><span class=\"apple-converted-space\"><b>\u00a0<\/b><\/span><a href=\"https:\/\/www.facebook.com\/senoticias1\" target=\"_blank\" rel=\"noopener\"><b>Facebook<\/b><span class=\"apple-converted-space\"><b>\u00a0<\/b><\/span><\/a><strong>e no<\/strong><span class=\"apple-converted-space\"><b>\u00a0<\/b><\/span><a href=\"https:\/\/www.instagram.com\/senoticias\/\" target=\"_blank\" rel=\"noopener\"><b>Instagram<\/b><\/a><\/em><\/p>\n<p><span style=\"color: #000000;\">Da Ascom da Prefeitura de S\u00e3o Crist\u00f3v\u00e3o\u00a0<\/span><\/p>\n","protected":false},"excerpt":{"rendered":"<p>Mart&#8217;n\u00e1lia dar\u00e1 o ar da gra\u00e7a no 35\u00ba Festival de Artes de S\u00e3o Crist\u00f3v\u00e3o (FASC) no dia 18 de novembro no Palco Jo\u00e3o Bebe-\u00c1gua (na Pra\u00e7a S\u00e3o Francisco). A atra\u00e7\u00e3o que, \u00e9 sin\u00f4nimo de Samba, far\u00e1 parte de uma programa\u00e7\u00e3o variada e composta por nomes como Lenine, C\u00e9u, The Baggios, Chico C\u00e9sar e BaianaSystem. O [&hellip;]<\/p>\n","protected":false},"author":6553,"featured_media":0,"comment_status":"closed","ping_status":"closed","sticky":false,"template":"","format":"standard","meta":{"footnotes":""},"categories":[21],"tags":[339,2663,6904,10931,3882,335,223],"class_list":{"0":"post-115698","1":"post","2":"type-post","3":"status-publish","4":"format-standard","6":"category-entretenimento","7":"tag-aracaju","8":"tag-cultura","9":"tag-fasc","10":"tag-martnalia","11":"tag-samba","12":"tag-sao-cristovao","13":"tag-sergipe"},"_links":{"self":[{"href":"https:\/\/senoticias.com.br\/se\/wp-json\/wp\/v2\/posts\/115698"}],"collection":[{"href":"https:\/\/senoticias.com.br\/se\/wp-json\/wp\/v2\/posts"}],"about":[{"href":"https:\/\/senoticias.com.br\/se\/wp-json\/wp\/v2\/types\/post"}],"author":[{"embeddable":true,"href":"https:\/\/senoticias.com.br\/se\/wp-json\/wp\/v2\/users\/6553"}],"replies":[{"embeddable":true,"href":"https:\/\/senoticias.com.br\/se\/wp-json\/wp\/v2\/comments?post=115698"}],"version-history":[{"count":0,"href":"https:\/\/senoticias.com.br\/se\/wp-json\/wp\/v2\/posts\/115698\/revisions"}],"wp:attachment":[{"href":"https:\/\/senoticias.com.br\/se\/wp-json\/wp\/v2\/media?parent=115698"}],"wp:term":[{"taxonomy":"category","embeddable":true,"href":"https:\/\/senoticias.com.br\/se\/wp-json\/wp\/v2\/categories?post=115698"},{"taxonomy":"post_tag","embeddable":true,"href":"https:\/\/senoticias.com.br\/se\/wp-json\/wp\/v2\/tags?post=115698"}],"curies":[{"name":"wp","href":"https:\/\/api.w.org\/{rel}","templated":true}]}}