{"id":115601,"date":"2018-10-10T14:38:27","date_gmt":"2018-10-10T17:38:27","guid":{"rendered":"https:\/\/senoticias.com.br\/se\/?p=115601"},"modified":"2018-10-10T14:38:27","modified_gmt":"2018-10-10T17:38:27","slug":"medicos-nao-liberam-bolsonaro-para-primeiro-debate-do-2-turno","status":"publish","type":"post","link":"https:\/\/senoticias.com.br\/se\/medicos-nao-liberam-bolsonaro-para-primeiro-debate-do-2-turno\/","title":{"rendered":"M\u00e9dicos n\u00e3o liberam Bolsonaro para primeiro debate do 2\u00b0 turno"},"content":{"rendered":"<p style=\"text-align: justify;\">Os m\u00e9dicos do Hospital Albert Einstein Antonio Luiz Macedo e Leandro Echenique vetaram a participa\u00e7\u00e3o do candidato \u00e0 Presid\u00eancia da Rep\u00fablica pelo PSL, Jair Bolsonaro, no debate da TV Bandeirantes nesta quinta-feira e em outros tr\u00eas embates marcados para os pr\u00f3ximos dias. O candidato vai passar por uma nova avalia\u00e7\u00e3o na quinta-feira da semana que vem.<\/p>\n<div id=\"attachment_115602\" style=\"width: 609px\" class=\"wp-caption aligncenter\"><a href=\"https:\/\/senoticias.com.br\/se\/wp-content\/uploads\/2018\/10\/brasil-poltiica-debate-eleitoral-brasilia-20180606-0013.jpg\"><img loading=\"lazy\" decoding=\"async\" aria-describedby=\"caption-attachment-115602\" class=\"size-full wp-image-115602\" src=\"https:\/\/senoticias.com.br\/se\/wp-content\/uploads\/2018\/10\/brasil-poltiica-debate-eleitoral-brasilia-20180606-0013-e1539192985122.jpg\" alt=\"\" width=\"599\" height=\"399\" \/><\/a><p id=\"caption-attachment-115602\" class=\"wp-caption-text\">O candidato \u00e0 Presid\u00eancia Jair Bolsonaro (PSL). (Reprodu\u00e7\u00e3o\/Reprodu\u00e7\u00e3o)<\/p><\/div>\n<p>Com a decis\u00e3o, tamb\u00e9m est\u00e1 vetada a presen\u00e7a de Bolsonaro nos debates da Gazeta, que aconteceria no domingo, da RedeTV!, na segunda, e do SBT, na quarta.<\/p>\n<p style=\"text-align: justify;\">\u201cAchamos que n\u00e3o seria recomend\u00e1vel que ele participasse de situa\u00e7\u00f5es de estresse, em que tivesse quer ficar sentado muito tempo e falar alto\u201d, afirmou Macedo, pouco antes de embarcar no Aeroporto Santos Dumont em dire\u00e7\u00e3o a S\u00e3o Paulo, ap\u00f3s examinar Bolsonaro em sua casa.<\/p>\n<p style=\"text-align: justify;\">Ao saber da aus\u00eancia do advers\u00e1rio, Fernando Haddad (PT), rival do militar no segundo turno, afirmou que vai \u201cat\u00e9 a uma enfermaria para fazer o debate\u201d. \u201cEle falou que n\u00e3o quer se estressar? Vou falar docemente, nem altero a voz. Fa\u00e7o o que ele quiser para ele dizer o que pensa\u201d, afirmou o petista. \u201cOs brasileiros precisam saber a verdade.\u201d<\/p>\n<p style=\"text-align: justify;\"><strong>V\u00eddeos liberados<\/strong><\/p>\n<p style=\"text-align: justify;\">De acordo com o m\u00e9dico que operou o candidato em S\u00e3o Paulo no dia 12 de setembro, o militar segue fraco e precisa fazer uma reposi\u00e7\u00e3o de prote\u00ednas. \u201cEle perdeu 15 quilos, n\u00e3o era um homem obeso, foi perda de massa muscular, ele precisa repor\u201d, afirmou Macedo.<\/p>\n<p style=\"text-align: justify;\">Mais cedo, em frente \u00e0 casa de Bolsonaro, Macedo afirmou que, ap\u00f3s o dia 18, o candidato estaria liberado para retomar suas atividades de campanha normalmente, inclusive podendo participar de debates na televis\u00e3o.<\/p>\n<p style=\"text-align: justify;\">Por outro lado, os m\u00e9dicos do Albert Einstein liberaram Bolsonaro a continuar participando de transmiss\u00f5es ao vivo por meio da internet e concedendo entrevistas, como ele tem feito desde que retornou \u00e0 sua casa, uma semana antes da vota\u00e7\u00e3o no primeiro turno. \u201cEm casa, tranquilo, n\u00e3o h\u00e1 problema. Nossa maior preocupa\u00e7\u00e3o \u00e9 o estresse.\u201d<\/p>\n<p style=\"text-align: justify;\"><strong>Band<\/strong><\/p>\n<p style=\"text-align: justify;\">Antes de a equipe m\u00e9dica de Bolsonaro desautoriz\u00e1-lo de participar do debate da Band, a dire\u00e7\u00e3o de jornalismo da emissora trabalhava com a possibilidade de que o encontro pudesse ocorrer no Rio de Janeiro. No in\u00edcio da semana a equipe de Bolsonaro acenou com a possibilidade de o encontro ocorrer na capital fluminense, caso os m\u00e9dicos do candidato do PSL o proibissem de viajar.<\/p>\n<p><a href=\"https:\/\/senoticias.com.br\/se\/wp-content\/uploads\/2018\/09\/Logomarca-fone-SE-4-2-1-1-1.jpg\"><img loading=\"lazy\" decoding=\"async\" class=\"aligncenter size-full wp-image-115398\" src=\"https:\/\/senoticias.com.br\/se\/wp-content\/uploads\/2018\/09\/Logomarca-fone-SE-4-2-1-1-1.jpg\" alt=\"\" width=\"599\" height=\"78\" srcset=\"https:\/\/senoticias.com.br\/se\/wp-content\/uploads\/2018\/09\/Logomarca-fone-SE-4-2-1-1-1.jpg 599w, https:\/\/senoticias.com.br\/se\/wp-content\/uploads\/2018\/09\/Logomarca-fone-SE-4-2-1-1-1-300x39.jpg 300w\" sizes=\"(max-width: 599px) 100vw, 599px\" \/><\/a><\/p>\n<p><em><strong>Acompanhe o SE Not\u00edcias no<\/strong><span class=\"apple-converted-space\"><b>\u00a0<\/b><\/span><a href=\"https:\/\/twitter.com\/Senoticias\" target=\"_blank\" rel=\"noopener\"><b>Twitter<\/b><\/a><strong>,<\/strong><span class=\"apple-converted-space\"><b>\u00a0<\/b><\/span><a href=\"https:\/\/www.facebook.com\/senoticias1\" target=\"_blank\" rel=\"noopener\"><b>Facebook<\/b><span class=\"apple-converted-space\"><b>\u00a0<\/b><\/span><\/a><strong>e no<\/strong><span class=\"apple-converted-space\"><b>\u00a0<\/b><\/span><a href=\"https:\/\/www.instagram.com\/senoticias\/\" target=\"_blank\" rel=\"noopener\"><b>Instagram<\/b><\/a><\/em><\/p>\n<p><em><strong>Reda\u00e7\u00e3o <a href=\"https:\/\/veja.abril.com.br\/politica\/medicos-vetam-participacao-de-bolsonaro-nos-primeiros-debates\/\">Veja<\/a><\/strong><\/em><\/p>\n","protected":false},"excerpt":{"rendered":"<p>Os m\u00e9dicos do Hospital Albert Einstein Antonio Luiz Macedo e Leandro Echenique vetaram a participa\u00e7\u00e3o do candidato \u00e0 Presid\u00eancia da Rep\u00fablica pelo PSL, Jair Bolsonaro, no debate da TV Bandeirantes nesta quinta-feira e em outros tr\u00eas embates marcados para os pr\u00f3ximos dias. O candidato vai passar por uma nova avalia\u00e7\u00e3o na quinta-feira da semana que [&hellip;]<\/p>\n","protected":false},"author":6552,"featured_media":115602,"comment_status":"closed","ping_status":"closed","sticky":false,"template":"","format":"standard","meta":{"footnotes":""},"categories":[15,2961],"tags":[3272,10954,10953,10669],"class_list":{"0":"post-115601","1":"post","2":"type-post","3":"status-publish","4":"format-standard","5":"has-post-thumbnail","7":"category-destaques","8":"category-nacional","9":"tag-bolsonaro","10":"tag-debate-band","11":"tag-eleicoes-208","12":"tag-haddad"},"_links":{"self":[{"href":"https:\/\/senoticias.com.br\/se\/wp-json\/wp\/v2\/posts\/115601"}],"collection":[{"href":"https:\/\/senoticias.com.br\/se\/wp-json\/wp\/v2\/posts"}],"about":[{"href":"https:\/\/senoticias.com.br\/se\/wp-json\/wp\/v2\/types\/post"}],"author":[{"embeddable":true,"href":"https:\/\/senoticias.com.br\/se\/wp-json\/wp\/v2\/users\/6552"}],"replies":[{"embeddable":true,"href":"https:\/\/senoticias.com.br\/se\/wp-json\/wp\/v2\/comments?post=115601"}],"version-history":[{"count":0,"href":"https:\/\/senoticias.com.br\/se\/wp-json\/wp\/v2\/posts\/115601\/revisions"}],"wp:featuredmedia":[{"embeddable":true,"href":"https:\/\/senoticias.com.br\/se\/wp-json\/wp\/v2\/media\/115602"}],"wp:attachment":[{"href":"https:\/\/senoticias.com.br\/se\/wp-json\/wp\/v2\/media?parent=115601"}],"wp:term":[{"taxonomy":"category","embeddable":true,"href":"https:\/\/senoticias.com.br\/se\/wp-json\/wp\/v2\/categories?post=115601"},{"taxonomy":"post_tag","embeddable":true,"href":"https:\/\/senoticias.com.br\/se\/wp-json\/wp\/v2\/tags?post=115601"}],"curies":[{"name":"wp","href":"https:\/\/api.w.org\/{rel}","templated":true}]}}