{"id":115595,"date":"2018-10-10T06:44:33","date_gmt":"2018-10-10T09:44:33","guid":{"rendered":"https:\/\/senoticias.com.br\/se\/?p=115595"},"modified":"2018-10-10T06:44:33","modified_gmt":"2018-10-10T09:44:33","slug":"preso-ex-prefeito-sukita-teve-mais-de-16-mil-votos","status":"publish","type":"post","link":"https:\/\/senoticias.com.br\/se\/preso-ex-prefeito-sukita-teve-mais-de-16-mil-votos\/","title":{"rendered":"Preso, ex-prefeito Sukita teve mais de 16 mil votos"},"content":{"rendered":"<p style=\"text-align: justify;\">\nA reda\u00e7\u00e3o do <strong>portal SE Not\u00edcias<\/strong> teve acesso a rela\u00e7\u00e3o de candidatos que foram votados, mas estavam com o registro de candidatura indeferido, ou seja, que tiveram os votos anulados.<\/p>\n<div id=\"attachment_68415\" style=\"width: 605px\" class=\"wp-caption aligncenter\"><a href=\"https:\/\/senoticias.com.br\/se\/wp-content\/uploads\/2014\/08\/sukita.jpg\"><img loading=\"lazy\" decoding=\"async\" aria-describedby=\"caption-attachment-68415\" class=\"size-full wp-image-68415\" src=\"https:\/\/senoticias.com.br\/se\/wp-content\/uploads\/2014\/08\/sukita.jpg\" alt=\"\" width=\"595\" height=\"446\" srcset=\"https:\/\/senoticias.com.br\/se\/wp-content\/uploads\/2014\/08\/sukita.jpg 595w, https:\/\/senoticias.com.br\/se\/wp-content\/uploads\/2014\/08\/sukita-300x224.jpg 300w, https:\/\/senoticias.com.br\/se\/wp-content\/uploads\/2014\/08\/sukita-342x256.jpg 342w, https:\/\/senoticias.com.br\/se\/wp-content\/uploads\/2014\/08\/sukita-60x45.jpg 60w, https:\/\/senoticias.com.br\/se\/wp-content\/uploads\/2014\/08\/sukita-150x113.jpg 150w, https:\/\/senoticias.com.br\/se\/wp-content\/uploads\/2014\/08\/sukita-269x201.jpg 269w\" sizes=\"(max-width: 595px) 100vw, 595px\" \/><\/a><p id=\"caption-attachment-68415\" class=\"wp-caption-text\">Impugnado e preso, Sukita teve mais de 16 mil votos (Foto: arquivo\/ Marina Fontenele\/G1)<\/p><\/div>\n<p><strong>Confira a lista de candidatos impugnados:<\/strong><\/p>\n<p>Jos\u00e9 Luiz da Mota Cruz (Luiz\u00e3o Donatrampi) &#8211; 35.732 votos<br \/>\n<strong>Ex-prefeito Sukita<\/strong> &#8211; 16.316 votos<br \/>\nNacelio Santos de Andrade &#8211; 1.399 votos<br \/>\nJosineide Dantas &#8211; 1.288 voos<br \/>\nEraildo Reis Campos &#8211; 495 votos<br \/>\nJos\u00e9 Vieira da Silva Filho &#8211; 277 votos<\/p>\n<p style=\"text-align: justify;\">\nAs impugna\u00e7\u00f5es ocorreram por diferentes motivos, entre eles, condena\u00e7\u00f5es criminais, ato de improbidade administrativa, aus\u00eancia de desincompatibiliza\u00e7\u00e3o de cargos p\u00fablicos, irregularidade na filia\u00e7\u00e3o partid\u00e1ria e falta de quita\u00e7\u00e3o eleitoral.<\/p>\n<p><a href=\"https:\/\/senoticias.com.br\/se\/wp-content\/uploads\/2018\/09\/Logomarca-fone-SE-4-2-1-1-1.jpg\"><img loading=\"lazy\" decoding=\"async\" class=\"aligncenter size-full wp-image-115398\" src=\"https:\/\/senoticias.com.br\/se\/wp-content\/uploads\/2018\/09\/Logomarca-fone-SE-4-2-1-1-1.jpg\" alt=\"\" width=\"599\" height=\"78\" srcset=\"https:\/\/senoticias.com.br\/se\/wp-content\/uploads\/2018\/09\/Logomarca-fone-SE-4-2-1-1-1.jpg 599w, https:\/\/senoticias.com.br\/se\/wp-content\/uploads\/2018\/09\/Logomarca-fone-SE-4-2-1-1-1-300x39.jpg 300w\" sizes=\"(max-width: 599px) 100vw, 599px\" \/><\/a><\/p>\n<p><em><strong>Acompanhe o SE Not\u00edcias no<\/strong><span class=\"apple-converted-space\"><b>\u00a0<\/b><\/span><a href=\"https:\/\/twitter.com\/Senoticias\" target=\"_blank\" rel=\"noopener\"><b>Twitter<\/b><\/a><strong>,<\/strong><span class=\"apple-converted-space\"><b>\u00a0<\/b><\/span><a href=\"https:\/\/www.facebook.com\/senoticias1\" target=\"_blank\" rel=\"noopener\"><b>Facebook<\/b><span class=\"apple-converted-space\"><b>\u00a0<\/b><\/span><\/a><strong>e no<\/strong><span class=\"apple-converted-space\"><b>\u00a0<\/b><\/span><a href=\"https:\/\/www.instagram.com\/senoticias\/\" target=\"_blank\" rel=\"noopener\"><b>Instagram<\/b><\/a><\/em><\/p>\n<p><strong><em>Reda\u00e7\u00e3o SE Not\u00edcias<\/em><\/strong><\/p>\n","protected":false},"excerpt":{"rendered":"<p>A reda\u00e7\u00e3o do portal SE Not\u00edcias teve acesso a rela\u00e7\u00e3o de candidatos que foram votados, mas estavam com o registro de candidatura indeferido, ou seja, que tiveram os votos anulados. Confira a lista de candidatos impugnados: Jos\u00e9 Luiz da Mota Cruz (Luiz\u00e3o Donatrampi) &#8211; 35.732 votos Ex-prefeito Sukita &#8211; 16.316 votos Nacelio Santos de Andrade [&hellip;]<\/p>\n","protected":false},"author":6552,"featured_media":68415,"comment_status":"closed","ping_status":"closed","sticky":false,"template":"","format":"standard","meta":{"footnotes":""},"categories":[15,6],"tags":[2720,10950,811],"class_list":{"0":"post-115595","1":"post","2":"type-post","3":"status-publish","4":"format-standard","5":"has-post-thumbnail","7":"category-destaques","8":"category-politica","9":"tag-eleicoes-2018","10":"tag-luizao-donatrampi","11":"tag-sukita"},"_links":{"self":[{"href":"https:\/\/senoticias.com.br\/se\/wp-json\/wp\/v2\/posts\/115595"}],"collection":[{"href":"https:\/\/senoticias.com.br\/se\/wp-json\/wp\/v2\/posts"}],"about":[{"href":"https:\/\/senoticias.com.br\/se\/wp-json\/wp\/v2\/types\/post"}],"author":[{"embeddable":true,"href":"https:\/\/senoticias.com.br\/se\/wp-json\/wp\/v2\/users\/6552"}],"replies":[{"embeddable":true,"href":"https:\/\/senoticias.com.br\/se\/wp-json\/wp\/v2\/comments?post=115595"}],"version-history":[{"count":0,"href":"https:\/\/senoticias.com.br\/se\/wp-json\/wp\/v2\/posts\/115595\/revisions"}],"wp:featuredmedia":[{"embeddable":true,"href":"https:\/\/senoticias.com.br\/se\/wp-json\/wp\/v2\/media\/68415"}],"wp:attachment":[{"href":"https:\/\/senoticias.com.br\/se\/wp-json\/wp\/v2\/media?parent=115595"}],"wp:term":[{"taxonomy":"category","embeddable":true,"href":"https:\/\/senoticias.com.br\/se\/wp-json\/wp\/v2\/categories?post=115595"},{"taxonomy":"post_tag","embeddable":true,"href":"https:\/\/senoticias.com.br\/se\/wp-json\/wp\/v2\/tags?post=115595"}],"curies":[{"name":"wp","href":"https:\/\/api.w.org\/{rel}","templated":true}]}}