{"id":115591,"date":"2018-10-09T16:57:59","date_gmt":"2018-10-09T19:57:59","guid":{"rendered":"https:\/\/senoticias.com.br\/se\/?p=115591"},"modified":"2018-10-10T15:09:10","modified_gmt":"2018-10-10T18:09:10","slug":"veja-o-que-abre-e-o-que-fecha-no-feriado-de-sexta-feira","status":"publish","type":"post","link":"https:\/\/senoticias.com.br\/se\/veja-o-que-abre-e-o-que-fecha-no-feriado-de-sexta-feira\/","title":{"rendered":"Veja o que abre e o que fecha no feriado de sexta-feira"},"content":{"rendered":"<p><span style=\"color: #000000\">Na pr\u00f3xima sexta-feira (12) \u00e9 feriado alusivo \u00e0 Nossa Senhora Aparecida, padroeira do Brasil, por isso alguns servi\u00e7os e \u00f3rg\u00e3os p\u00fablicos ter\u00e3o o hor\u00e1rio de atendimento alterado. Confira:\u00a0<\/span><\/p>\n<div id=\"attachment_115592\" style=\"width: 609px\" class=\"wp-caption aligncenter\"><a href=\"https:\/\/senoticias.com.br\/se\/wp-content\/uploads\/2018\/10\/nossa-senhora-aparecida.jpg\"><img loading=\"lazy\" decoding=\"async\" aria-describedby=\"caption-attachment-115592\" class=\"wp-image-115592 size-full\" src=\"https:\/\/senoticias.com.br\/se\/wp-content\/uploads\/2018\/10\/nossa-senhora-aparecida-e1539114738753.jpg\" alt=\"\" width=\"599\" height=\"382\" \/><\/a><p id=\"caption-attachment-115592\" class=\"wp-caption-text\">(FOTO: REPRODU\u00c7\u00c3O\/A12.COM)<\/p><\/div>\n<p><span style=\"color: #000000\"><strong>Shopping RioMar<\/strong><\/span><\/p>\n<p><span style=\"color: #000000\">As pra\u00e7as de alimenta\u00e7\u00e3o, Rio e Mar, os restaurantes Ferreiro Grill, Camarada Camar\u00e3o, o parque eletr\u00f4nico Game Station, o Parque do Shrek, o evento Decor Baby, cafeterias, quiosques de alimenta\u00e7\u00e3o e o segmento de lazer ir\u00e3o abrir das 12h \u00e0s 22h. As demais lojas estar\u00e3o fechadas. Cinemark e GBarbosa abrir\u00e3o conforme hor\u00e1rios estabelecidos pelas redes.<\/span><\/p>\n<p><strong>Shopping Jardins<\/strong><\/p>\n<p><span style=\"color: #000000\">As lojas e quiosques do Shopping Jardins estar\u00e3o fechadas. As pra\u00e7as de alimenta\u00e7\u00e3o e lazer abrir\u00e3o das 12h \u00e0s 22h. O GBarbosa e o Cinemark obedecer\u00e3o hor\u00e1rios definidos pelas redes. <\/span><\/p>\n<p><span style=\"color: #000000\"><strong>\u00d3rg\u00e3os Municipais\u00a0<\/strong><\/span><\/p>\n<p><span style=\"color: #000000\">Os \u00f3rg\u00e3os vinculados \u00e0 Prefeitura de Aracaju n\u00e3o ter\u00e3o expediente.\u00a0 Apenas os servi\u00e7os considerados essenciais funcionam para garantir atendimento \u00e0 popula\u00e7\u00e3o.\u00a0<\/span><\/p>\n<p><span style=\"color: #000000\"><strong>Sa\u00fade<\/strong><\/span><\/p>\n<p><span style=\"color: #000000\">As Unidades de Sa\u00fade da Fam\u00edlia (USF) estar\u00e3o fechadas durante o feriado, enquanto as Unidades de Pronto Atendimento (UPA) Nestor Piva e Fernando Franco e os Centros de Aten\u00e7\u00e3o Psicossocial (Caps) 24 horas funcionar\u00e3o normalmente.<\/span><\/p>\n<p><span style=\"color: #000000\"><strong>Educa\u00e7\u00e3o<\/strong><\/span><\/p>\n<p><span style=\"color: #000000\">Nenhuma das unidades de ensino ir\u00e1 funcionar, assim como a CCTECA Galileu Galilei..<\/span><\/p>\n<p><span style=\"color: #000000\"><strong>Funcaju<\/strong><\/span><\/p>\n<p><span style=\"color: #000000\">Todas as unidades da Funcaju estar\u00e3o fechadas.<\/span><\/p>\n<p><span style=\"color: #000000\"><strong>Parque da Sementeira<\/strong><\/span><\/p>\n<p><span style=\"color: #000000\">O Parque Augusto Franco, mais conhecido como &#8220;Parque da Sementeira&#8221;, abrir\u00e1 em hor\u00e1rio normal neste feriado, das 5h \u00e0s 21h.<\/span><\/p>\n<p><span style=\"color: #000000\"><strong>Mercados e Feiras<\/strong><\/span><\/p>\n<p><span style=\"color: #000000\">Durante o feriado, os mercados centrais e setoriais estar\u00e3o abertos somente das 5h \u00e0s 13h. J\u00e1 as feiras livres que s\u00e3o realizadas neste dia acontecer\u00e3o no hor\u00e1rio normal.<\/span><\/p>\n<p>&nbsp;<\/p>\n<p><em><span style=\"color: #000000\">O funcionamento dos demais servi\u00e7os ser\u00e1 acrescentado conforme divulga\u00e7\u00e3o dos respons\u00e1veis.\u00a0<\/span><\/em><\/p>\n<p>&nbsp;<\/p>\n<p><a href=\"https:\/\/senoticias.com.br\/se\/wp-content\/uploads\/2018\/09\/Logomarca-fone-SE-4-2-1-1-1.jpg\"><img loading=\"lazy\" decoding=\"async\" class=\"aligncenter wp-image-115398 size-full\" src=\"https:\/\/senoticias.com.br\/se\/wp-content\/uploads\/2018\/09\/Logomarca-fone-SE-4-2-1-1-1.jpg\" alt=\"\" width=\"599\" height=\"78\" srcset=\"https:\/\/senoticias.com.br\/se\/wp-content\/uploads\/2018\/09\/Logomarca-fone-SE-4-2-1-1-1.jpg 599w, https:\/\/senoticias.com.br\/se\/wp-content\/uploads\/2018\/09\/Logomarca-fone-SE-4-2-1-1-1-300x39.jpg 300w\" sizes=\"(max-width: 599px) 100vw, 599px\" \/><\/a><\/p>\n<p>Da Reda\u00e7\u00e3o<\/p>\n<p><em><strong>Acompanhe o SE Not\u00edcias no<\/strong><span class=\"apple-converted-space\"><b>\u00a0<\/b><\/span><a href=\"https:\/\/twitter.com\/Senoticias\" target=\"_blank\" rel=\"noopener\"><b>Twitter<\/b><\/a><strong>,<\/strong><span class=\"apple-converted-space\"><b>\u00a0<\/b><\/span><a href=\"https:\/\/www.facebook.com\/senoticias1\" target=\"_blank\" rel=\"noopener\"><b>Facebook<\/b><span class=\"apple-converted-space\"><b>\u00a0<\/b><\/span><\/a><strong>e no<\/strong><span class=\"apple-converted-space\"><b>\u00a0<\/b><\/span><a href=\"https:\/\/www.instagram.com\/senoticias\/\" target=\"_blank\" rel=\"noopener\"><b>Instagram<\/b><\/a><\/em><\/p>\n","protected":false},"excerpt":{"rendered":"<p>Na pr\u00f3xima sexta-feira (12) \u00e9 feriado alusivo \u00e0 Nossa Senhora Aparecida, padroeira do Brasil, por isso alguns servi\u00e7os e \u00f3rg\u00e3os p\u00fablicos ter\u00e3o o hor\u00e1rio de atendimento alterado. Confira:\u00a0 Shopping RioMar As pra\u00e7as de alimenta\u00e7\u00e3o, Rio e Mar, os restaurantes Ferreiro Grill, Camarada Camar\u00e3o, o parque eletr\u00f4nico Game Station, o Parque do Shrek, o evento Decor [&hellip;]<\/p>\n","protected":false},"author":6553,"featured_media":0,"comment_status":"closed","ping_status":"closed","sticky":false,"template":"","format":"standard","meta":{"footnotes":""},"categories":[15,38],"tags":[339,370,2823,7623,3062,7496,223,3163],"class_list":{"0":"post-115591","1":"post","2":"type-post","3":"status-publish","4":"format-standard","6":"category-destaques","7":"category-municipios","8":"tag-aracaju","9":"tag-brasil","10":"tag-feriado","11":"tag-funcionamento","12":"tag-nossa-senhora-aparecida","13":"tag-padroeira","14":"tag-sergipe","15":"tag-sexta"},"_links":{"self":[{"href":"https:\/\/senoticias.com.br\/se\/wp-json\/wp\/v2\/posts\/115591"}],"collection":[{"href":"https:\/\/senoticias.com.br\/se\/wp-json\/wp\/v2\/posts"}],"about":[{"href":"https:\/\/senoticias.com.br\/se\/wp-json\/wp\/v2\/types\/post"}],"author":[{"embeddable":true,"href":"https:\/\/senoticias.com.br\/se\/wp-json\/wp\/v2\/users\/6553"}],"replies":[{"embeddable":true,"href":"https:\/\/senoticias.com.br\/se\/wp-json\/wp\/v2\/comments?post=115591"}],"version-history":[{"count":0,"href":"https:\/\/senoticias.com.br\/se\/wp-json\/wp\/v2\/posts\/115591\/revisions"}],"wp:attachment":[{"href":"https:\/\/senoticias.com.br\/se\/wp-json\/wp\/v2\/media?parent=115591"}],"wp:term":[{"taxonomy":"category","embeddable":true,"href":"https:\/\/senoticias.com.br\/se\/wp-json\/wp\/v2\/categories?post=115591"},{"taxonomy":"post_tag","embeddable":true,"href":"https:\/\/senoticias.com.br\/se\/wp-json\/wp\/v2\/tags?post=115591"}],"curies":[{"name":"wp","href":"https:\/\/api.w.org\/{rel}","templated":true}]}}