{"id":115586,"date":"2018-10-09T16:28:56","date_gmt":"2018-10-09T19:28:56","guid":{"rendered":"https:\/\/senoticias.com.br\/se\/?p=115586"},"modified":"2018-10-10T10:23:44","modified_gmt":"2018-10-10T13:23:44","slug":"ptb-anuncia-apoio-a-bolsonaro-no-segundo-turno","status":"publish","type":"post","link":"https:\/\/senoticias.com.br\/se\/ptb-anuncia-apoio-a-bolsonaro-no-segundo-turno\/","title":{"rendered":"PTB anuncia apoio a Bolsonaro no segundo turno"},"content":{"rendered":"<p><span style=\"color: #000000;\">Ap\u00f3s reuni\u00e3o da executiva nacional do PTB, em Bras\u00edlia, o presidente da legenda, Roberto Jefferson, anunciou nesta ter\u00e7a-feira (9) que apoiar\u00e1 a candidatura do PSL \u00e0 Presid\u00eancia da Rep\u00fablica, Jaior Bolsonaro. Em nota, ele afirma que Bolsonaro \u00e9 a op\u00e7\u00e3o para a pacifica\u00e7\u00e3o e a uni\u00e3o do Brasil.<\/span><\/p>\n<p><span style=\"color: #000000;\">\u201cAcreditamos que Jair Bolsonaro trabalhar\u00e1 para que o nosso pa\u00eds volte aos trilhos do desenvolvimento social e econ\u00f4mico, e pela pacifica\u00e7\u00e3o e uni\u00e3o do povo brasileiro.\u201d<\/span><\/p>\n<div id=\"attachment_115587\" style=\"width: 609px\" class=\"wp-caption aligncenter\"><a href=\"https:\/\/senoticias.com.br\/se\/wp-content\/uploads\/2018\/10\/ptb-SENOTICIAS-e1539113210351.jpg\"><img loading=\"lazy\" decoding=\"async\" aria-describedby=\"caption-attachment-115587\" class=\"wp-image-115587 size-full\" src=\"https:\/\/senoticias.com.br\/se\/wp-content\/uploads\/2018\/10\/ptb-SENOTICIAS-e1539113210351.jpg\" alt=\"\" width=\"599\" height=\"399\" \/><\/a><p id=\"caption-attachment-115587\" class=\"wp-caption-text\">Foto: Marcelo Camargo\/Ag\u00eancia Brasil<\/p><\/div>\n<p><span style=\"color: #000000;\">De acordo com Jefferson, a decis\u00e3o foi tomada ap\u00f3s consultas aos integrantes da Executiva Nacional do PTB.<\/span><\/p>\n<p><span style=\"color: #000000;\">\u201cO PTB acredita que as propostas de Bolsonaro visam a um Brasil com mais empregos e melhoria de renda aos trabalhadores; com menos impostos e menos gastos p\u00fablicos; e que respeite nossos munic\u00edpios e nossas crian\u00e7as, proporcionando a elas educa\u00e7\u00e3o de verdade e com qualidade. Dentre outros, s\u00e3o projetos que objetivam um pa\u00eds eficiente e competitivo\u201d, destacou em nota.<\/span><\/p>\n<p><span style=\"color: #000000;\">No Congresso Nacional, o PTB perdeu nomes tradicionais, que n\u00e3o conseguiram se reeleger como Cristiane Brasil (RJ), filha de Roberto Jefferson, Jovair Arantes (GO) e Nelson Marquezelli (SP). Todos eles tentaram a reelei\u00e7\u00e3o na C\u00e2mara sem sucesso. O partido conseguiu eleger nove deputados para a pr\u00f3xima legislatura.<\/span><\/p>\n<p>&nbsp;<\/p>\n<p><a href=\"https:\/\/senoticias.com.br\/se\/wp-content\/uploads\/2018\/09\/Logomarca-fone-SE-4-2-1-1-1.jpg\"><img loading=\"lazy\" decoding=\"async\" class=\"aligncenter wp-image-115398 size-full\" src=\"https:\/\/senoticias.com.br\/se\/wp-content\/uploads\/2018\/09\/Logomarca-fone-SE-4-2-1-1-1.jpg\" alt=\"\" width=\"599\" height=\"78\" srcset=\"https:\/\/senoticias.com.br\/se\/wp-content\/uploads\/2018\/09\/Logomarca-fone-SE-4-2-1-1-1.jpg 599w, https:\/\/senoticias.com.br\/se\/wp-content\/uploads\/2018\/09\/Logomarca-fone-SE-4-2-1-1-1-300x39.jpg 300w\" sizes=\"(max-width: 599px) 100vw, 599px\" \/><\/a><\/p>\n<p><em><strong>Acompanhe o SE Not\u00edcias no<\/strong><span class=\"apple-converted-space\"><b>\u00a0<\/b><\/span><a href=\"https:\/\/twitter.com\/Senoticias\" target=\"_blank\" rel=\"noopener\"><b>Twitter<\/b><\/a><strong>,<\/strong><span class=\"apple-converted-space\"><b>\u00a0<\/b><\/span><a href=\"https:\/\/www.facebook.com\/senoticias1\" target=\"_blank\" rel=\"noopener\"><b>Facebook<\/b><span class=\"apple-converted-space\"><b>\u00a0<\/b><\/span><\/a><strong>e no<\/strong><span class=\"apple-converted-space\"><b>\u00a0<\/b><\/span><a href=\"https:\/\/www.instagram.com\/senoticias\/\" target=\"_blank\" rel=\"noopener\"><b>Instagram<\/b><\/a><\/em><\/p>\n<p>Por Ag\u00eancia Brasil<\/p>\n","protected":false},"excerpt":{"rendered":"<p>Ap\u00f3s reuni\u00e3o da executiva nacional do PTB, em Bras\u00edlia, o presidente da legenda, Roberto Jefferson, anunciou nesta ter\u00e7a-feira (9) que apoiar\u00e1 a candidatura do PSL \u00e0 Presid\u00eancia da Rep\u00fablica, Jaior Bolsonaro. Em nota, ele afirma que Bolsonaro \u00e9 a op\u00e7\u00e3o para a pacifica\u00e7\u00e3o e a uni\u00e3o do Brasil. \u201cAcreditamos que Jair Bolsonaro trabalhar\u00e1 para que [&hellip;]<\/p>\n","protected":false},"author":6553,"featured_media":0,"comment_status":"closed","ping_status":"closed","sticky":false,"template":"","format":"standard","meta":{"footnotes":""},"categories":[6],"tags":[371,3272,370,638,2168,7815,223],"class_list":{"0":"post-115586","1":"post","2":"type-post","3":"status-publish","4":"format-standard","6":"category-politica","7":"tag-371","8":"tag-bolsonaro","9":"tag-brasil","10":"tag-eleicoes","11":"tag-politica","12":"tag-ptb","13":"tag-sergipe"},"_links":{"self":[{"href":"https:\/\/senoticias.com.br\/se\/wp-json\/wp\/v2\/posts\/115586"}],"collection":[{"href":"https:\/\/senoticias.com.br\/se\/wp-json\/wp\/v2\/posts"}],"about":[{"href":"https:\/\/senoticias.com.br\/se\/wp-json\/wp\/v2\/types\/post"}],"author":[{"embeddable":true,"href":"https:\/\/senoticias.com.br\/se\/wp-json\/wp\/v2\/users\/6553"}],"replies":[{"embeddable":true,"href":"https:\/\/senoticias.com.br\/se\/wp-json\/wp\/v2\/comments?post=115586"}],"version-history":[{"count":0,"href":"https:\/\/senoticias.com.br\/se\/wp-json\/wp\/v2\/posts\/115586\/revisions"}],"wp:attachment":[{"href":"https:\/\/senoticias.com.br\/se\/wp-json\/wp\/v2\/media?parent=115586"}],"wp:term":[{"taxonomy":"category","embeddable":true,"href":"https:\/\/senoticias.com.br\/se\/wp-json\/wp\/v2\/categories?post=115586"},{"taxonomy":"post_tag","embeddable":true,"href":"https:\/\/senoticias.com.br\/se\/wp-json\/wp\/v2\/tags?post=115586"}],"curies":[{"name":"wp","href":"https:\/\/api.w.org\/{rel}","templated":true}]}}