{"id":115519,"date":"2018-10-04T13:37:39","date_gmt":"2018-10-04T16:37:39","guid":{"rendered":"https:\/\/senoticias.com.br\/se\/?p=115519"},"modified":"2018-10-04T14:29:54","modified_gmt":"2018-10-04T17:29:54","slug":"fundat-promove-sexta-do-cadastro-no-bairro-coroa-do-meio","status":"publish","type":"post","link":"https:\/\/senoticias.com.br\/se\/fundat-promove-sexta-do-cadastro-no-bairro-coroa-do-meio\/","title":{"rendered":"Fundat promove \u2018Sexta do Cadastro\u2019 no bairro Coroa do Meio"},"content":{"rendered":"<p><span style=\"color: #000000\">Nesta sexta-feira, 5, a Funda\u00e7\u00e3o Municipal de Forma\u00e7\u00e3o para o Trabalho (Fundat), atrav\u00e9s da Ag\u00eancia do Trabalhador, realizar\u00e1 a \u2018Sexta do Cadastro&#8217;, uma a\u00e7\u00e3o que levar\u00e1 ao bairro Coroa do Meio e adjac\u00eancias o servi\u00e7o de cadastro de curr\u00edculo.<\/span><\/p>\n<div id=\"attachment_115520\" style=\"width: 609px\" class=\"wp-caption aligncenter\"><a href=\"https:\/\/senoticias.com.br\/se\/wp-content\/uploads\/2018\/10\/sexta_do_cadastro.png-e1538671001391.png\"><img loading=\"lazy\" decoding=\"async\" aria-describedby=\"caption-attachment-115520\" class=\"wp-image-115520 size-full\" src=\"https:\/\/senoticias.com.br\/se\/wp-content\/uploads\/2018\/10\/sexta_do_cadastro.png-e1538671001391.png\" alt=\"\" width=\"599\" height=\"599\" \/><\/a><p id=\"caption-attachment-115520\" class=\"wp-caption-text\">Imagem: Ascom\/Fundat<\/p><\/div>\n<p><span style=\"color: #000000\">O cadastro ser\u00e1 realizado das 10h \u00e0s 13h, na Unidade de Qualifica\u00e7\u00e3o Profissional (UQP) Coroa do Meio I, situada na rua Josu\u00e9 Carvalho Cunha, n\u00ba 2.191, pr\u00f3ximo ao Cras Benjamim Alves Carvalho. Durante a a\u00e7\u00e3o, a equipe a Ag\u00eancia do Trabalhador receber\u00e1 o curr\u00edculo de candidatos que possuam os pr\u00e9-requisitos destinados \u00e0s vagas de emprego para de auxiliar de cozinha, camareira, mensageiro de hotel, gar\u00e7om, gerente de hospedagem e est\u00e1gio na \u00e1rea de t\u00e9cnico em refrigera\u00e7\u00e3o.<\/span><\/p>\n<p><span style=\"color: #000000\">Os interessados em participar devem comparecer ao local portando o RG, CPF e curr\u00edculo. Para mais informa\u00e7\u00f5es, entrar em contato pelo telefone (79) 3179-1395.<\/span><\/p>\n<p>&nbsp;<\/p>\n<p><a href=\"https:\/\/senoticias.com.br\/se\/wp-content\/uploads\/2018\/09\/Logomarca-fone-SE-4-2-1-1-1.jpg\"><img loading=\"lazy\" decoding=\"async\" class=\"aligncenter wp-image-115398 size-full\" src=\"https:\/\/senoticias.com.br\/se\/wp-content\/uploads\/2018\/09\/Logomarca-fone-SE-4-2-1-1-1.jpg\" alt=\"\" width=\"599\" height=\"78\" srcset=\"https:\/\/senoticias.com.br\/se\/wp-content\/uploads\/2018\/09\/Logomarca-fone-SE-4-2-1-1-1.jpg 599w, https:\/\/senoticias.com.br\/se\/wp-content\/uploads\/2018\/09\/Logomarca-fone-SE-4-2-1-1-1-300x39.jpg 300w\" sizes=\"(max-width: 599px) 100vw, 599px\" \/><\/a><\/p>\n<p><em><strong>Acompanhe o SE Not\u00edcias no<\/strong><span class=\"apple-converted-space\"><b>\u00a0<\/b><\/span><a href=\"https:\/\/twitter.com\/Senoticias\" target=\"_blank\" rel=\"noopener\"><b>Twitter<\/b><\/a><strong>,<\/strong><span class=\"apple-converted-space\"><b>\u00a0<\/b><\/span><a href=\"https:\/\/www.facebook.com\/senoticias1\" target=\"_blank\" rel=\"noopener\"><b>Facebook<\/b><span class=\"apple-converted-space\"><b>\u00a0<\/b><\/span><\/a><strong>e no<\/strong><span class=\"apple-converted-space\"><b>\u00a0<\/b><\/span><a href=\"https:\/\/www.instagram.com\/senoticias\/\" target=\"_blank\" rel=\"noopener\"><b>Instagram<\/b><\/a><\/em><\/p>\n<p>Por Ascom Fundat<\/p>\n","protected":false},"excerpt":{"rendered":"<p>Nesta sexta-feira, 5, a Funda\u00e7\u00e3o Municipal de Forma\u00e7\u00e3o para o Trabalho (Fundat), atrav\u00e9s da Ag\u00eancia do Trabalhador, realizar\u00e1 a \u2018Sexta do Cadastro&#8217;, uma a\u00e7\u00e3o que levar\u00e1 ao bairro Coroa do Meio e adjac\u00eancias o servi\u00e7o de cadastro de curr\u00edculo. O cadastro ser\u00e1 realizado das 10h \u00e0s 13h, na Unidade de Qualifica\u00e7\u00e3o Profissional (UQP) Coroa do [&hellip;]<\/p>\n","protected":false},"author":6553,"featured_media":0,"comment_status":"closed","ping_status":"closed","sticky":false,"template":"","format":"standard","meta":{"footnotes":""},"categories":[15,38],"tags":[339,5918,8063,641,7917,223,3028],"class_list":{"0":"post-115519","1":"post","2":"type-post","3":"status-publish","4":"format-standard","6":"category-destaques","7":"category-municipios","8":"tag-aracaju","9":"tag-coroa-do-meio","10":"tag-curriculo","11":"tag-fundat","12":"tag-profissional","13":"tag-sergipe","14":"tag-vagas"},"_links":{"self":[{"href":"https:\/\/senoticias.com.br\/se\/wp-json\/wp\/v2\/posts\/115519"}],"collection":[{"href":"https:\/\/senoticias.com.br\/se\/wp-json\/wp\/v2\/posts"}],"about":[{"href":"https:\/\/senoticias.com.br\/se\/wp-json\/wp\/v2\/types\/post"}],"author":[{"embeddable":true,"href":"https:\/\/senoticias.com.br\/se\/wp-json\/wp\/v2\/users\/6553"}],"replies":[{"embeddable":true,"href":"https:\/\/senoticias.com.br\/se\/wp-json\/wp\/v2\/comments?post=115519"}],"version-history":[{"count":0,"href":"https:\/\/senoticias.com.br\/se\/wp-json\/wp\/v2\/posts\/115519\/revisions"}],"wp:attachment":[{"href":"https:\/\/senoticias.com.br\/se\/wp-json\/wp\/v2\/media?parent=115519"}],"wp:term":[{"taxonomy":"category","embeddable":true,"href":"https:\/\/senoticias.com.br\/se\/wp-json\/wp\/v2\/categories?post=115519"},{"taxonomy":"post_tag","embeddable":true,"href":"https:\/\/senoticias.com.br\/se\/wp-json\/wp\/v2\/tags?post=115519"}],"curies":[{"name":"wp","href":"https:\/\/api.w.org\/{rel}","templated":true}]}}