{"id":115508,"date":"2018-10-03T16:05:18","date_gmt":"2018-10-03T19:05:18","guid":{"rendered":"https:\/\/senoticias.com.br\/se\/?p=115508"},"modified":"2018-10-03T16:05:18","modified_gmt":"2018-10-03T19:05:18","slug":"mpe-pede-multa-r-2-milhoes-se-prefeitura-de-lagarto-desobedecer-a-justica-eleitoral","status":"publish","type":"post","link":"https:\/\/senoticias.com.br\/se\/mpe-pede-multa-r-2-milhoes-se-prefeitura-de-lagarto-desobedecer-a-justica-eleitoral\/","title":{"rendered":"MPE pede multa R$ 2 milh\u00f5es se prefeitura de Lagarto desobedecer a Justi\u00e7a Eleitoral"},"content":{"rendered":"<p style=\"text-align: justify;\">O Minist\u00e9rio P\u00fablico Eleitoral em Sergipe pediu \u00e0 Justi\u00e7a que aumente a multa de R$ 200 mil para R$ 2 milh\u00f5es caso a prefeitura de Lagarto descumpra decis\u00e3o judicial e realize os eventos marcados para o dia 3 e 4 de outubro. Nas datas que antecedem as elei\u00e7\u00f5es, o prefeito do munic\u00edpio, Jos\u00e9 Valmir Monteiro, havia agendado inaugura\u00e7\u00e3o de um conjunto habitacional e reinaugura\u00e7\u00e3o de uma pra\u00e7a.<\/p>\n<div id=\"attachment_114864\" style=\"width: 609px\" class=\"wp-caption alignnone\"><a href=\"https:\/\/senoticias.com.br\/se\/wp-content\/uploads\/2018\/08\/Procuradora-Eunice-Dantas-SE-Noticias-e1535137055576.jpg\"><img loading=\"lazy\" decoding=\"async\" aria-describedby=\"caption-attachment-114864\" class=\"size-full wp-image-114864\" src=\"https:\/\/senoticias.com.br\/se\/wp-content\/uploads\/2018\/08\/Procuradora-Eunice-Dantas-SE-Noticias-e1535137055576.jpg\" alt=\"\" width=\"599\" height=\"398\" \/><\/a><p id=\"caption-attachment-114864\" class=\"wp-caption-text\">Procuradora regional eleitoral, Eunice Dantas. (Foto: arquivo\/MPF)<\/p><\/div>\n<p style=\"text-align: justify;\">\n<p>No entanto, segundo o MP Eleitoral, os eventos serviriam para promover as candidaturas de F\u00e1bio de Almeida Reis ao cargo de Deputado Federal e Ibrain Silva Monteiro, filho de Jos\u00e9 Valmir, ao cargo de Deputado Estadual. \u201cAs duas atividades podem muito bem ser realizadas depois das elei\u00e7\u00f5es\u201d, destaca a procuradora regional eleitoral, Eunice Dantas.<\/p>\n<p><b>Entenda o caso\u00a0<\/b>&#8211;\u00a0A pedido do MPE, a Justi\u00e7a Eleitoral determinou a suspens\u00e3o dos eventos de inaugura\u00e7\u00e3o do Conjunto Residencial Jo\u00e3o Almeida Rocha, agendado para o dia 3 de outubro e da reinaugura\u00e7\u00e3o da Pra\u00e7a Zez\u00e9 Rocha, marcada para o dia 4. Em caso de descumprimento, ficou estabelecida multa de R$ 200 mil para cada evento.\u00a0A Prefeitura foi notificada da proibi\u00e7\u00e3o na ter\u00e7a-feira, 2 de outubro.<\/p>\n<p>Mas, mesmo com a determina\u00e7\u00e3o da Justi\u00e7a, o MP Eleitoral recebeu v\u00eddeos que comprovam que a estrutura j\u00e1 est\u00e1 devidamente montada para a &#8220;festa&#8221;,\u00a0inclusive com a presen\u00e7a de populares. \u201cNosso pedido de aumento de multa \u00e9 para impedir que os eventos sejam realizados\u201d, explica Eunice Dantas.<\/p>\n<div>\n<p style=\"text-align: justify;\"><em>Assessoria de Comunica\u00e7\u00e3o<\/em><br \/>\n<em>Minist\u00e9rio P\u00fablico Federal em Sergipe<\/em><\/p>\n<\/div>\n<p><a href=\"https:\/\/senoticias.com.br\/se\/wp-content\/uploads\/2018\/09\/Logomarca-fone-SE-4-2-1-1-1.jpg\"><img loading=\"lazy\" decoding=\"async\" class=\"alignnone size-full wp-image-115398\" src=\"https:\/\/senoticias.com.br\/se\/wp-content\/uploads\/2018\/09\/Logomarca-fone-SE-4-2-1-1-1.jpg\" alt=\"\" width=\"599\" height=\"78\" srcset=\"https:\/\/senoticias.com.br\/se\/wp-content\/uploads\/2018\/09\/Logomarca-fone-SE-4-2-1-1-1.jpg 599w, https:\/\/senoticias.com.br\/se\/wp-content\/uploads\/2018\/09\/Logomarca-fone-SE-4-2-1-1-1-300x39.jpg 300w\" sizes=\"(max-width: 599px) 100vw, 599px\" \/><\/a><\/p>\n<p>&nbsp;<\/p>\n<p><em><strong>Acompanhe o SE Not\u00edcias no<\/strong><span class=\"apple-converted-space\"><b>\u00a0<\/b><\/span><a href=\"https:\/\/twitter.com\/Senoticias\" target=\"_blank\" rel=\"noopener\"><b>Twitter<\/b><\/a><strong>,<\/strong><span class=\"apple-converted-space\"><b>\u00a0<\/b><\/span><a href=\"https:\/\/www.facebook.com\/senoticias1\" target=\"_blank\" rel=\"noopener\"><b>Facebook<\/b><span class=\"apple-converted-space\"><b>\u00a0<\/b><\/span><\/a><strong>e no<\/strong><span class=\"apple-converted-space\"><b>\u00a0<\/b><\/span><a href=\"https:\/\/www.instagram.com\/senoticias\/\" target=\"_blank\" rel=\"noopener\"><b>Instagram<\/b><\/a><\/em><\/p>\n<p>&nbsp;<\/p>\n","protected":false},"excerpt":{"rendered":"<p>O Minist\u00e9rio P\u00fablico Eleitoral em Sergipe pediu \u00e0 Justi\u00e7a que aumente a multa de R$ 200 mil para R$ 2 milh\u00f5es caso a prefeitura de Lagarto descumpra decis\u00e3o judicial e realize os eventos marcados para o dia 3 e 4 de outubro. Nas datas que antecedem as elei\u00e7\u00f5es, o prefeito do munic\u00edpio, Jos\u00e9 Valmir Monteiro, [&hellip;]<\/p>\n","protected":false},"author":6552,"featured_media":114864,"comment_status":"closed","ping_status":"closed","sticky":false,"template":"","format":"standard","meta":{"footnotes":""},"categories":[15],"tags":[10917,10350,10918,2910,10919],"class_list":{"0":"post-115508","1":"post","2":"type-post","3":"status-publish","4":"format-standard","5":"has-post-thumbnail","7":"category-destaques","8":"tag-eunice-dantas","9":"tag-justica-eleitoral","10":"tag-mp-eleitoral","11":"tag-mpe","12":"tag-procuradora-regional-eleitoral"},"_links":{"self":[{"href":"https:\/\/senoticias.com.br\/se\/wp-json\/wp\/v2\/posts\/115508"}],"collection":[{"href":"https:\/\/senoticias.com.br\/se\/wp-json\/wp\/v2\/posts"}],"about":[{"href":"https:\/\/senoticias.com.br\/se\/wp-json\/wp\/v2\/types\/post"}],"author":[{"embeddable":true,"href":"https:\/\/senoticias.com.br\/se\/wp-json\/wp\/v2\/users\/6552"}],"replies":[{"embeddable":true,"href":"https:\/\/senoticias.com.br\/se\/wp-json\/wp\/v2\/comments?post=115508"}],"version-history":[{"count":0,"href":"https:\/\/senoticias.com.br\/se\/wp-json\/wp\/v2\/posts\/115508\/revisions"}],"wp:featuredmedia":[{"embeddable":true,"href":"https:\/\/senoticias.com.br\/se\/wp-json\/wp\/v2\/media\/114864"}],"wp:attachment":[{"href":"https:\/\/senoticias.com.br\/se\/wp-json\/wp\/v2\/media?parent=115508"}],"wp:term":[{"taxonomy":"category","embeddable":true,"href":"https:\/\/senoticias.com.br\/se\/wp-json\/wp\/v2\/categories?post=115508"},{"taxonomy":"post_tag","embeddable":true,"href":"https:\/\/senoticias.com.br\/se\/wp-json\/wp\/v2\/tags?post=115508"}],"curies":[{"name":"wp","href":"https:\/\/api.w.org\/{rel}","templated":true}]}}