{"id":115475,"date":"2018-10-02T14:17:37","date_gmt":"2018-10-02T17:17:37","guid":{"rendered":"https:\/\/senoticias.com.br\/se\/?p=115475"},"modified":"2018-10-02T15:12:59","modified_gmt":"2018-10-02T18:12:59","slug":"fundat-cadastra-instrutores-para-ministrar-cursos-de-qualificacao-profissional","status":"publish","type":"post","link":"https:\/\/senoticias.com.br\/se\/fundat-cadastra-instrutores-para-ministrar-cursos-de-qualificacao-profissional\/","title":{"rendered":"Fundat cadastra instrutores para ministrar cursos de qualifica\u00e7\u00e3o profissional"},"content":{"rendered":"<p style=\"text-align: justify;\"><span style=\"color: #000000;\">A Funda\u00e7\u00e3o Municipal de Forma\u00e7\u00e3o para o Trabalho (Fundat), por meio da Diretoria de Forma\u00e7\u00e3o Profissional (Dirfop), realiza frequentemente a inscri\u00e7\u00e3o de profissionais interessados em trabalhar como docente dos cursos livres oferecidos pela institui\u00e7\u00e3o.<\/span><\/p>\n<p style=\"text-align: justify;\"><span style=\"color: #000000;\">O portf\u00f3lio de cursos seguem os seguintes eixos: Gest\u00e3o de Neg\u00f3cios, Desenvolvimento Social e Educacional, Informa\u00e7\u00e3o e Comunica\u00e7\u00e3o, Ambiente e Sa\u00fade; Produ\u00e7\u00e3o Cultural e Design; Produ\u00e7\u00e3o Aliment\u00edcia; e Infraestrutura.<\/span><\/p>\n<div id=\"attachment_115021\" style=\"width: 609px\" class=\"wp-caption aligncenter\"><a href=\"https:\/\/senoticias.com.br\/se\/wp-content\/uploads\/2018\/09\/fundat-aracaju-e1536001195692.jpg\"><img loading=\"lazy\" decoding=\"async\" aria-describedby=\"caption-attachment-115021\" class=\"wp-image-115021 size-full\" src=\"https:\/\/senoticias.com.br\/se\/wp-content\/uploads\/2018\/09\/fundat-aracaju-e1536001195692.jpg\" alt=\"\" width=\"599\" height=\"308\" \/><\/a><p id=\"caption-attachment-115021\" class=\"wp-caption-text\">Arte: Fundat<\/p><\/div>\n<p style=\"text-align: justify;\"><span style=\"color: #000000;\">Para se disponibilizar como instrutor de cursos, o cadastro do curr\u00edculo pode ser feito na Diretoria de Forma\u00e7\u00e3o Profissional, de segunda a sexta, das 8h \u00e0s 12h e das 14h \u00e0s 16h30, na sede da Fundat, localizada na rua Pacatuba, 104, Centro de Aracaju.<\/span><\/p>\n<p style=\"text-align: justify;\"><span style=\"color: #000000;\">No ato da inscri\u00e7\u00e3o \u00e9 necess\u00e1rio apresentar os seguintes documentos: curr\u00edculo atualizado, RG, CPF (original e c\u00f3pia autenticada), PIS\/PASEP, t\u00edtulo de eleitor, comprovante de resid\u00eancia com CEP, dados banc\u00e1rios, certificado de habilita\u00e7\u00e3o profissional (autenticado), e certificado de n\u00edvel superior quando graduado (autenticado).<\/span><\/p>\n<p><span style=\"color: #000000;\">De acordo com o presidente da Fundat, Jorge Ara\u00fajo, a institui\u00e7\u00e3o oferece um portf\u00f3lio de cursos que est\u00e3o alinhados com a demanda do mercado de trabalho. &#8220;Para isso, a gente tem que contar com instrutores capacitados e qualificados. Ent\u00e3o, os cursos que n\u00f3s oferecemos aos aracajuanos s\u00e3o de qualidade e de excel\u00eancia. Al\u00e9m disso, realizamos um acompanhamento pedag\u00f3gico muito bom tanto para docentes como para alunos&#8221;, explicou.<\/span><\/p>\n<p>&nbsp;<\/p>\n<p><a href=\"https:\/\/senoticias.com.br\/se\/wp-content\/uploads\/2018\/09\/Logomarca-fone-SE-4-2-1-1-1.jpg\"><img loading=\"lazy\" decoding=\"async\" class=\"aligncenter wp-image-115398 size-full\" src=\"https:\/\/senoticias.com.br\/se\/wp-content\/uploads\/2018\/09\/Logomarca-fone-SE-4-2-1-1-1.jpg\" alt=\"\" width=\"599\" height=\"78\" srcset=\"https:\/\/senoticias.com.br\/se\/wp-content\/uploads\/2018\/09\/Logomarca-fone-SE-4-2-1-1-1.jpg 599w, https:\/\/senoticias.com.br\/se\/wp-content\/uploads\/2018\/09\/Logomarca-fone-SE-4-2-1-1-1-300x39.jpg 300w\" sizes=\"(max-width: 599px) 100vw, 599px\" \/><\/a><\/p>\n<p><em><strong>Acompanhe o SE Not\u00edcias no<\/strong><span class=\"apple-converted-space\"><b>\u00a0<\/b><\/span><a href=\"https:\/\/twitter.com\/Senoticias\" target=\"_blank\" rel=\"noopener\"><b>Twitter<\/b><\/a><strong>,<\/strong><span class=\"apple-converted-space\"><b>\u00a0<\/b><\/span><a href=\"https:\/\/www.facebook.com\/senoticias1\" target=\"_blank\" rel=\"noopener\"><b>Facebook<\/b><span class=\"apple-converted-space\"><b>\u00a0<\/b><\/span><\/a><strong>e no<\/strong><span class=\"apple-converted-space\"><b>\u00a0<\/b><\/span><a href=\"https:\/\/www.instagram.com\/senoticias\/\" target=\"_blank\" rel=\"noopener\"><b>Instagram<\/b><\/a><\/em><\/p>\n<p>Por Ascom Fundat<\/p>\n","protected":false},"excerpt":{"rendered":"<p>A Funda\u00e7\u00e3o Municipal de Forma\u00e7\u00e3o para o Trabalho (Fundat), por meio da Diretoria de Forma\u00e7\u00e3o Profissional (Dirfop), realiza frequentemente a inscri\u00e7\u00e3o de profissionais interessados em trabalhar como docente dos cursos livres oferecidos pela institui\u00e7\u00e3o. O portf\u00f3lio de cursos seguem os seguintes eixos: Gest\u00e3o de Neg\u00f3cios, Desenvolvimento Social e Educacional, Informa\u00e7\u00e3o e Comunica\u00e7\u00e3o, Ambiente e Sa\u00fade; [&hellip;]<\/p>\n","protected":false},"author":6553,"featured_media":0,"comment_status":"closed","ping_status":"closed","sticky":false,"template":"","format":"standard","meta":{"footnotes":""},"categories":[10,38],"tags":[339,3022,3027,641,8190,223,1612],"class_list":{"0":"post-115475","1":"post","2":"type-post","3":"status-publish","4":"format-standard","6":"category-empregos","7":"category-municipios","8":"tag-aracaju","9":"tag-cursos","10":"tag-emprego","11":"tag-fundat","12":"tag-profissao","13":"tag-sergipe","14":"tag-trabalho"},"_links":{"self":[{"href":"https:\/\/senoticias.com.br\/se\/wp-json\/wp\/v2\/posts\/115475"}],"collection":[{"href":"https:\/\/senoticias.com.br\/se\/wp-json\/wp\/v2\/posts"}],"about":[{"href":"https:\/\/senoticias.com.br\/se\/wp-json\/wp\/v2\/types\/post"}],"author":[{"embeddable":true,"href":"https:\/\/senoticias.com.br\/se\/wp-json\/wp\/v2\/users\/6553"}],"replies":[{"embeddable":true,"href":"https:\/\/senoticias.com.br\/se\/wp-json\/wp\/v2\/comments?post=115475"}],"version-history":[{"count":0,"href":"https:\/\/senoticias.com.br\/se\/wp-json\/wp\/v2\/posts\/115475\/revisions"}],"wp:attachment":[{"href":"https:\/\/senoticias.com.br\/se\/wp-json\/wp\/v2\/media?parent=115475"}],"wp:term":[{"taxonomy":"category","embeddable":true,"href":"https:\/\/senoticias.com.br\/se\/wp-json\/wp\/v2\/categories?post=115475"},{"taxonomy":"post_tag","embeddable":true,"href":"https:\/\/senoticias.com.br\/se\/wp-json\/wp\/v2\/tags?post=115475"}],"curies":[{"name":"wp","href":"https:\/\/api.w.org\/{rel}","templated":true}]}}