{"id":115455,"date":"2018-10-01T15:25:33","date_gmt":"2018-10-01T18:25:33","guid":{"rendered":"https:\/\/senoticias.com.br\/se\/?p=115455"},"modified":"2018-10-01T15:25:33","modified_gmt":"2018-10-01T18:25:33","slug":"defesa-civil-de-aracaju-avalia-risco-de-queda-de-arvores-no-morro-do-urubu","status":"publish","type":"post","link":"https:\/\/senoticias.com.br\/se\/defesa-civil-de-aracaju-avalia-risco-de-queda-de-arvores-no-morro-do-urubu\/","title":{"rendered":"Defesa Civil de Aracaju avalia risco de queda de \u00e1rvores no Morro do Urubu"},"content":{"rendered":"<p><span style=\"color: #000000\">Na manh\u00e3 desta segunda-feira, 1\u00ba de outubro, a Secretaria Municipal da Defesa Social e da Cidadania (Semdec), por meio da Defesa Civil de Aracaju, atendeu ao chamado de uma moradora do Morro do Urubu, na zona Norte da capital, para avalia\u00e7\u00e3o do risco de queda de \u00e1rvore. A preocupa\u00e7\u00e3o da solicitante serve como um alerta, tamb\u00e9m, para os demais moradores de \u00e1reas de risco. \u00c9 preciso estar atento aos sinais de anormalidade e acionar a Defesa Civil, por meio do n\u00famero emergencial 199.<\/span><\/p>\n<div id=\"attachment_115457\" style=\"width: 460px\" class=\"wp-caption aligncenter\"><a href=\"https:\/\/senoticias.com.br\/se\/wp-content\/uploads\/2018\/10\/vistoria_morro_do_urubu-e1538418242428.jpg\"><img loading=\"lazy\" decoding=\"async\" aria-describedby=\"caption-attachment-115457\" class=\"wp-image-115457 size-full\" src=\"https:\/\/senoticias.com.br\/se\/wp-content\/uploads\/2018\/10\/vistoria_morro_do_urubu-e1538418242428.jpg\" alt=\"\" width=\"450\" height=\"600\" \/><\/a><p id=\"caption-attachment-115457\" class=\"wp-caption-text\">Vistoria no Morro do Urubu. Foto: Defesa Civil Aracaju<\/p><\/div>\n<p><span style=\"color: #000000\">O coordenador t\u00e9cnico e operacional da Defesa Civil de Aracaju, Robson Rabelo, ressalta que cabe a Defesa Civil realizar o monitoramento e a avalia\u00e7\u00e3o de risco, por\u00e9m, a depender de cada caso, outros \u00f3rg\u00e3os s\u00e3o acionados. &#8220;Acionamos o \u00f3rg\u00e3o que possui a expertise e compet\u00eancia necess\u00e1ria para uma avalia\u00e7\u00e3o mais aprofundada da situa\u00e7\u00e3o, seja esse \u00f3rg\u00e3o municipal ou estadual&#8221;, explicou.<\/span><\/p>\n<p><span style=\"color: #000000\">O chamado atendido, nesta manh\u00e3, com \u00eanfase para a situa\u00e7\u00e3o de uma \u00e1rvore, contou com a atua\u00e7\u00e3o da Secretaria de Estado do Meio Ambiente e dos Recursos H\u00eddricos (Semarh), que atuou conjuntamente na localidade, que \u00e9 de compet\u00eancia do Estado. Durante a avalia\u00e7\u00e3o, foram identificadas as necessidades para a\u00e7\u00f5es preventivas. &#8220;Em rela\u00e7\u00e3o \u00e0 \u00e1rvore, foram identificadas ra\u00edzes expostas. Outros riscos tamb\u00e9m foram constatados como a exist\u00eancia de um muro que se encontra comprometido, al\u00e9m da necessidade de obras para direcionamento das \u00e1guas. Essas situa\u00e7\u00f5es ser\u00e3o monitoradas e provid\u00eancias ser\u00e3o solicitadas&#8221;, destacou o Robson Rabelo.<\/span><\/p>\n<p><strong><span style=\"color: #000000\">Aten\u00e7\u00e3o<\/span><\/strong><\/p>\n<p><span style=\"color: #000000\">\u00c1rvores com inclina\u00e7\u00e3o, ra\u00edzes expostas, al\u00e9m de muros de conten\u00e7\u00e3o que apresentem inclina\u00e7\u00e3o ou rachaduras, devem receber aten\u00e7\u00e3o especial, pois estas s\u00e3o patologias que podem evoluir se n\u00e3o cuidadas de maneira adequada. Para essas situa\u00e7\u00f5es a Defesa Civil realiza a avalia\u00e7\u00e3o de risco iminente, com a verifica\u00e7\u00e3o de possibilidade de colapso.<\/span><\/p>\n<p><span style=\"color: #000000\">A Defesa Civil orienta, ainda, que as \u00e1rvores n\u00e3o devem ser retiradas. Al\u00e9m disso, \u00e9 preciso n\u00e3o acumular lixo e n\u00e3o realizar queimadas, pois h\u00e1 possibilidade de propaga\u00e7\u00e3o do fogo, o que pode causar acidentes graves.<\/span><\/p>\n<p><span style=\"color: #000000\">Caso as patologias sejam notadas \u00e9 importante entrar em contato o quanto antes com a Defesa Civil, atrav\u00e9s do n\u00famero 199. O servi\u00e7o est\u00e1 \u00e0 disposi\u00e7\u00e3o 24h.<\/span><\/p>\n<p>&nbsp;<\/p>\n<p><a href=\"https:\/\/senoticias.com.br\/se\/wp-content\/uploads\/2018\/09\/Logomarca-fone-SE-4-2-1-1-1.jpg\"><img loading=\"lazy\" decoding=\"async\" class=\"aligncenter wp-image-115398 size-full\" src=\"https:\/\/senoticias.com.br\/se\/wp-content\/uploads\/2018\/09\/Logomarca-fone-SE-4-2-1-1-1.jpg\" alt=\"\" width=\"599\" height=\"78\" srcset=\"https:\/\/senoticias.com.br\/se\/wp-content\/uploads\/2018\/09\/Logomarca-fone-SE-4-2-1-1-1.jpg 599w, https:\/\/senoticias.com.br\/se\/wp-content\/uploads\/2018\/09\/Logomarca-fone-SE-4-2-1-1-1-300x39.jpg 300w\" sizes=\"(max-width: 599px) 100vw, 599px\" \/><\/a><\/p>\n<p>Por Ascom Defesa Civil<\/p>\n","protected":false},"excerpt":{"rendered":"<p>Na manh\u00e3 desta segunda-feira, 1\u00ba de outubro, a Secretaria Municipal da Defesa Social e da Cidadania (Semdec), por meio da Defesa Civil de Aracaju, atendeu ao chamado de uma moradora do Morro do Urubu, na zona Norte da capital, para avalia\u00e7\u00e3o do risco de queda de \u00e1rvore. A preocupa\u00e7\u00e3o da solicitante serve como um alerta, [&hellip;]<\/p>\n","protected":false},"author":6553,"featured_media":0,"comment_status":"closed","ping_status":"closed","sticky":false,"template":"","format":"standard","meta":{"footnotes":""},"categories":[15,38],"tags":[339,4532,6314,10899,10900,223],"class_list":{"0":"post-115455","1":"post","2":"type-post","3":"status-publish","4":"format-standard","6":"category-destaques","7":"category-municipios","8":"tag-aracaju","9":"tag-atencao","10":"tag-defesa-civil","11":"tag-morro-do-urubu","12":"tag-riscos","13":"tag-sergipe"},"_links":{"self":[{"href":"https:\/\/senoticias.com.br\/se\/wp-json\/wp\/v2\/posts\/115455"}],"collection":[{"href":"https:\/\/senoticias.com.br\/se\/wp-json\/wp\/v2\/posts"}],"about":[{"href":"https:\/\/senoticias.com.br\/se\/wp-json\/wp\/v2\/types\/post"}],"author":[{"embeddable":true,"href":"https:\/\/senoticias.com.br\/se\/wp-json\/wp\/v2\/users\/6553"}],"replies":[{"embeddable":true,"href":"https:\/\/senoticias.com.br\/se\/wp-json\/wp\/v2\/comments?post=115455"}],"version-history":[{"count":0,"href":"https:\/\/senoticias.com.br\/se\/wp-json\/wp\/v2\/posts\/115455\/revisions"}],"wp:attachment":[{"href":"https:\/\/senoticias.com.br\/se\/wp-json\/wp\/v2\/media?parent=115455"}],"wp:term":[{"taxonomy":"category","embeddable":true,"href":"https:\/\/senoticias.com.br\/se\/wp-json\/wp\/v2\/categories?post=115455"},{"taxonomy":"post_tag","embeddable":true,"href":"https:\/\/senoticias.com.br\/se\/wp-json\/wp\/v2\/tags?post=115455"}],"curies":[{"name":"wp","href":"https:\/\/api.w.org\/{rel}","templated":true}]}}