{"id":115442,"date":"2018-09-30T15:09:03","date_gmt":"2018-09-30T18:09:03","guid":{"rendered":"https:\/\/senoticias.com.br\/se\/?p=115442"},"modified":"2018-09-30T16:04:56","modified_gmt":"2018-09-30T19:04:56","slug":"pesquisa-mda-cnt-indica-empate-tecnico-entre-bolsonaro-e-haddad","status":"publish","type":"post","link":"https:\/\/senoticias.com.br\/se\/pesquisa-mda-cnt-indica-empate-tecnico-entre-bolsonaro-e-haddad\/","title":{"rendered":"Pesquisa MDA\/CNT indica empate t\u00e9cnico entre Bolsonaro e Haddad"},"content":{"rendered":"<p style=\"text-align: justify;\">Pela primeira vez, os candidatos Jair Bolsonaro (PSL) e Fernando Haddad (PT) aparecem tecnicamente empatados na corrida presidencial , conforme os resultados da pesquisa do instituto MDA encomendada pela CNT (Confedera\u00e7\u00e3o Nacional do Transporte). O levantamento divulgado neste domingo (30) mostra Bolsonaro com 28,2% das inten\u00e7\u00f5es de voto e Haddad com 25,2% da prefer\u00eancia dos entrevistados. A margem de erro \u00e9 de 2,2 pontos percentuais para mais ou para menos. Considerando essa margem, Bolsonaro pode ter entre 26% e 30,4%. J\u00e1 Haddad pode ter entre 23% e 27,4%.<\/p>\n<div id=\"attachment_115443\" style=\"width: 609px\" class=\"wp-caption alignnone\"><a href=\"https:\/\/senoticias.com.br\/se\/wp-content\/uploads\/2018\/09\/1537981295354-e1538331098716.jpg\"><img loading=\"lazy\" decoding=\"async\" aria-describedby=\"caption-attachment-115443\" class=\"size-full wp-image-115443\" src=\"https:\/\/senoticias.com.br\/se\/wp-content\/uploads\/2018\/09\/1537981295354-e1538331098716.jpg\" alt=\"\" width=\"599\" height=\"385\" \/><\/a><p id=\"caption-attachment-115443\" class=\"wp-caption-text\">Jair Bolsonaro (PSL) e Fernando Haddad (PT) continuam liderando a disputa presidencial Foto: Adriano Machado e Rodolfo Buhrer\/Reuters<\/p><\/div>\n<p style=\"text-align: justify;\">A pesquisa foi realizada entre os dias 27 e 28 de setembro de 2018. Foram ouvidas 2.002 pessoas, em 137 munic\u00edpios de 25 Unidades Federativas, das cinco regi\u00f5es do pa\u00eds. A margem de erro \u00e9 de 2,2 pontos percentuais com 95% de n\u00edvel de confian\u00e7a. A pesquisa est\u00e1 registrada no TSE (Tribunal Superior Eleitoral), sob o n\u00famero\u00a0BR-03303\/2018.<\/p>\n<p><strong>Conclus\u00e3o<\/strong><\/p>\n<p style=\"text-align: justify;\">Os resultados da 139\u00aa Pesquisa CNT\/MDA mostram que, se a elei\u00e7\u00e3o fosse hoje, haveria segundo turno para a elei\u00e7\u00e3o presidencial, com a disputa ocorrendo entre Jair Bolsonaro (PSL), citado por 28,2%, e Fernando Haddad (PT), que aparece com 25,2%. Em seguida, aparecem Ciro Gomes (PDT) com 9,4%, e Geraldo Alckmin (PSDB) com 7,3%. \u00c9 importante observar que Jair Bolsonaro e Fernando Haddad s\u00e3o os candidatos cujos eleitores se declaram como os mais decididos a confirmar o voto neles \u2013 acima de 80% para ambos.<\/p>\n<p style=\"text-align: justify;\">Em hip\u00f3tese de segundo turno, Fernando Haddad venceria Jair Bolsonaro, caso a elei\u00e7\u00e3o fosse hoje, por 42,7% a 37,3%. Jair Bolsonaro perderia de Ciro Gomes e venceria Geraldo Alckmin. Fernando Haddad, por sua vez, aparece empatado tecnicamente com Ciro Gomes, e ambos venceriam Geraldo Alckmin em um eventual segundo turno.<\/p>\n<p style=\"text-align: justify;\">Em rela\u00e7\u00e3o \u00e0 rejei\u00e7\u00e3o aos candidatos, Ciro Gomes, Fernando Haddad e Geraldo Alckmin ficaram est\u00e1veis. J\u00e1 o candidato Jair Bolsonaro registrou aumento nesse \u00edndice.<\/p>\n<p style=\"text-align: justify;\">Observa-se, ainda, aumento do interesse nas elei\u00e7\u00f5es nesses \u00faltimos dias, assim como o do conhecimento sobre as op\u00e7\u00f5es de candidato para presidente.<\/p>\n<p style=\"text-align: justify;\"><strong>Conclus\u00e3o:<\/strong>\u00a0Apesar de ainda estar em aberto, a elei\u00e7\u00e3o presidencial indica sinais de que Jair Bolsonaro e Fernando Haddad se consolidam como os candidatos que estar\u00e3o no 2\u00ba turno.<\/p>\n<p><a href=\"http:\/\/cms.cnt.org.br\/Imagens%20CNT\/PDFs%20CNT\/Pesquisa%20CNT%20MDA\/resultados_cnt_mda_139.pdf\" target=\"_blank\" rel=\"noopener\">Clique aqui para fazer download do relat\u00f3rio com todos os resultados\u200b\u200b<\/a><\/p>\n<p><a href=\"http:\/\/cms.cnt.org.br\/Imagens%20CNT\/PDFs%20CNT\/Pesquisa%20CNT%20MDA\/resumo_resultados_139_%20cnt_mda_final.pdf\" target=\"_blank\" rel=\"noopener\">Clique aqui para fazer download do resumo\u200b\u200b\u200b\u200b<\/a><\/p>\n<p><strong>Resumo dos resultados<\/strong><\/p>\n<p>Elei\u00e7\u00e3o presidencial 2018<\/p>\n<p><strong>1\u00ba turno: Inten\u00e7\u00e3o de voto ESPONT\u00c2NEA<\/strong><\/p>\n<p>Jair Bolsonaro: 25,5%<br \/>\nFernando Haddad: 19,7%<br \/>\nCiro Gomes: 6,7%<br \/>\nGeraldo Alckmin: 5,0%<br \/>\nLula: 2,4%<br \/>\nJo\u00e3o Amo\u00eado: 1,6%<br \/>\nAlvaro Dias: 1,3%<br \/>\nMarina Silva: 1,2%<br \/>\nHenrique Meirelles: 1,1%<br \/>\nOutros: 1,5%<br \/>\nBranco\/Nulo: 12,5%<br \/>\nIndecisos: 21,5%<\/p>\n<p><strong>1\u00ba TURNO: Inten\u00e7\u00e3o de voto ESTIMULADA \u2013 VOTOS TOTAIS<\/strong><\/p>\n<p>Jair Bolsonaro 28,2%<br \/>\nFernando Haddad 25,2%<br \/>\nCiro Gomes 9,4%<br \/>\nGeraldo Alckmin 7,3%<br \/>\nMarina Silva 2,6%<br \/>\nHenrique Meirelles 2,0%<br \/>\nJo\u00e3o Amo\u00eado 2,0%<br \/>\n\u00c1lvaro Dias 1,7%<br \/>\nCabo Daciolo 0,7%<br \/>\nGuilherme Boulos 0,4%<br \/>\nVera 0,3%<br \/>\nJo\u00e3o Goulart Filho 0,1%<br \/>\nJos\u00e9 Maria Eymael 0,1%<br \/>\nBranco\/Nulo 11,7%<br \/>\nIndecisos 8,3%<\/p>\n<p><strong>1\u00ba TURNO: Inten\u00e7\u00e3o de voto ESTIMULADA \u2013 VOTOS V\u00c1LIDOS\u00a0<\/strong><\/p>\n<p>Jair Bolsonaro 35,3%<br \/>\nFernando Haddad 31,5%<br \/>\nCiro Gomes 11,8%<br \/>\nGeraldo Alckmin 9,2%<br \/>\nMarina Silva 3,3%<br \/>\nHenrique Meirelles 2,5%<br \/>\nJo\u00e3o Amo\u00eado 2,4%<br \/>\n\u00c1lvaro Dias 2,1%<br \/>\nCabo Daciolo 0,9%<br \/>\nGuilherme Boulos 0,5%<br \/>\nVera 0,4%<br \/>\nJo\u00e3o Goulart Filho 0,1%<br \/>\nJos\u00e9 Maria Eymael 0,1%<\/p>\n<p style=\"text-align: justify;\">\u2022 Entre os eleitores de Jair Bolsonaro, 82,5% consideram a decis\u00e3o de voto como definitiva. Dentre os de Fernando Haddad, 82,8%, Ciro Gomes, 66,7%, Geraldo Alckmin, 57,8%, Marina Silva, 45,3%, Henrique Meirelles, 57,5% e Jo\u00e3o Amo\u00eado, 66,7%.<\/p>\n<p style=\"text-align: justify;\">\u2022 Caso acreditem que o seu candidato de prefer\u00eancia n\u00e3o tem chances de ir para o 2\u00ba turno, 76,4% manter\u00e3o a decis\u00e3o de voto mesmo se considerarem que o candidato n\u00e3o continuar\u00e1 na disputa. Outros 21,0% dos entrevistados dizem que poder\u00e3o mudar o voto.<\/p>\n<p style=\"text-align: justify;\">\u2022 Os candidatos com mais chances de receber o voto de entrevistados que se declaram indecisos, e sendo permitido citar at\u00e9 duas op\u00e7\u00f5es, s\u00e3o: Fernando Haddad, 19,3%, Ciro Gomes, 18,7%, Jair Bolsonaro, 17,5%, Geraldo Alckmin, 13,3%, Marina Silva, 7,8%, Alvaro Dias, 3,6%, Jo\u00e3o Amo\u00eado, 3,0%, Henrique Meirelles, 1,2%, Outros 1,8%, Branco\/Nulo, 3,0%, Indecisos, 42,8%.<\/p>\n<p style=\"text-align: justify;\"><strong>2\u00ba TURNO: Inten\u00e7\u00e3o de voto ESTIMULADA\u200b<\/strong><\/p>\n<p style=\"text-align: justify;\">CEN\u00c1RIO 1: Ciro Gomes 42,7%, Jair Bolsonaro 35,3%, Branco\/Nulo: 17,8%, Indecisos: 4,2%.<br \/>\nCEN\u00c1RIO 2: Fernando Haddad 42,7%, Jair Bolsonaro 37,3%, Branco\/Nulo: 16,1%, Indecisos: 3,9%.<br \/>\nCEN\u00c1RIO 3: Jair Bolsonaro 37,0%, Geraldo Alckmin 33,6%, Branco\/Nulo: 25,1%, Indecisos: 4,3%.<br \/>\nCEN\u00c1RIO 4: Ciro Gomes 34,0%, Fernando Haddad 33,9%, Branco\/Nulo: 26,9%, Indecisos: 5,2%.<br \/>\nCEN\u00c1RIO 5: Ciro Gomes 41,5%, Geraldo Alckmin 23,8%, Branco\/Nulo: 29,1%, Indecisos: 5,6%.<br \/>\nCEN\u00c1RIO 6: Fernando Haddad 39,8%, Geraldo Alckmin 28,5%, Branco\/Nulo: 26,4%, Indecisos: 5,3%.\u200b<\/p>\n<p style=\"text-align: justify;\">\u2022 Entre os entrevistados, 70,4% dizem considerar mais importante que o seu candidato preferido seja eleito. Contudo, para 18,1%, importa mais que o candidato que rejeitam n\u00e3o ven\u00e7a as elei\u00e7\u00f5es.<\/p>\n<p style=\"text-align: justify;\">\u2022 O candidato que os entrevistados acreditam que vai ganhar a elei\u00e7\u00e3o para Presidente da Rep\u00fablica \u00e9 Jair Bolsonaro (42,0%). Em seguida, aparecem: Fernando Haddad (29,0%); Ciro Gomes (4,5%); Geraldo Alckmin (3,9%); Outros (1,8%); n\u00e3o soube informar (18,8%).<\/p>\n<p style=\"text-align: justify;\"><strong>Limite de Voto \u2013 Presid\u00eancia da Rep\u00fablica<\/strong><\/p>\n<p style=\"text-align: justify;\">CIRO GOMES: \u00e9 o \u00fanico em quem votaria 7,0%; \u00e9 um candidato em quem poderia votar 48,1%; n\u00e3o votaria nele de jeito nenhum 37,1%; n\u00e3o o conhece\/n\u00e3o sabe quem \u00e9\/ nunca ouviu falar 4,5%.<\/p>\n<p>FERNANDO HADDAD: \u00e9 o \u00fanico em quem votaria 19,3%; \u00e9 um candidato em quem poderia votar 27,2%; n\u00e3o votaria nele de jeito nenhum 48,3%; n\u00e3o o conhece\/n\u00e3o sabe quem \u00e9\/ nunca ouviu falar 2,6%.<\/p>\n<p style=\"text-align: justify;\">GERALDO ALCKMIN: \u00e9 o \u00fanico em quem votaria 5,0%; \u00e9 um candidato em quem poderia votar 36,2%; n\u00e3o votaria nele de jeito nenhum 52,8%; n\u00e3o o conhece\/n\u00e3o sabe quem \u00e9\/ nunca ouviu falar 2,7%.<\/p>\n<p style=\"text-align: justify;\">JAIR BOLSONARO: \u00e9 o \u00fanico em quem votaria 23,7%; \u00e9 um candidato em quem poderia votar 17,3%; n\u00e3o votaria nele de jeito nenhum 55,7%; n\u00e3o o conhece\/n\u00e3o sabe quem \u00e9\/ nunca ouviu falar 1,5%.<\/p>\n<p style=\"text-align: justify;\"><strong>Interesse nas elei\u00e7\u00f5es<\/strong><\/p>\n<p><strong>Programa eleitoral:<\/strong><\/p>\n<p>\u2022 72,5% viram a propaganda eleitoral na televis\u00e3o ou a ouviram no r\u00e1dio; 27,5%, n\u00e3o.<\/p>\n<p>\u2022 Na opini\u00e3o de quem j\u00e1 viu ou ouviu, o candidato que est\u00e1 apresentando a melhor propaganda eleitoral \u00e9: Fernando Haddad (20,8%); Jair Bolsonaro (18,0%); Geraldo Alckmin (12,9%); Ciro Gomes (12,5%); Henrique Meirelles (3,1%); outros candidatos (5,5%); nenhum (14,5%); n\u00e3o souberam informar (12,7%).<\/p>\n<p>\u2022 Dos entrevistados, 32,0% se dizem muito interessados nas elei\u00e7\u00f5es deste ano para Presidente da Rep\u00fablica. 25,1% declaram ter interesse m\u00e9dio, enquanto 20,8% afirmam ter pouco interesse e 21,4% nenhum interesse nas elei\u00e7\u00f5es.<\/p>\n<p>\u2022 19,5% afirmam conhecer bastante sobre as op\u00e7\u00f5es de candidatos a presidente. 40,4% conhecem mais ou menos. O restante dos entrevistados diz conhecer pouco (26,5%) ou nada (12,9%) a respeito dos candidatos que concorrem a presidente da Rep\u00fablica.<\/p>\n<p>&nbsp;<\/p>\n<p><a href=\"https:\/\/senoticias.com.br\/se\/wp-content\/uploads\/2018\/09\/Logomarca-fone-SE-4-2-1-1-1.jpg\"><img loading=\"lazy\" decoding=\"async\" class=\"alignnone size-full wp-image-115398\" src=\"https:\/\/senoticias.com.br\/se\/wp-content\/uploads\/2018\/09\/Logomarca-fone-SE-4-2-1-1-1.jpg\" alt=\"\" width=\"599\" height=\"78\" srcset=\"https:\/\/senoticias.com.br\/se\/wp-content\/uploads\/2018\/09\/Logomarca-fone-SE-4-2-1-1-1.jpg 599w, https:\/\/senoticias.com.br\/se\/wp-content\/uploads\/2018\/09\/Logomarca-fone-SE-4-2-1-1-1-300x39.jpg 300w\" sizes=\"(max-width: 599px) 100vw, 599px\" \/><\/a><\/p>\n<p>&nbsp;<\/p>\n<p><em><strong>Acompanhe o SE Not\u00edcias no<\/strong><span class=\"apple-converted-space\"><b>\u00a0<\/b><\/span><a href=\"https:\/\/twitter.com\/Senoticias\" target=\"_blank\" rel=\"noopener\"><b>Twitter<\/b><\/a><strong>,<\/strong><span class=\"apple-converted-space\"><b>\u00a0<\/b><\/span><a href=\"https:\/\/www.facebook.com\/senoticias1\" target=\"_blank\" rel=\"noopener\"><b>Facebook<\/b><span class=\"apple-converted-space\"><b>\u00a0<\/b><\/span><\/a><strong>e no<\/strong><span class=\"apple-converted-space\"><b>\u00a0<\/b><\/span><a href=\"https:\/\/www.instagram.com\/senoticias\/\" target=\"_blank\" rel=\"noopener\"><b>Instagram<\/b><\/a><\/em><\/p>\n<p><em>Por ag\u00eancia <a href=\"https:\/\/politica.estadao.com.br\/noticias\/geral,pesquisa-mdacnt-indica-que-bolsonaro-e-haddad-estao-tecnicamente-empatados-no-1-turno,70002526198\">CNT<\/a><\/em><\/p>\n","protected":false},"excerpt":{"rendered":"<p>Pela primeira vez, os candidatos Jair Bolsonaro (PSL) e Fernando Haddad (PT) aparecem tecnicamente empatados na corrida presidencial , conforme os resultados da pesquisa do instituto MDA encomendada pela CNT (Confedera\u00e7\u00e3o Nacional do Transporte). O levantamento divulgado neste domingo (30) mostra Bolsonaro com 28,2% das inten\u00e7\u00f5es de voto e Haddad com 25,2% da prefer\u00eancia dos [&hellip;]<\/p>\n","protected":false},"author":6552,"featured_media":115443,"comment_status":"closed","ping_status":"closed","sticky":false,"template":"","format":"standard","meta":{"footnotes":""},"categories":[15,6,1],"tags":[3272,2720,10669],"class_list":{"0":"post-115442","1":"post","2":"type-post","3":"status-publish","4":"format-standard","5":"has-post-thumbnail","7":"category-destaques","8":"category-politica","9":"category-sem-categoria","10":"tag-bolsonaro","11":"tag-eleicoes-2018","12":"tag-haddad"},"_links":{"self":[{"href":"https:\/\/senoticias.com.br\/se\/wp-json\/wp\/v2\/posts\/115442"}],"collection":[{"href":"https:\/\/senoticias.com.br\/se\/wp-json\/wp\/v2\/posts"}],"about":[{"href":"https:\/\/senoticias.com.br\/se\/wp-json\/wp\/v2\/types\/post"}],"author":[{"embeddable":true,"href":"https:\/\/senoticias.com.br\/se\/wp-json\/wp\/v2\/users\/6552"}],"replies":[{"embeddable":true,"href":"https:\/\/senoticias.com.br\/se\/wp-json\/wp\/v2\/comments?post=115442"}],"version-history":[{"count":0,"href":"https:\/\/senoticias.com.br\/se\/wp-json\/wp\/v2\/posts\/115442\/revisions"}],"wp:featuredmedia":[{"embeddable":true,"href":"https:\/\/senoticias.com.br\/se\/wp-json\/wp\/v2\/media\/115443"}],"wp:attachment":[{"href":"https:\/\/senoticias.com.br\/se\/wp-json\/wp\/v2\/media?parent=115442"}],"wp:term":[{"taxonomy":"category","embeddable":true,"href":"https:\/\/senoticias.com.br\/se\/wp-json\/wp\/v2\/categories?post=115442"},{"taxonomy":"post_tag","embeddable":true,"href":"https:\/\/senoticias.com.br\/se\/wp-json\/wp\/v2\/tags?post=115442"}],"curies":[{"name":"wp","href":"https:\/\/api.w.org\/{rel}","templated":true}]}}