{"id":115436,"date":"2018-09-29T13:37:19","date_gmt":"2018-09-29T16:37:19","guid":{"rendered":"https:\/\/senoticias.com.br\/se\/?p=115436"},"modified":"2018-09-29T13:38:16","modified_gmt":"2018-09-29T16:38:16","slug":"prefeitura-de-sao-cristovao-convida-imprensa-para-cafe-da-manha-de-lancamento-da-programacao-do-fasc-2018","status":"publish","type":"post","link":"https:\/\/senoticias.com.br\/se\/prefeitura-de-sao-cristovao-convida-imprensa-para-cafe-da-manha-de-lancamento-da-programacao-do-fasc-2018\/","title":{"rendered":"Prefeitura de S\u00e3o Crist\u00f3v\u00e3o convida imprensa para caf\u00e9 da manh\u00e3 de lan\u00e7amento da programa\u00e7\u00e3o do Fasc 2018"},"content":{"rendered":"<p style=\"text-align: justify;\">A Prefeitura de S\u00e3o Crist\u00f3v\u00e3o convida toda a imprensa sergipana para o caf\u00e9 da manh\u00e3 de\u00a0lan\u00e7amento da programa\u00e7\u00e3o oficial\u00a0do 35\u00ba Festival de Artes de S\u00e3o Crist\u00f3v\u00e3o (FASC), que ser\u00e1 realizado \u00e0s 8h da manh\u00e3 desta segunda-feira, 1\u00ba de outubro, no Sal\u00e3o do Pa\u00e7o Municipal, localizado na Pra\u00e7a S\u00e3o Francisco (antigo orfanato Nossa Senhora da Concei\u00e7\u00e3o), Centro Hist\u00f3rico. A edi\u00e7\u00e3o 2018 do Festival de Artes de S\u00e3o Crist\u00f3v\u00e3o (FASC), acontecer\u00e1 nos dias 15,16,17 e 18 de novembro em diversos pontos da 4\u00aa Cidade Mais Antiga do Brasil.<\/p>\n<div id=\"attachment_115437\" style=\"width: 609px\" class=\"wp-caption alignnone\"><a href=\"https:\/\/senoticias.com.br\/se\/wp-content\/uploads\/2018\/09\/fasc-e1538238919365.jpeg\"><img loading=\"lazy\" decoding=\"async\" aria-describedby=\"caption-attachment-115437\" class=\"size-full wp-image-115437\" src=\"https:\/\/senoticias.com.br\/se\/wp-content\/uploads\/2018\/09\/fasc-e1538238919365.jpeg\" alt=\"\" width=\"599\" height=\"599\" \/><\/a><p id=\"caption-attachment-115437\" class=\"wp-caption-text\">FASC, acontecer\u00e1 nos dias 15,16,17 e 18 de novembro. (Foto arte: ascom\/PMSC)<\/p><\/div>\n<p style=\"text-align: justify;\">Al\u00e9m da programa\u00e7\u00e3o, tamb\u00e9m ser\u00e1 premiado o artista vencedor do Concurso de Cartazes para o Fasc 2018, Canijan Oliveira, que ser\u00e1 contemplado com um cheque no valor de R$ 3.000,00.<\/p>\n<p style=\"text-align: justify;\"><strong>FASC<\/strong><\/p>\n<p style=\"text-align: justify;\">O Festival de Artes de S\u00e3o Crist\u00f3v\u00e3o (Fasc), foi iniciado nos anos 1970, e serviu de palco para grandes artistas sergipanos e nacionais, para que pudessem expressar suas produ\u00e7\u00f5es art\u00edsticas nas mais diversas modalidades. O evento foi descontinuado em 2005 e retornou em 2017 resgatando a proposta dos antigos festivais e reacendendo a programa\u00e7\u00e3o cultural da Cidade Hist\u00f3rica.<\/p>\n<p><em><strong>Acompanhe o SE Not\u00edcias no<\/strong><span class=\"apple-converted-space\"><b>\u00a0<\/b><\/span><a href=\"https:\/\/twitter.com\/Senoticias\" target=\"_blank\" rel=\"noopener\"><b>Twitter<\/b><\/a><strong>,<\/strong><span class=\"apple-converted-space\"><b>\u00a0<\/b><\/span><a href=\"https:\/\/www.facebook.com\/senoticias1\" target=\"_blank\" rel=\"noopener\"><b>Facebook<\/b><span class=\"apple-converted-space\"><b>\u00a0<\/b><\/span><\/a><strong>e no<\/strong><span class=\"apple-converted-space\"><b>\u00a0<\/b><\/span><a href=\"https:\/\/www.instagram.com\/senoticias\/\" target=\"_blank\" rel=\"noopener\"><b>Instagram<\/b><\/a><\/em><\/p>\n<p><a href=\"https:\/\/senoticias.com.br\/se\/wp-content\/uploads\/2018\/09\/Logomarca-fone-SE-4-2-1-1-1.jpg\"><img loading=\"lazy\" decoding=\"async\" class=\"alignnone size-full wp-image-115398\" src=\"https:\/\/senoticias.com.br\/se\/wp-content\/uploads\/2018\/09\/Logomarca-fone-SE-4-2-1-1-1.jpg\" alt=\"\" width=\"599\" height=\"78\" srcset=\"https:\/\/senoticias.com.br\/se\/wp-content\/uploads\/2018\/09\/Logomarca-fone-SE-4-2-1-1-1.jpg 599w, https:\/\/senoticias.com.br\/se\/wp-content\/uploads\/2018\/09\/Logomarca-fone-SE-4-2-1-1-1-300x39.jpg 300w\" sizes=\"(max-width: 599px) 100vw, 599px\" \/><\/a><\/p>\n<p style=\"text-align: justify;\"><em>Prefeitura de S\u00e3o Crist\u00f3v\u00e3o &#8211; Cidade M\u00e3e de Sergipe<\/em><br \/>\n<em>Assessoria de comunica\u00e7\u00e3o<\/em><\/p>\n","protected":false},"excerpt":{"rendered":"<p>A Prefeitura de S\u00e3o Crist\u00f3v\u00e3o convida toda a imprensa sergipana para o caf\u00e9 da manh\u00e3 de\u00a0lan\u00e7amento da programa\u00e7\u00e3o oficial\u00a0do 35\u00ba Festival de Artes de S\u00e3o Crist\u00f3v\u00e3o (FASC), que ser\u00e1 realizado \u00e0s 8h da manh\u00e3 desta segunda-feira, 1\u00ba de outubro, no Sal\u00e3o do Pa\u00e7o Municipal, localizado na Pra\u00e7a S\u00e3o Francisco (antigo orfanato Nossa Senhora da Concei\u00e7\u00e3o), [&hellip;]<\/p>\n","protected":false},"author":6552,"featured_media":115437,"comment_status":"closed","ping_status":"closed","sticky":false,"template":"","format":"standard","meta":{"footnotes":""},"categories":[15,21],"tags":[6904,10891,81],"class_list":{"0":"post-115436","1":"post","2":"type-post","3":"status-publish","4":"format-standard","5":"has-post-thumbnail","7":"category-destaques","8":"category-entretenimento","9":"tag-fasc","10":"tag-fasc-2018","11":"tag-prefeitura-de-sao-cristovao"},"_links":{"self":[{"href":"https:\/\/senoticias.com.br\/se\/wp-json\/wp\/v2\/posts\/115436"}],"collection":[{"href":"https:\/\/senoticias.com.br\/se\/wp-json\/wp\/v2\/posts"}],"about":[{"href":"https:\/\/senoticias.com.br\/se\/wp-json\/wp\/v2\/types\/post"}],"author":[{"embeddable":true,"href":"https:\/\/senoticias.com.br\/se\/wp-json\/wp\/v2\/users\/6552"}],"replies":[{"embeddable":true,"href":"https:\/\/senoticias.com.br\/se\/wp-json\/wp\/v2\/comments?post=115436"}],"version-history":[{"count":0,"href":"https:\/\/senoticias.com.br\/se\/wp-json\/wp\/v2\/posts\/115436\/revisions"}],"wp:featuredmedia":[{"embeddable":true,"href":"https:\/\/senoticias.com.br\/se\/wp-json\/wp\/v2\/media\/115437"}],"wp:attachment":[{"href":"https:\/\/senoticias.com.br\/se\/wp-json\/wp\/v2\/media?parent=115436"}],"wp:term":[{"taxonomy":"category","embeddable":true,"href":"https:\/\/senoticias.com.br\/se\/wp-json\/wp\/v2\/categories?post=115436"},{"taxonomy":"post_tag","embeddable":true,"href":"https:\/\/senoticias.com.br\/se\/wp-json\/wp\/v2\/tags?post=115436"}],"curies":[{"name":"wp","href":"https:\/\/api.w.org\/{rel}","templated":true}]}}