{"id":115433,"date":"2018-09-29T13:04:21","date_gmt":"2018-09-29T16:04:21","guid":{"rendered":"https:\/\/senoticias.com.br\/se\/?p=115433"},"modified":"2018-09-29T13:25:39","modified_gmt":"2018-09-29T16:25:39","slug":"em-salvador-policia-federal-prende-ex-secretario-da-prefeitura-de-aquidaba","status":"publish","type":"post","link":"https:\/\/senoticias.com.br\/se\/em-salvador-policia-federal-prende-ex-secretario-da-prefeitura-de-aquidaba\/","title":{"rendered":"Em Salvador, Pol\u00edcia Federal prende ex-secret\u00e1rio da Prefeitura de Aquidab\u00e3"},"content":{"rendered":"<p style=\"text-align: justify;\">Na madrugada deste s\u00e1bado, 29 de setembro de 2018, a Pol\u00edcia Federal em atua\u00e7\u00e3o no aeroporto de Salvador\/BA, ap\u00f3s ajustes pr\u00e9vios com a Pol\u00edcia Federal e o GAECO em Sergipe, cumpriu o mandado de pris\u00e3o expedido pelo Ju\u00edzo da Comarca de Aquidab\u00e3 em desfavor do ex-Secret\u00e1rio Municipal de Aquidab\u00e3 S\u00c9RGIO JOAS SANTOS.<\/p>\n<div id=\"attachment_115434\" style=\"width: 609px\" class=\"wp-caption alignnone\"><a href=\"https:\/\/senoticias.com.br\/se\/wp-content\/uploads\/2018\/09\/grande-182443.jpg\"><img loading=\"lazy\" decoding=\"async\" aria-describedby=\"caption-attachment-115434\" class=\"size-full wp-image-115434\" src=\"https:\/\/senoticias.com.br\/se\/wp-content\/uploads\/2018\/09\/grande-182443-e1538236928629.jpg\" alt=\"\" width=\"599\" height=\"398\" \/><\/a><p id=\"caption-attachment-115434\" class=\"wp-caption-text\">At\u00e9 o \u00faltimo dia 25, S\u00e9rgio Jo\u00e1s ocupava o posto de controlador geral na prefeitura de Santo Ant\u00f4nio de Jesus (BA).<\/p><\/div>\n<p style=\"text-align: justify;\">O empres\u00e1rio estava em viagem nos Estados Unidos e a Defesa dele havia peticionado no processo criminal, informando como seu destino final no Brasil a cidade de FORTALEZA\/CE, \u00e0s 21:50 da data de ontem (28\/09\/2018), atrav\u00e9s de um voo internacional partido de Miami, com paradas em Lima, no Peru, e em Guarulhos\/SP.<\/p>\n<p style=\"text-align: justify;\">Ocorre que, para o Minist\u00e9rio P\u00fablico Estadual numa clara tentativa de fuga, o r\u00e9u S\u00e9rgio Joas Santos n\u00e3o embarcou na \u00faltima \u201cperna\u201d de seu voo internacional em Guarulhos, com destino a Fortaleza, tendo embarcado em um voo distinto, comprado com anteced\u00eancia e n\u00e3o informado nos autos do processo-crime no qual fora decretada sua pris\u00e3o, com destino \u00e0 cidade de Salvador. Diante do n\u00e3o embarque dele em Guarulhos para o destino final informado ao Ju\u00edzo de Aquidab\u00e3, e apurada a exist\u00eancia de nova passagem com destino a Salvador, inclusive com Check in realizado, acionou-se a Pol\u00edcia Federal no aeroporto do local para o cumprimento do mandado de pris\u00e3o.<\/p>\n<p style=\"text-align: justify;\">O preso ser\u00e1 trazido de Salvador para Aracaju por equipes da Pol\u00edcia Federal e ficar\u00e1 custodiado provisoriamente na carceragem do <strong>COPE<\/strong> &#8211; Comando de Opera\u00e7\u00f5es Especiais da Pol\u00edcia Civil de Sergipe at\u00e9 a segunda-feira, quando ser\u00e3o adotadas as provid\u00eancia de praxe para sua inser\u00e7\u00e3o no sistema prisional.<\/p>\n<p><a href=\"https:\/\/senoticias.com.br\/se\/wp-content\/uploads\/2018\/09\/Logomarca-fone-SE-4-2-1-1-1.jpg\"><img loading=\"lazy\" decoding=\"async\" class=\"alignnone size-full wp-image-115398\" src=\"https:\/\/senoticias.com.br\/se\/wp-content\/uploads\/2018\/09\/Logomarca-fone-SE-4-2-1-1-1.jpg\" alt=\"\" width=\"599\" height=\"78\" srcset=\"https:\/\/senoticias.com.br\/se\/wp-content\/uploads\/2018\/09\/Logomarca-fone-SE-4-2-1-1-1.jpg 599w, https:\/\/senoticias.com.br\/se\/wp-content\/uploads\/2018\/09\/Logomarca-fone-SE-4-2-1-1-1-300x39.jpg 300w\" sizes=\"(max-width: 599px) 100vw, 599px\" \/><\/a><\/p>\n<p>&nbsp;<\/p>\n<p><em><strong>Acompanhe o SE Not\u00edcias no<\/strong><span class=\"apple-converted-space\"><b>\u00a0<\/b><\/span><a href=\"https:\/\/twitter.com\/Senoticias\" target=\"_blank\" rel=\"noopener\"><b>Twitter<\/b><\/a><strong>,<\/strong><span class=\"apple-converted-space\"><b>\u00a0<\/b><\/span><a href=\"https:\/\/www.facebook.com\/senoticias1\" target=\"_blank\" rel=\"noopener\"><b>Facebook<\/b><span class=\"apple-converted-space\"><b>\u00a0<\/b><\/span><\/a><strong>e no<\/strong><span class=\"apple-converted-space\"><b>\u00a0<\/b><\/span><a href=\"https:\/\/www.instagram.com\/senoticias\/\" target=\"_blank\" rel=\"noopener\"><b>Instagram<\/b><\/a><\/em><\/p>\n<p>&nbsp;<\/p>\n<p><em>Por ascom\/MPE<\/em><\/p>\n","protected":false},"excerpt":{"rendered":"<p>Na madrugada deste s\u00e1bado, 29 de setembro de 2018, a Pol\u00edcia Federal em atua\u00e7\u00e3o no aeroporto de Salvador\/BA, ap\u00f3s ajustes pr\u00e9vios com a Pol\u00edcia Federal e o GAECO em Sergipe, cumpriu o mandado de pris\u00e3o expedido pelo Ju\u00edzo da Comarca de Aquidab\u00e3 em desfavor do ex-Secret\u00e1rio Municipal de Aquidab\u00e3 S\u00c9RGIO JOAS SANTOS. O empres\u00e1rio estava [&hellip;]<\/p>\n","protected":false},"author":6552,"featured_media":115434,"comment_status":"closed","ping_status":"closed","sticky":false,"template":"","format":"standard","meta":{"footnotes":""},"categories":[15,38],"tags":[4300,1947,10890],"class_list":{"0":"post-115433","1":"post","2":"type-post","3":"status-publish","4":"format-standard","5":"has-post-thumbnail","7":"category-destaques","8":"category-municipios","9":"tag-aquidaba","10":"tag-policia-federal","11":"tag-sergio-joas-santos"},"_links":{"self":[{"href":"https:\/\/senoticias.com.br\/se\/wp-json\/wp\/v2\/posts\/115433"}],"collection":[{"href":"https:\/\/senoticias.com.br\/se\/wp-json\/wp\/v2\/posts"}],"about":[{"href":"https:\/\/senoticias.com.br\/se\/wp-json\/wp\/v2\/types\/post"}],"author":[{"embeddable":true,"href":"https:\/\/senoticias.com.br\/se\/wp-json\/wp\/v2\/users\/6552"}],"replies":[{"embeddable":true,"href":"https:\/\/senoticias.com.br\/se\/wp-json\/wp\/v2\/comments?post=115433"}],"version-history":[{"count":0,"href":"https:\/\/senoticias.com.br\/se\/wp-json\/wp\/v2\/posts\/115433\/revisions"}],"wp:featuredmedia":[{"embeddable":true,"href":"https:\/\/senoticias.com.br\/se\/wp-json\/wp\/v2\/media\/115434"}],"wp:attachment":[{"href":"https:\/\/senoticias.com.br\/se\/wp-json\/wp\/v2\/media?parent=115433"}],"wp:term":[{"taxonomy":"category","embeddable":true,"href":"https:\/\/senoticias.com.br\/se\/wp-json\/wp\/v2\/categories?post=115433"},{"taxonomy":"post_tag","embeddable":true,"href":"https:\/\/senoticias.com.br\/se\/wp-json\/wp\/v2\/tags?post=115433"}],"curies":[{"name":"wp","href":"https:\/\/api.w.org\/{rel}","templated":true}]}}