{"id":115428,"date":"2018-09-28T16:07:18","date_gmt":"2018-09-28T19:07:18","guid":{"rendered":"https:\/\/senoticias.com.br\/se\/?p=115428"},"modified":"2018-09-28T16:07:18","modified_gmt":"2018-09-28T19:07:18","slug":"saiba-quem-pode-e-quem-nao-pode-votar-nas-eleicoes-2018","status":"publish","type":"post","link":"https:\/\/senoticias.com.br\/se\/saiba-quem-pode-e-quem-nao-pode-votar-nas-eleicoes-2018\/","title":{"rendered":"Saiba quem pode e quem n\u00e3o pode votar nas elei\u00e7\u00f5es 2018"},"content":{"rendered":"<p>Em outubro, os eleitores ir\u00e3o \u00e0s urnas para escolher presidente da Rep\u00fablica, governadores, senadores, deputados federais, deputados estaduais e distritais. Saiba quem pode e n\u00e3o pode votar nas elei\u00e7\u00f5es:<\/p>\n<div id=\"attachment_99917\" style=\"width: 553px\" class=\"wp-caption aligncenter\"><a href=\"https:\/\/senoticias.com.br\/se\/wp-content\/uploads\/2017\/01\/Eleicoes-Carmopolis-SE-noticias.jpeg\"><img loading=\"lazy\" decoding=\"async\" aria-describedby=\"caption-attachment-99917\" class=\"wp-image-99917 size-full\" src=\"https:\/\/senoticias.com.br\/se\/wp-content\/uploads\/2017\/01\/Eleicoes-Carmopolis-SE-noticias.jpeg\" alt=\"\" width=\"543\" height=\"263\" srcset=\"https:\/\/senoticias.com.br\/se\/wp-content\/uploads\/2017\/01\/Eleicoes-Carmopolis-SE-noticias.jpeg 543w, https:\/\/senoticias.com.br\/se\/wp-content\/uploads\/2017\/01\/Eleicoes-Carmopolis-SE-noticias-300x145.jpeg 300w\" sizes=\"(max-width: 543px) 100vw, 543px\" \/><\/a><p id=\"caption-attachment-99917\" class=\"wp-caption-text\">(Foto: arquivo\/TSE)<\/p><\/div>\n<p><strong>Quem pode votar<\/strong><\/p>\n<p>&#8211; O voto \u00e9 obrigat\u00f3rio para todo cidad\u00e3o, nato ou naturalizado, alfabetizado, com idade entre 18 e 70 anos.<\/p>\n<p>&#8211; Os presos provis\u00f3rios e os adolescentes internados, desde que tenham tirado o t\u00edtulo de eleitor e estejam em dia com a Justi\u00e7a Eleitoral. tamb\u00e9m t\u00eam o direito de votar, por n\u00e3o estarem com os direitos pol\u00edticos suspensos (inciso III do artigo 15 da Constitui\u00e7\u00e3o Federal).<\/p>\n<p><strong>Quem n\u00e3o pode votar<\/strong><\/p>\n<p>&#8211; Quem est\u00e1 com o t\u00edtulo cancelado por n\u00e3o ter justificado aus\u00eancia em tr\u00eas elei\u00e7\u00f5es consecutivas. No caso das aus\u00eancias, cada turno de um pleito \u00e9 considerado como uma elei\u00e7\u00e3o isolada.<\/p>\n<p>&#8211; Quem perdeu o prazo para justifica\u00e7\u00e3o e n\u00e3o pagou a multa pela irregularidade.<\/p>\n<p>&#8211; Cidad\u00e3os que est\u00e3o com os direitos pol\u00edticos suspensos.<\/p>\n<p>&#8211; Quem n\u00e3o participou da revis\u00e3o biom\u00e9trica obrigat\u00f3ria no munic\u00edpio em que vota.<\/p>\n<p>&#8211; Aqueles que n\u00e3o tiraram o t\u00edtulo de eleitor at\u00e9 o dia 9 de maio nem regularizaram sua situa\u00e7\u00e3o perante a Justi\u00e7a Eleitoral.<\/p>\n<p>&#8211; Eleitores cujos dados n\u00e3o estejam no cadastro de eleitores da se\u00e7\u00e3o constante da urna, ainda que apresente t\u00edtulo de eleitor correspondente \u00e0 se\u00e7\u00e3o e documento que comprove sua identidade. A regra consta do par\u00e1grafo 6\u00ba do Artigo 111 da Resolu\u00e7\u00e3o TSE n\u00ba 23.554\/2017, que trata dos atos preparat\u00f3rios para as elei\u00e7\u00f5es 2018. Nessa hip\u00f3tese, a mesa receptora de votos dever\u00e1 registrar a ocorr\u00eancia em ata e orientar o eleitor a comparecer ao cart\u00f3rio eleitoral a fim de regularizar sua situa\u00e7\u00e3o.<\/p>\n<p><strong>Voto facultativo<\/strong><\/p>\n<p>&#8211; Para jovens com idade entre 16 e 17 anos, idosos com mais de 70 anos e analfabetos, o voto \u00e9 facultativo.<\/p>\n<p><strong>Onde votar?<\/strong><\/p>\n<p>No dia 7 de outubro, o eleitor apto pode ir \u00e0 sua se\u00e7\u00e3o eleitoral das 8h \u00e0s 17h e votar, de acordo com o hor\u00e1rio local. O t\u00edtulo de eleitor traz a zona eleitoral e a se\u00e7\u00e3o em que o eleitor vota.<\/p>\n<p>Quem perdeu o t\u00edtulo consegue saber o n\u00famero do documento no site do TSE. Basta informar o nome, data de nascimento e o nome da m\u00e3e.<\/p>\n<p>O eleitor em situa\u00e7\u00e3o regular tamb\u00e9m pode obter a via digital do t\u00edtulo. O aplicativo e-T\u00edtulo, est\u00e1 dispon\u00edvel para smartphones e tablets. Caso o eleitor j\u00e1 tenha feito o recadastramento eleitoral com coleta de biometria, a vers\u00e3o do e-T\u00edtulo vir\u00e1 acompanhada da fotografia, o que permitir\u00e1 sua identifica\u00e7\u00e3o na hora do voto. Neste caso, bastar\u00e1 apresentar a vers\u00e3o digital do documento para votar.<\/p>\n<p>Para quem ainda n\u00e3o fez o recadastramento biom\u00e9trico, a vers\u00e3o do e-T\u00edtulo ser\u00e1 baixada sem a foto. Nessa hip\u00f3tese, o eleitor est\u00e1 obrigado a levar um documento oficial de identifica\u00e7\u00e3o com foto.<\/p>\n<p>N\u00e3o \u00e9 obrigat\u00f3ria a apresenta\u00e7\u00e3o do t\u00edtulo de eleitor para votar. O eleitor deve se dirigir \u00e0 sua se\u00e7\u00e3o eleitoral e apresentar ao mes\u00e1rio um documento oficial com foto (carteira de identidade, passaporte, carteira de categoria profissional reconhecida por lei, certificado de reservista, carteira de trabalho ou carteira nacional de habilita\u00e7\u00e3o).<\/p>\n<p>&nbsp;<\/p>\n<p><a href=\"https:\/\/senoticias.com.br\/se\/wp-content\/uploads\/2018\/09\/Logomarca-fone-SE-4-2-1-1-1.jpg\"><img loading=\"lazy\" decoding=\"async\" class=\"aligncenter wp-image-115398 size-full\" src=\"https:\/\/senoticias.com.br\/se\/wp-content\/uploads\/2018\/09\/Logomarca-fone-SE-4-2-1-1-1.jpg\" alt=\"\" width=\"599\" height=\"78\" srcset=\"https:\/\/senoticias.com.br\/se\/wp-content\/uploads\/2018\/09\/Logomarca-fone-SE-4-2-1-1-1.jpg 599w, https:\/\/senoticias.com.br\/se\/wp-content\/uploads\/2018\/09\/Logomarca-fone-SE-4-2-1-1-1-300x39.jpg 300w\" sizes=\"(max-width: 599px) 100vw, 599px\" \/><\/a><\/p>\n<p>Da Ag\u00eancia Brasil<\/p>\n","protected":false},"excerpt":{"rendered":"<p>Em outubro, os eleitores ir\u00e3o \u00e0s urnas para escolher presidente da Rep\u00fablica, governadores, senadores, deputados federais, deputados estaduais e distritais. Saiba quem pode e n\u00e3o pode votar nas elei\u00e7\u00f5es: Quem pode votar &#8211; O voto \u00e9 obrigat\u00f3rio para todo cidad\u00e3o, nato ou naturalizado, alfabetizado, com idade entre 18 e 70 anos. &#8211; Os presos provis\u00f3rios [&hellip;]<\/p>\n","protected":false},"author":6553,"featured_media":0,"comment_status":"closed","ping_status":"closed","sticky":false,"template":"","format":"standard","meta":{"footnotes":""},"categories":[15,2961],"tags":[371,370,638,2168,223,10889,10888],"class_list":{"0":"post-115428","1":"post","2":"type-post","3":"status-publish","4":"format-standard","6":"category-destaques","7":"category-nacional","8":"tag-371","9":"tag-brasil","10":"tag-eleicoes","11":"tag-politica","12":"tag-sergipe","13":"tag-urnas-eletronicas","14":"tag-votar"},"_links":{"self":[{"href":"https:\/\/senoticias.com.br\/se\/wp-json\/wp\/v2\/posts\/115428"}],"collection":[{"href":"https:\/\/senoticias.com.br\/se\/wp-json\/wp\/v2\/posts"}],"about":[{"href":"https:\/\/senoticias.com.br\/se\/wp-json\/wp\/v2\/types\/post"}],"author":[{"embeddable":true,"href":"https:\/\/senoticias.com.br\/se\/wp-json\/wp\/v2\/users\/6553"}],"replies":[{"embeddable":true,"href":"https:\/\/senoticias.com.br\/se\/wp-json\/wp\/v2\/comments?post=115428"}],"version-history":[{"count":0,"href":"https:\/\/senoticias.com.br\/se\/wp-json\/wp\/v2\/posts\/115428\/revisions"}],"wp:attachment":[{"href":"https:\/\/senoticias.com.br\/se\/wp-json\/wp\/v2\/media?parent=115428"}],"wp:term":[{"taxonomy":"category","embeddable":true,"href":"https:\/\/senoticias.com.br\/se\/wp-json\/wp\/v2\/categories?post=115428"},{"taxonomy":"post_tag","embeddable":true,"href":"https:\/\/senoticias.com.br\/se\/wp-json\/wp\/v2\/tags?post=115428"}],"curies":[{"name":"wp","href":"https:\/\/api.w.org\/{rel}","templated":true}]}}