{"id":115417,"date":"2018-09-28T14:44:06","date_gmt":"2018-09-28T17:44:06","guid":{"rendered":"https:\/\/senoticias.com.br\/se\/?p=115417"},"modified":"2018-09-28T15:03:12","modified_gmt":"2018-09-28T18:03:12","slug":"smtt-fara-desvios-no-transito-da-adelia-franco-neste-sabado","status":"publish","type":"post","link":"https:\/\/senoticias.com.br\/se\/smtt-fara-desvios-no-transito-da-adelia-franco-neste-sabado\/","title":{"rendered":"SMTT far\u00e1 desvios no tr\u00e2nsito da Ad\u00e9lia Franco neste s\u00e1bado"},"content":{"rendered":"<p><span style=\"color: #000000\">A Superintend\u00eancia Municipal de Transportes e Tr\u00e2nsito de Aracaju (SMTT) informa que a partir das 15h desse s\u00e1bado, 28, far\u00e1 mudan\u00e7as provis\u00f3rias no tr\u00e2nsito durante uma manifesta\u00e7\u00e3o contra o candidato \u00e0 Presid\u00eancia da Rep\u00fablica, Jair Bolsonaro (PSL), que ir\u00e1 acontecer embaixo do viaduto do DIA. <\/span><\/p>\n<p><span style=\"color: #000000\">O grupo ocupar\u00e1 os dois sentidos da avenida Ad\u00e9lia Franco, bloqueando o fluxo de ve\u00edculos. Para garantir a seguran\u00e7a dos cidad\u00e3os e manter a mobilidade dos condutores, a SMTT de Aracaju far\u00e1 as devidas orienta\u00e7\u00f5es no local.<\/span><\/p>\n<p><strong>Desvios<\/strong><\/p>\n<p><span style=\"color: #000000\">O condutor que segue do Centro pela avenida Ad\u00e9lia Franco, sentido DIA, e deseja ir at\u00e9 o Orlando Dantas, ter\u00e1 que convergir ao lado da Igreja Universal, sentido avenida Tancredo Neves. Quem vem do conjunto Orlando Dantas, sentido DIA, dever\u00e1 convergir ao lado do Teatro Tobias Barreto e acessar a avenida Tancredo Neves.<\/span><\/p>\n<div id=\"attachment_115418\" style=\"width: 609px\" class=\"wp-caption aligncenter\"><a href=\"https:\/\/senoticias.com.br\/se\/wp-content\/uploads\/2018\/09\/adelia-radar-e1538156414300.jpg\"><img loading=\"lazy\" decoding=\"async\" aria-describedby=\"caption-attachment-115418\" class=\"wp-image-115418 size-full\" src=\"https:\/\/senoticias.com.br\/se\/wp-content\/uploads\/2018\/09\/adelia-radar-e1538156414300.jpg\" alt=\"\" width=\"599\" height=\"449\" \/><\/a><p id=\"caption-attachment-115418\" class=\"wp-caption-text\">Foto: Ascom SMTT<\/p><\/div>\n<p><span style=\"color: #000000\">O condutor que trafega pela Tancredo Neves sentido Beira-Mar dever\u00e1 acessar ao lado do viaduto no posto Trevo, sentido \u2018Orlando Dantas&#8217;. J\u00e1 quem segue pela Tancredo Neves sentido Detran dever\u00e1 convergir ao lodo do supermercado Extra, seguindo pela avenida Ad\u00e9lia Franco.<\/span><\/p>\n<p><span style=\"color: #000000\">Um contingente de 30 agentes de tr\u00e2nsito estar\u00e1 escalado para garantir que o fluxo de ve\u00edculos n\u00e3o seja prejudicado. Todas as vias ser\u00e3o sinalizadas com cones e viaturas para efetuar os desvios necess\u00e1rios e orientar a popula\u00e7\u00e3o.<\/span><\/p>\n<p><span style=\"color: #000000\"><strong>Transporte P\u00fablico<\/strong><\/span><\/p>\n<p><span style=\"color: #000000\">Devido \u00e0 realiza\u00e7\u00e3o da manifesta\u00e7\u00e3o, ser\u00e3o tamb\u00e9m necess\u00e1rias altera\u00e7\u00f5es dos itiner\u00e1rios das linhas que circulam pela regi\u00e3o das 15h \u00e0s 18h. Ap\u00f3s o t\u00e9rmino, todos os \u00f4nibus voltar\u00e3o a circular com seus itiner\u00e1rios normalizados.<\/span><\/p>\n<p><span style=\"color: #000000\">Quanto aos \u00f4nibus que t\u00eam como destino o Terminal D.I.A., ter\u00e3o seus itiner\u00e1rios alterados. Confira abaixo:<\/span><\/p>\n<p><span style=\"color: #000000\">Sentido: Terminal D.I.A. \/ Av. Tancredo Neves \/ Terminal Zona Oeste linhas: 040 &#8211; Marcos Freire II \/ D.I.A. \/ 060 &#8211; Padre Pedro \/ Campus\/ 070 &#8211; Santa Maria \/ Campus \/ 080 &#8211; Bugio \/ Atalaia.<\/span><\/p>\n<p><span style=\"color: #000000\">Sentido: Terminal D.I.A. \/ Bairro Jabotiana (Conj. JK, Sol Nascente, Santa L\u00facia e Aloque) linhas: 402-1 &#8211; Santa L\u00facia \/ D.I.A. \/ 01, 402-2 &#8211; Santa L\u00facia \/ D.I.A. \/ 02, 402-3 &#8211; Santa L\u00facia \/ D.I.A. 03 \/ 406 &#8211; Aloque \/ D.I.A.<\/span><\/p>\n<p><span style=\"color: #000000\">Sentido: Terminal D.I.A. \/ Av. Ad\u00e9lia Franco \/ Centro linhas: 001 &#8211; Augusto Franco \/ Bugio \/ 002 &#8211; Fernando Collor \/ D.I.A. \/ 004 &#8211; Santa Maria \/ Mercado \/ 005 &#8211; Maracaju \/ D.I.A. \/ 200 CIC1 &#8211; Circular Ind\u00fastria e Com\u00e9rcio 01.<\/span><\/p>\n<p><span style=\"color: #000000\">Sentido: Terminal D.I.A. \/ Av. Augusto Franco (antiga Rio de Janeiro) linhas: 003 &#8211; Jo\u00e3o Alves \/ Orlando Dantas \/ 020 &#8211; Piabeta \/ D.I.A. \/ 030 &#8211; Marcos Freire I e III \/ D.I.A. Sentido: Terminal D.I.A. \/ Bairro Siqueira Campos linhas: 200 CIC2 &#8211; Circular Ind\u00fastria e Com\u00e9rcio 02 \/ 703 &#8211; Augusto Franco \/ Siqueira Campos<\/span><\/p>\n<p><span style=\"color: #000000\">Sentido: Terminal D.I.A. \/ Bairro Luzia linhas: 709 &#8211; D.I.A. \/ Centro via Cl\u00ednicas. Sentido: Centro \/ Av. Ad\u00e9lia Franco \/ Terminal D.I.A. Linhas: 001 &#8211; Augusto Franco \/ Bugio \/ 002 &#8211; Fernando Collor \/ D.I.A. \/ 004 &#8211; Santa Maria \/ Mercado \/ 005 &#8211; Maracaju \/ D.I.A. \/ 200 CIC2 &#8211; Circular Ind\u00fastria e Com\u00e9rcio 02.<\/span><\/p>\n<p><span style=\"color: #000000\">Sentido: Conj. M\u00e9dici \/ Terminal D.I.A. Linhas: 200 CIC1 &#8211; Circular Ind\u00fastria e Com\u00e9rcio 01 \/ 703 &#8211; Augusto Franco \/ Siqueira Campos \/ 709 &#8211; D.I.A. \/ Centro via Cl\u00ednicas.<\/span><\/p>\n<p><span style=\"color: #000000\">Sentido: Bairros Jardins e In\u00e1cio Barbosa \/ Terminal D.I.A. Linhas: 100 CS2 &#8211; Circular Shoppings 02 \/ 410 &#8211; In\u00e1cio Barbosa \/ Jardins \/ D.I.A. \/ 411B &#8211; In\u00e1cio Barbosa \/ D.I.A.<\/span><\/p>\n<p>&nbsp;<\/p>\n<p><a href=\"https:\/\/senoticias.com.br\/se\/wp-content\/uploads\/2018\/09\/Logomarca-fone-SE-4-2-1-1-1.jpg\"><img loading=\"lazy\" decoding=\"async\" class=\"aligncenter wp-image-115398 size-full\" src=\"https:\/\/senoticias.com.br\/se\/wp-content\/uploads\/2018\/09\/Logomarca-fone-SE-4-2-1-1-1.jpg\" alt=\"\" width=\"599\" height=\"78\" srcset=\"https:\/\/senoticias.com.br\/se\/wp-content\/uploads\/2018\/09\/Logomarca-fone-SE-4-2-1-1-1.jpg 599w, https:\/\/senoticias.com.br\/se\/wp-content\/uploads\/2018\/09\/Logomarca-fone-SE-4-2-1-1-1-300x39.jpg 300w\" sizes=\"(max-width: 599px) 100vw, 599px\" \/><\/a><\/p>\n<p>Com informa\u00e7\u00f5es da Ascom SMTT<\/p>\n","protected":false},"excerpt":{"rendered":"<p>A Superintend\u00eancia Municipal de Transportes e Tr\u00e2nsito de Aracaju (SMTT) informa que a partir das 15h desse s\u00e1bado, 28, far\u00e1 mudan\u00e7as provis\u00f3rias no tr\u00e2nsito durante uma manifesta\u00e7\u00e3o contra o candidato \u00e0 Presid\u00eancia da Rep\u00fablica, Jair Bolsonaro (PSL), que ir\u00e1 acontecer embaixo do viaduto do DIA. O grupo ocupar\u00e1 os dois sentidos da avenida Ad\u00e9lia Franco, [&hellip;]<\/p>\n","protected":false},"author":6553,"featured_media":0,"comment_status":"closed","ping_status":"closed","sticky":false,"template":"","format":"standard","meta":{"footnotes":""},"categories":[15,38],"tags":[10885,10884,3272,3240,2875,223,2979,3320],"class_list":{"0":"post-115417","1":"post","2":"type-post","3":"status-publish","4":"format-standard","6":"category-destaques","7":"category-municipios","8":"tag-aju","9":"tag-ascom","10":"tag-bolsonaro","11":"tag-manifestacao","12":"tag-onibus","13":"tag-sergipe","14":"tag-smtt","15":"tag-transito"},"_links":{"self":[{"href":"https:\/\/senoticias.com.br\/se\/wp-json\/wp\/v2\/posts\/115417"}],"collection":[{"href":"https:\/\/senoticias.com.br\/se\/wp-json\/wp\/v2\/posts"}],"about":[{"href":"https:\/\/senoticias.com.br\/se\/wp-json\/wp\/v2\/types\/post"}],"author":[{"embeddable":true,"href":"https:\/\/senoticias.com.br\/se\/wp-json\/wp\/v2\/users\/6553"}],"replies":[{"embeddable":true,"href":"https:\/\/senoticias.com.br\/se\/wp-json\/wp\/v2\/comments?post=115417"}],"version-history":[{"count":0,"href":"https:\/\/senoticias.com.br\/se\/wp-json\/wp\/v2\/posts\/115417\/revisions"}],"wp:attachment":[{"href":"https:\/\/senoticias.com.br\/se\/wp-json\/wp\/v2\/media?parent=115417"}],"wp:term":[{"taxonomy":"category","embeddable":true,"href":"https:\/\/senoticias.com.br\/se\/wp-json\/wp\/v2\/categories?post=115417"},{"taxonomy":"post_tag","embeddable":true,"href":"https:\/\/senoticias.com.br\/se\/wp-json\/wp\/v2\/tags?post=115417"}],"curies":[{"name":"wp","href":"https:\/\/api.w.org\/{rel}","templated":true}]}}