{"id":115404,"date":"2018-09-27T13:58:11","date_gmt":"2018-09-27T16:58:11","guid":{"rendered":"https:\/\/senoticias.com.br\/se\/?p=115404"},"modified":"2018-09-27T14:00:54","modified_gmt":"2018-09-27T17:00:54","slug":"medicamentos-poderao-ser-retirados-com-receitas-da-rede-privada-apos-cadastro-no-sus","status":"publish","type":"post","link":"https:\/\/senoticias.com.br\/se\/medicamentos-poderao-ser-retirados-com-receitas-da-rede-privada-apos-cadastro-no-sus\/","title":{"rendered":"Medicamentos poder\u00e3o ser retirados com receitas da rede privada ap\u00f3s cadastro no SUS"},"content":{"rendered":"<p><span style=\"color: #000000\">A Secretaria Municipal da Sa\u00fade (SMS) revogou a nota informativa anterior, baseada na legisla\u00e7\u00e3o federal, que restringia apenas a dispensa\u00e7\u00e3o de medicamentos com receitu\u00e1rio prescrito somente por profissionais do Sistema \u00danico de Sa\u00fade (SUS). Agora, as receitas prescritas por profissionais da rede privada poder\u00e3o ser dispensadas nas Unidades B\u00e1sicas de Sa\u00fade (UBS), mas somente atrav\u00e9s da comprova\u00e7\u00e3o de cadastro dos usu\u00e1rios.<\/span><\/p>\n<p><span style=\"color: #000000\">De acordo com a refer\u00eancia t\u00e9cnica da Assist\u00eancia Farmac\u00eautica da SMS, Cyndi Pires Santos, \u00e9 preciso ter planejamento para n\u00e3o haver desassist\u00eancia de medicamentos. \u201cCada unidade ter\u00e1 o seu pr\u00f3prio planejamento e o usu\u00e1rio somente consegue o medicamento na unidade a que ele est\u00e1 vinculado. Tantos os farmac\u00eauticos quanto os auxiliares de farm\u00e1cia est\u00e3o sendo orientados para fazer o pedido antes de faltar as medica\u00e7\u00f5es nas suas respectivas unidades de sa\u00fade, garantindo, assim, a assist\u00eancia\u201d, esclareceu.<\/span><\/p>\n<div id=\"attachment_114534\" style=\"width: 609px\" class=\"wp-caption aligncenter\"><a href=\"https:\/\/senoticias.com.br\/se\/wp-content\/uploads\/2018\/08\/medicamento2-e1533584462978.jpg\"><img loading=\"lazy\" decoding=\"async\" aria-describedby=\"caption-attachment-114534\" class=\"wp-image-114534 size-full\" src=\"https:\/\/senoticias.com.br\/se\/wp-content\/uploads\/2018\/08\/medicamento2-e1533584462978.jpg\" alt=\"\" width=\"599\" height=\"398\" \/><\/a><p id=\"caption-attachment-114534\" class=\"wp-caption-text\">Geraldo Pires Fot\u00f3grafo da ASCOM SES.<\/p><\/div>\n<p><span style=\"color: #000000\">Segundo a nota emitida pela SMS, para se ter acesso aos medicamentos padronizados pelo Minist\u00e9rio da Sa\u00fade, todo o usu\u00e1rio assistido pela assist\u00eancia farmac\u00eautica do munic\u00edpio dever\u00e1 ser cadastrado no sistema atrav\u00e9s do Cart\u00e3o Nacional do SUS, como tamb\u00e9m ser vinculado \u00e0 UBS de refer\u00eancia, com base em seu atual endere\u00e7o.<\/span><\/p>\n<p><span style=\"color: #000000\"><strong>Prontu\u00e1rio Eletr\u00f4nico<\/strong><\/span><\/p>\n<p><span style=\"color: #000000\">Com a implanta\u00e7\u00e3o do Prontu\u00e1rio Eletr\u00f4nico (PE) nas Redes de Aten\u00e7\u00e3o Prim\u00e1ria (Reap) e de Urg\u00eancia e Emerg\u00eancia de Sa\u00fade de Aracaju (Reue), novos fluxos para dispensa\u00e7\u00e3o est\u00e3o sendo estabelecidos.<\/span><\/p>\n<p><span style=\"color: #000000\">Nas unidades com o PE j\u00e1 em andamento, o usu\u00e1rio deve adotar os seguintes procedimentos para retirar o medicamento: ir at\u00e9 a recep\u00e7\u00e3o da UBS vinculada portando documento de identifica\u00e7\u00e3o (RG), comprovante de resid\u00eancia e Cart\u00e3o SUS para atualizar dados cadastrais com nome, CPF e endere\u00e7o; se dirigir at\u00e9 a farm\u00e1cia da UBS em porte do Cart\u00e3o SUS e da receita m\u00e9dica v\u00e1lida com a primeira e a segunda via. A segunda via da receita m\u00e9dica (ou sua c\u00f3pia) fica retida na farm\u00e1cia, e o colaborador respons\u00e1vel pela dispensa\u00e7\u00e3o deve carimbar e datar ambas as vias.<\/span><\/p>\n<p><span style=\"color: #000000\">Caso a receita m\u00e9dica tenha sido oriunda de outro estabelecimento de sa\u00fade (p\u00fablico ou privado), o usu\u00e1rio deve comprovar v\u00ednculo \u00e0quela UBS (tamb\u00e9m atrav\u00e9s da Pasta Fam\u00edlia, pelo n\u00famero de Cadastro). O respons\u00e1vel pela farm\u00e1cia deve inserir no Sistema do PE, informa\u00e7\u00f5es constantes na receita como: dados do prescritor (nome completo, n\u00famero do Conselho de Classe e Especialidade), origem da prescri\u00e7\u00e3o, medicamento e posologia.<\/span><\/p>\n<p><span style=\"color: #000000\">J\u00e1 para as unidades aguardando implanta\u00e7\u00e3o de PE, a dispensa\u00e7\u00e3o ser\u00e1 da seguinte forma: O usu\u00e1rio deve comparecer \u00e0 farm\u00e1cia portando Cart\u00e3o SUS, documento de identifica\u00e7\u00e3o (RG), receita m\u00e9dica v\u00e1lida, com primeira e segunda via, e retirar o medicamento. Caso a receita m\u00e9dica tenha sido oriunda de outro estabelecimento de sa\u00fade (p\u00fablico ou privado), o usu\u00e1rio deve comprovar v\u00ednculo \u00e0quela UBS (tamb\u00e9m atrav\u00e9s da Pasta Fam\u00edlia, pelo n\u00famero de Cadastro).<\/span><\/p>\n<p><span style=\"color: #000000\"><strong>Validade das receitas<\/strong><\/span><\/p>\n<p><span style=\"color: #000000\">Sobre a validade das receitas m\u00e9dicas e dispensa\u00e7\u00e3o, orienta-se que medicamentos para hipertens\u00e3o e diabetes, a receita \u00e9 v\u00e1lida por 90 dias, a contar da data da prescri\u00e7\u00e3o, e deve ser dispensado um quantitativo para 30 dias de tratamento por vez at\u00e9 que se alcance o quantitativo total m\u00e1ximo para 90 dias de tratamento para uso cont\u00ednuo.<\/span><\/p>\n<p><span style=\"color: #000000\">Para os medicamentos para o planejamento familiar, a receita \u00e9 v\u00e1lida por 180 dias, a contar da data da prescri\u00e7\u00e3o, e deve ser dispensado um quantitativo para 30 dias de tratamento por vez at\u00e9 que se alcance o quantitativo total m\u00e1ximo para 180 dias de tratamento.<\/span><\/p>\n<p><span style=\"color: #000000\">Para os antibacterianos, a receita \u00e9 v\u00e1lida por apenas dez dias, a contar da data de prescri\u00e7\u00e3o, e deve ser dispensado o quantitativo total da prescri\u00e7\u00e3o.<\/span><\/p>\n<p><span style=\"color: #000000\">Para os demais medicamentos, a receita \u00e9 v\u00e1lida por 30 dias e deve ser dispensado um quantitativo total m\u00e1ximo para 30 dias de tratamento.<\/span><\/p>\n<p><span style=\"color: #000000\"><strong>Medicamentos controlados<\/strong><\/span><\/p>\n<p><span style=\"color: #000000\">As prescri\u00e7\u00f5es de medicamentos \u201ccontrolados\u201d devem ser dispensadas conforme legisla\u00e7\u00e3o espec\u00edfica, em vigor atrav\u00e9s da Portaria 344\/98, da Ag\u00eancia Nacional de Vigil\u00e2ncia Sanit\u00e1ria (Anvisa).<\/span><\/p>\n<p><span style=\"color: #000000\">Para medicamentos controlados existem cinco UBS de refer\u00eancia: Dona Sinhazinha, no bairro Grageru; UBS Geraldo Magela, no Conjunto Orlando Dantas; UBS Dr. Marx de Carvalho, no Ponto Novo; UBS An\u00e1lia Pina, no Conjunto Almirante Tamandar\u00e9; e a UBS Francisco Fonseca, no 18 do Forte.<\/span><\/p>\n<p><span style=\"color: #000000\">\u201cPortanto se a pessoa tiver v\u00ednculo com a unidade Am\u00e9lia Leite, por exemplo, ela ir\u00e1 retirar o medicamento na UBS Dona Sinhazinha. Se for com a UBS Osvaldo Leite, a pessoa retira o medicamento na UBS Geraldo Magela\u201d, explicou Cyndi.<\/span><\/p>\n<p>&nbsp;<\/p>\n<p><a href=\"https:\/\/senoticias.com.br\/se\/wp-content\/uploads\/2018\/09\/Logomarca-fone-SE-4-2-1-1-1.jpg\"><img loading=\"lazy\" decoding=\"async\" class=\"aligncenter wp-image-115398 size-full\" src=\"https:\/\/senoticias.com.br\/se\/wp-content\/uploads\/2018\/09\/Logomarca-fone-SE-4-2-1-1-1.jpg\" alt=\"\" width=\"599\" height=\"78\" srcset=\"https:\/\/senoticias.com.br\/se\/wp-content\/uploads\/2018\/09\/Logomarca-fone-SE-4-2-1-1-1.jpg 599w, https:\/\/senoticias.com.br\/se\/wp-content\/uploads\/2018\/09\/Logomarca-fone-SE-4-2-1-1-1-300x39.jpg 300w\" sizes=\"(max-width: 599px) 100vw, 599px\" \/><\/a><\/p>\n<p><em><strong>Acompanhe o SE Not\u00edcias no<\/strong><span class=\"apple-converted-space\"><b>\u00a0<\/b><\/span><a href=\"https:\/\/twitter.com\/Senoticias\" target=\"_blank\" rel=\"noopener\"><b>Twitter<\/b><\/a><strong>,<\/strong><span class=\"apple-converted-space\"><b>\u00a0<\/b><\/span><a href=\"https:\/\/www.facebook.com\/senoticias1\" target=\"_blank\" rel=\"noopener\"><b>Facebook<\/b><span class=\"apple-converted-space\"><b>\u00a0<\/b><\/span><\/a><strong>e no<\/strong><span class=\"apple-converted-space\"><b>\u00a0<\/b><\/span><a href=\"https:\/\/www.instagram.com\/senoticias\/\" target=\"_blank\" rel=\"noopener\"><b>Instagram<\/b><\/a><\/em><\/p>\n<p>Por Ascom SES<\/p>\n","protected":false},"excerpt":{"rendered":"<p>A Secretaria Municipal da Sa\u00fade (SMS) revogou a nota informativa anterior, baseada na legisla\u00e7\u00e3o federal, que restringia apenas a dispensa\u00e7\u00e3o de medicamentos com receitu\u00e1rio prescrito somente por profissionais do Sistema \u00danico de Sa\u00fade (SUS). Agora, as receitas prescritas por profissionais da rede privada poder\u00e3o ser dispensadas nas Unidades B\u00e1sicas de Sa\u00fade (UBS), mas somente atrav\u00e9s [&hellip;]<\/p>\n","protected":false},"author":6553,"featured_media":0,"comment_status":"closed","ping_status":"closed","sticky":false,"template":"","format":"standard","meta":{"footnotes":""},"categories":[15,38],"tags":[339,3586,5273,1304,223,558,3776],"class_list":{"0":"post-115404","1":"post","2":"type-post","3":"status-publish","4":"format-standard","6":"category-destaques","7":"category-municipios","8":"tag-aracaju","9":"tag-receita","10":"tag-remedios","11":"tag-saude","12":"tag-sergipe","13":"tag-ses","14":"tag-sus"},"_links":{"self":[{"href":"https:\/\/senoticias.com.br\/se\/wp-json\/wp\/v2\/posts\/115404"}],"collection":[{"href":"https:\/\/senoticias.com.br\/se\/wp-json\/wp\/v2\/posts"}],"about":[{"href":"https:\/\/senoticias.com.br\/se\/wp-json\/wp\/v2\/types\/post"}],"author":[{"embeddable":true,"href":"https:\/\/senoticias.com.br\/se\/wp-json\/wp\/v2\/users\/6553"}],"replies":[{"embeddable":true,"href":"https:\/\/senoticias.com.br\/se\/wp-json\/wp\/v2\/comments?post=115404"}],"version-history":[{"count":0,"href":"https:\/\/senoticias.com.br\/se\/wp-json\/wp\/v2\/posts\/115404\/revisions"}],"wp:attachment":[{"href":"https:\/\/senoticias.com.br\/se\/wp-json\/wp\/v2\/media?parent=115404"}],"wp:term":[{"taxonomy":"category","embeddable":true,"href":"https:\/\/senoticias.com.br\/se\/wp-json\/wp\/v2\/categories?post=115404"},{"taxonomy":"post_tag","embeddable":true,"href":"https:\/\/senoticias.com.br\/se\/wp-json\/wp\/v2\/tags?post=115404"}],"curies":[{"name":"wp","href":"https:\/\/api.w.org\/{rel}","templated":true}]}}