{"id":115355,"date":"2018-09-24T17:35:37","date_gmt":"2018-09-24T20:35:37","guid":{"rendered":"https:\/\/senoticias.com.br\/se\/?p=115355"},"modified":"2018-09-24T17:35:37","modified_gmt":"2018-09-24T20:35:37","slug":"prf-flagra-na-br-235-vinte-pessoas-transportadas-em-pau-de-arara","status":"publish","type":"post","link":"https:\/\/senoticias.com.br\/se\/prf-flagra-na-br-235-vinte-pessoas-transportadas-em-pau-de-arara\/","title":{"rendered":"PRF flagra na BR 235, vinte pessoas transportadas em \u201cpau de arara\u201d"},"content":{"rendered":"<p><span style=\"color: #000000\">Uma equipe da PRF flagrou, na manh\u00e3 deste domingo , 23, um condutor inabilitado dirigindo um ve\u00edculo de transporte irregular de pessoas, conhecido popularmente como \u201cpau de arara\u201d. O fato aconteceu BR 235, no munic\u00edpio de Itabaiana\/SE.<\/span><\/p>\n<div id=\"attachment_115356\" style=\"width: 609px\" class=\"wp-caption aligncenter\"><a href=\"https:\/\/senoticias.com.br\/se\/wp-content\/uploads\/2018\/09\/pau-de-arara.jpg\"><img loading=\"lazy\" decoding=\"async\" aria-describedby=\"caption-attachment-115356\" class=\"wp-image-115356 size-full\" src=\"https:\/\/senoticias.com.br\/se\/wp-content\/uploads\/2018\/09\/pau-de-arara-e1537821280473.jpg\" alt=\"\" width=\"599\" height=\"449\" \/><\/a><p id=\"caption-attachment-115356\" class=\"wp-caption-text\">Imagem ilustrativa. Foto: Di\u00e1rio do Nordeste.<\/p><\/div>\n<p><span style=\"color: #000000\">Policiais Rodovi\u00e1rios Federais realizavam fiscaliza\u00e7\u00e3o de rotina quando abordaram o condutor de um ve\u00edculo M.Benz\/L1113, com placas de Sergipe, e, perceberam que vinte pessoas eram transportadas de forma irregular no compartimento de carga, transporte popularmente conhecido como \u201cpau de arara\u201d. Ap\u00f3s solicitarem suas documenta\u00e7\u00f5es, foi constatado pelos policiais que o motorista n\u00e3o possu\u00eda Carteira Nacional de Habilita\u00e7\u00e3o (CNH), como tamb\u00e9m n\u00e3o tinha nenhuma autoriza\u00e7\u00e3o especial para esse tipo de transporte.<\/span><\/p>\n<p><span style=\"color: #000000\">O autom\u00f3vel ficou retido at\u00e9 que um condutor devidamente habilitado comparecesse ao local e o condutor assinou um Termo Circunstanciado de Ocorr\u00eancia (TCO) por n\u00e3o possuir habilita\u00e7\u00e3o, al\u00e9m de gerar perigo de dano.<\/span><\/p>\n<p>&nbsp;<\/p>\n<p><a href=\"https:\/\/senoticias.com.br\/se\/wp-content\/uploads\/2018\/08\/Logomarca-fone-SE-4-2-1-1-1.jpg\"><img loading=\"lazy\" decoding=\"async\" class=\"aligncenter wp-image-114974 size-full\" src=\"https:\/\/senoticias.com.br\/se\/wp-content\/uploads\/2018\/08\/Logomarca-fone-SE-4-2-1-1-1.jpg\" alt=\"\" width=\"599\" height=\"78\" srcset=\"https:\/\/senoticias.com.br\/se\/wp-content\/uploads\/2018\/08\/Logomarca-fone-SE-4-2-1-1-1.jpg 599w, https:\/\/senoticias.com.br\/se\/wp-content\/uploads\/2018\/08\/Logomarca-fone-SE-4-2-1-1-1-300x39.jpg 300w\" sizes=\"(max-width: 599px) 100vw, 599px\" \/><\/a><\/p>\n<p>Da Ascom da PRF\/SE<\/p>\n","protected":false},"excerpt":{"rendered":"<p>Uma equipe da PRF flagrou, na manh\u00e3 deste domingo , 23, um condutor inabilitado dirigindo um ve\u00edculo de transporte irregular de pessoas, conhecido popularmente como \u201cpau de arara\u201d. O fato aconteceu BR 235, no munic\u00edpio de Itabaiana\/SE. Policiais Rodovi\u00e1rios Federais realizavam fiscaliza\u00e7\u00e3o de rotina quando abordaram o condutor de um ve\u00edculo M.Benz\/L1113, com placas de [&hellip;]<\/p>\n","protected":false},"author":6553,"featured_media":0,"comment_status":"closed","ping_status":"closed","sticky":false,"template":"","format":"standard","meta":{"footnotes":""},"categories":[15,38],"tags":[9703,10865,10866,1303,77,2908],"class_list":{"0":"post-115355","1":"post","2":"type-post","3":"status-publish","4":"format-standard","6":"category-destaques","7":"category-municipios","8":"tag-br-235","9":"tag-flagra","10":"tag-pau-de-arara","11":"tag-policia","12":"tag-prf","13":"tag-rodovia"},"_links":{"self":[{"href":"https:\/\/senoticias.com.br\/se\/wp-json\/wp\/v2\/posts\/115355"}],"collection":[{"href":"https:\/\/senoticias.com.br\/se\/wp-json\/wp\/v2\/posts"}],"about":[{"href":"https:\/\/senoticias.com.br\/se\/wp-json\/wp\/v2\/types\/post"}],"author":[{"embeddable":true,"href":"https:\/\/senoticias.com.br\/se\/wp-json\/wp\/v2\/users\/6553"}],"replies":[{"embeddable":true,"href":"https:\/\/senoticias.com.br\/se\/wp-json\/wp\/v2\/comments?post=115355"}],"version-history":[{"count":0,"href":"https:\/\/senoticias.com.br\/se\/wp-json\/wp\/v2\/posts\/115355\/revisions"}],"wp:attachment":[{"href":"https:\/\/senoticias.com.br\/se\/wp-json\/wp\/v2\/media?parent=115355"}],"wp:term":[{"taxonomy":"category","embeddable":true,"href":"https:\/\/senoticias.com.br\/se\/wp-json\/wp\/v2\/categories?post=115355"},{"taxonomy":"post_tag","embeddable":true,"href":"https:\/\/senoticias.com.br\/se\/wp-json\/wp\/v2\/tags?post=115355"}],"curies":[{"name":"wp","href":"https:\/\/api.w.org\/{rel}","templated":true}]}}