{"id":115346,"date":"2018-09-24T16:37:36","date_gmt":"2018-09-24T19:37:36","guid":{"rendered":"https:\/\/senoticias.com.br\/se\/?p=115346"},"modified":"2018-09-24T16:44:20","modified_gmt":"2018-09-24T19:44:20","slug":"prefeito-de-sao-cristovao-inaugura-praca-com-quadra-poliesportiva-e-academia-ao-ar-livre","status":"publish","type":"post","link":"https:\/\/senoticias.com.br\/se\/prefeito-de-sao-cristovao-inaugura-praca-com-quadra-poliesportiva-e-academia-ao-ar-livre\/","title":{"rendered":"Prefeito de S\u00e3o Crist\u00f3v\u00e3o inaugura pra\u00e7a com quadra poliesportiva e &#8220;academia ao ar livre&#8221;"},"content":{"rendered":"<p style=\"text-align: justify;\">\u201c\u00c9 uma conquista muito importante. Al\u00e9m de o ano passado j\u00e1 ter sido um per\u00edodo com n\u00fameros excepcionais para Crici\u00fama e regi\u00e3o, todo esse tempo sem assassinatos evidencia o grande trabalho que vem sendo realizado pelas Policiais Militar e Civil\u201d, completa o coronel.<\/p>\n<p style=\"text-align: justify;\">A Prefeitura de S\u00e3o Crist\u00f3v\u00e3o, por meio da Secretaria de Infraestrutura, entregou na tarde deste domingo(23), a pra\u00e7a Marisa Let\u00edcia Lula da Silva, um novo espa\u00e7o de lazer e conviv\u00eancia para a comunidade do conjunto Luiz Alves II.<\/p>\n<div id=\"attachment_115347\" style=\"width: 609px\" class=\"wp-caption alignnone\"><a href=\"https:\/\/senoticias.com.br\/se\/wp-content\/uploads\/2018\/09\/praca-Luiz-Alves-II-SE-Noticias-e1537817674393.jpg\"><img loading=\"lazy\" decoding=\"async\" aria-describedby=\"caption-attachment-115347\" class=\"size-full wp-image-115347\" src=\"https:\/\/senoticias.com.br\/se\/wp-content\/uploads\/2018\/09\/praca-Luiz-Alves-II-SE-Noticias-e1537817674393.jpg\" alt=\"\" width=\"599\" height=\"399\" \/><\/a><p id=\"caption-attachment-115347\" class=\"wp-caption-text\">Prefeito Marcos Santana inaugura Pra\u00e7a no Luiz Alves II (Foto: Heiltor J\u00fanior)<\/p><\/div>\n<p style=\"text-align: justify;\">O espa\u00e7o conta com quadra e equipamentos para pr\u00e1ticas esportivas, parque infantil, al\u00e9m de um projeto paisag\u00edstico com gazebos, bancos e arquibancada para pequenos eventos contribuindo para o desenvolvimento urbano da localidade. \u201cFiquei feliz em entregar a primeira pra\u00e7a constru\u00edda por nossa gest\u00e3o aos moradores do Luiz Alves II. Criamos um espa\u00e7o de conviv\u00eancia para todos os moradores, e eles entenderam a nossa proposta e est\u00e3o se divertindo, ocupando este espa\u00e7o de lazer, que ir\u00e1 n\u00e3o apenas beneficiar esta localidade, como tamb\u00e9m traz de volta a felicidade para esta comunidade\u201d, comemorou o prefeito Marcos Santana.<\/p>\n<p style=\"text-align: justify;\">A dona de casa S\u00f4nia Costa conferiu o espa\u00e7o e aprovou os novos equipamentos de lazer para a popula\u00e7\u00e3o. \u201cVejo este novo local como uma ben\u00e7\u00e3o para a comunidade de Luiz Alves, t\u00ednhamos apenas o local, que se resumia a um campinho, agora temos uma pra\u00e7a de verdade, a prefeitura est\u00e1 de parab\u00e9ns por esta obra e a gente fica feliz, porque agora podemos vir conversar, praticar esportes e se divertir aqui\u201d, frisou a dona de casa S\u00f4nia Costa.<\/p>\n<p style=\"text-align: justify;\">Com mais de 30 anos morando no Luiz Alves, a aposentada Edila Barroso comentou que nunca existiu na comunidade uma \u00e1rea de conviv\u00eancia e que para as crian\u00e7as foi um presente da prefeitura. \u201cMoro aqui h\u00e1 umas tr\u00eas d\u00e9cadas, e nunca vi uma obra como este, agora temos uma pra\u00e7a bonita e um novo local para que as crian\u00e7as da comunidade possam brincar, estou muito feliz com a entrega desta obra\u201d, pontuou Edila.<\/p>\n<p style=\"text-align: justify;\">A fam\u00edlia Mendes foi uma das que mais se sentiram felizes com a nova \u00e1rea de recrea\u00e7\u00e3o. Simone Mendes achava a falta do espa\u00e7o uma necessidade da popula\u00e7\u00e3o, e o prefeito Marcos Santana atendeu a todas as expectativas dela com a inaugura\u00e7\u00e3o da pra\u00e7a. \u201cEste foi mais que um presente para n\u00f3s do Luiz Alves, agrade\u00e7o ao prefeito Marcos Santana por ter lembrado da gente e quero parabeniz\u00e1-lo por ter entregue um local bem equipado, e estar sempre presente na comunidade e atendendo aos nosso anseios\u201d, ressaltou Simone.<\/p>\n<p style=\"text-align: justify;\"><strong>Investimentos<\/strong><\/p>\n<p style=\"text-align: justify;\">A pra\u00e7a Marisa Let\u00edcia Lula da Silva, ir\u00e1 beneficiar mais de 300 fam\u00edlias, o valor total da obra foi de R$ 285.000,00 destes, foram investidos R$243.750,00 de repasses federais e R$41.250,00 de contrapartida do munic\u00edpio de S\u00e3o Crist\u00f3v\u00e3o.<\/p>\n<p><strong>Presen\u00e7as<\/strong><\/p>\n<p style=\"text-align: justify;\">Juntamente com o prefeito Marcos Santana e a primeira-dama Sandra Santana, estiveram presentes na inaugura\u00e7\u00e3o da pra\u00e7a Marisa Let\u00edcia Lula da Silva, os secret\u00e1rios de Infraestrutura, Thiago Souza, de Planejamento, Or\u00e7amento e Gest\u00e3o, Fernando Carvalho; de Assuntos Parlamentares, Edson Fontes; do Chefe de Gabinete, M\u00e1rio Freire; de Fazenda, Eldro Fran\u00e7a; o superintendente de Tr\u00e2nsito e Transportes de S\u00e3o Crist\u00f3v\u00e3o, Major Jos\u00e9 Luiz; o ex-deputado federal S\u00e9rgio Reis e os vereadores, Tony da Academia, Diego Prado, Vanderlan Nego, Rege do Rosa Maria, Adailton Lopes (Dito), Edson Pereira, Irm\u00e3o Gibson e Paulo J\u00fanior.<\/p>\n<p>&nbsp;<\/p>\n<p><em><strong>Acompanhe o SE Not\u00edcias no<\/strong><span class=\"apple-converted-space\"><b>\u00a0<\/b><\/span><a href=\"https:\/\/twitter.com\/Senoticias\" target=\"_blank\" rel=\"noopener\"><b>Twitter<\/b><\/a><strong>,<\/strong><span class=\"apple-converted-space\"><b>\u00a0<\/b><\/span><a href=\"https:\/\/www.facebook.com\/senoticias1\" target=\"_blank\" rel=\"noopener\"><b>Facebook<\/b><span class=\"apple-converted-space\"><b>\u00a0<\/b><\/span><\/a><strong>e no<\/strong><span class=\"apple-converted-space\"><b>\u00a0<\/b><\/span><a href=\"https:\/\/www.instagram.com\/senoticias\/\" target=\"_blank\" rel=\"noopener\"><b>Instagram<\/b><\/a><\/em><\/p>\n<p>&nbsp;<\/p>\n<p><a href=\"https:\/\/senoticias.com.br\/se\/wp-content\/uploads\/2018\/08\/Logomarca-fone-SE-4-2-1-1-1.jpg\"><img loading=\"lazy\" decoding=\"async\" class=\"alignnone size-full wp-image-114974\" src=\"https:\/\/senoticias.com.br\/se\/wp-content\/uploads\/2018\/08\/Logomarca-fone-SE-4-2-1-1-1.jpg\" alt=\"\" width=\"599\" height=\"78\" srcset=\"https:\/\/senoticias.com.br\/se\/wp-content\/uploads\/2018\/08\/Logomarca-fone-SE-4-2-1-1-1.jpg 599w, https:\/\/senoticias.com.br\/se\/wp-content\/uploads\/2018\/08\/Logomarca-fone-SE-4-2-1-1-1-300x39.jpg 300w\" sizes=\"(max-width: 599px) 100vw, 599px\" \/><\/a><\/p>\n<p><em>Com informa\u00e7\u00f5es da ascom\/PMSC<\/em><\/p>\n","protected":false},"excerpt":{"rendered":"<p>\u201c\u00c9 uma conquista muito importante. Al\u00e9m de o ano passado j\u00e1 ter sido um per\u00edodo com n\u00fameros excepcionais para Crici\u00fama e regi\u00e3o, todo esse tempo sem assassinatos evidencia o grande trabalho que vem sendo realizado pelas Policiais Militar e Civil\u201d, completa o coronel. A Prefeitura de S\u00e3o Crist\u00f3v\u00e3o, por meio da Secretaria de Infraestrutura, entregou [&hellip;]<\/p>\n","protected":false},"author":6552,"featured_media":115347,"comment_status":"closed","ping_status":"closed","sticky":false,"template":"","format":"standard","meta":{"footnotes":""},"categories":[15],"tags":[10862,10863,4589,9180],"class_list":{"0":"post-115346","1":"post","2":"type-post","3":"status-publish","4":"format-standard","5":"has-post-thumbnail","7":"category-destaques","8":"tag-luiz-alves-ii","9":"tag-praca-do-luiz-alves-ii","10":"tag-prefeito-marcos-santana","11":"tag-quadra-poliesportiva"},"_links":{"self":[{"href":"https:\/\/senoticias.com.br\/se\/wp-json\/wp\/v2\/posts\/115346"}],"collection":[{"href":"https:\/\/senoticias.com.br\/se\/wp-json\/wp\/v2\/posts"}],"about":[{"href":"https:\/\/senoticias.com.br\/se\/wp-json\/wp\/v2\/types\/post"}],"author":[{"embeddable":true,"href":"https:\/\/senoticias.com.br\/se\/wp-json\/wp\/v2\/users\/6552"}],"replies":[{"embeddable":true,"href":"https:\/\/senoticias.com.br\/se\/wp-json\/wp\/v2\/comments?post=115346"}],"version-history":[{"count":0,"href":"https:\/\/senoticias.com.br\/se\/wp-json\/wp\/v2\/posts\/115346\/revisions"}],"wp:featuredmedia":[{"embeddable":true,"href":"https:\/\/senoticias.com.br\/se\/wp-json\/wp\/v2\/media\/115347"}],"wp:attachment":[{"href":"https:\/\/senoticias.com.br\/se\/wp-json\/wp\/v2\/media?parent=115346"}],"wp:term":[{"taxonomy":"category","embeddable":true,"href":"https:\/\/senoticias.com.br\/se\/wp-json\/wp\/v2\/categories?post=115346"},{"taxonomy":"post_tag","embeddable":true,"href":"https:\/\/senoticias.com.br\/se\/wp-json\/wp\/v2\/tags?post=115346"}],"curies":[{"name":"wp","href":"https:\/\/api.w.org\/{rel}","templated":true}]}}