{"id":115272,"date":"2018-09-17T15:52:47","date_gmt":"2018-09-17T18:52:47","guid":{"rendered":"https:\/\/senoticias.com.br\/se\/?p=115272"},"modified":"2018-09-17T15:52:47","modified_gmt":"2018-09-17T18:52:47","slug":"mp-eleitoral-recomenda-aumento-de-fiscalizacao-de-transito-nas-carreatas-em-sergipe","status":"publish","type":"post","link":"https:\/\/senoticias.com.br\/se\/mp-eleitoral-recomenda-aumento-de-fiscalizacao-de-transito-nas-carreatas-em-sergipe\/","title":{"rendered":"MP Eleitoral recomenda aumento de fiscaliza\u00e7\u00e3o de tr\u00e2nsito nas carreatas em Sergipe"},"content":{"rendered":"<p><span style=\"color: #000000\">Ap\u00f3s receber den\u00fancias de desrespeito \u00e0 legisla\u00e7\u00e3o de tr\u00e2nsito durante carreatas eleitorais, o Minist\u00e9rio P\u00fablico Eleitoral recomendou aos \u00f3rg\u00e3os respons\u00e1veis que intensifiquem a fiscaliza\u00e7\u00e3o e as medidas preventivas durante esses eventos em Sergipe. De acordo com o documento, as infra\u00e7\u00f5es se multiplicam durante as carreatas e aumentam o risco de acidentes. Os candidatos, coliga\u00e7\u00f5es e partidos tamb\u00e9m foram alvo da recomenda\u00e7\u00e3o.<\/span><\/p>\n<p><span style=\"color: #000000\">Segundo a procuradora Regional Eleitoral, Eunice Dantas, o MP Eleitoral recebeu den\u00fancia sobre diversas infra\u00e7\u00f5es de tr\u00e2nsito durante a campanha eleitoral, como uso indevido de carrocerias de caminhonetes, ve\u00edculos superlotados, pessoas penduradas em portas de carros e condutores de motocicletas sem capacete. A inten\u00e7\u00e3o da recomenda\u00e7\u00e3o \u00e9 alertar tanto os \u00f3rg\u00e3os fiscalizadores quanto os organizadores das carreatas da responsabilidade sobre esses eventos.<\/span><\/p>\n<div id=\"attachment_115275\" style=\"width: 514px\" class=\"wp-caption aligncenter\"><a href=\"https:\/\/senoticias.com.br\/se\/wp-content\/uploads\/2018\/09\/carreata-SENOTICIAS.png\"><img loading=\"lazy\" decoding=\"async\" aria-describedby=\"caption-attachment-115275\" class=\"wp-image-115275 size-full\" src=\"https:\/\/senoticias.com.br\/se\/wp-content\/uploads\/2018\/09\/carreata-SENOTICIAS.png\" alt=\"\" width=\"504\" height=\"480\" srcset=\"https:\/\/senoticias.com.br\/se\/wp-content\/uploads\/2018\/09\/carreata-SENOTICIAS.png 504w, https:\/\/senoticias.com.br\/se\/wp-content\/uploads\/2018\/09\/carreata-SENOTICIAS-300x286.png 300w\" sizes=\"(max-width: 504px) 100vw, 504px\" \/><\/a><p id=\"caption-attachment-115275\" class=\"wp-caption-text\">Foto: Adailson Cruz<\/p><\/div>\n<p><strong><span style=\"color: #000000\">Fiscaliza\u00e7\u00e3o<\/span><\/strong><\/p>\n<p><span style=\"color: #000000\">A recomenda\u00e7\u00e3o foi enviada \u00e0 Pol\u00edcia Militar (PM), \u00e0 Pol\u00edcia Rodovi\u00e1ria Federal (PRF), ao Departamento Estadual de Tr\u00e2nsito (Detran) e \u00e0 Superintend\u00eancia Municipal de Transporte e Tr\u00e2nsito (SMTT) de Aracaju, para que intensifiquem as fiscaliza\u00e7\u00f5es e adotem todas as medidas preventivas e repressivas relacionadas \u00e0s regras de tr\u00e2nsito, especialmente no que se refere \u00e0s infra\u00e7\u00f5es praticadas em carreatas eleitorais e ao &#8220;envelopamento&#8221; e adesivagem de ve\u00edculos.<\/span><\/p>\n<p><span style=\"color: #000000\">J\u00e1 aos candidatos, coliga\u00e7\u00f5es e partidos pol\u00edticos a recomenda\u00e7\u00e3o \u00e9 para que, nos atos de campanha realizados em vias e estradas, sigam os procedimentos relacionados \u00e0 sinaliza\u00e7\u00e3o e organiza\u00e7\u00e3o dos eventos, comunicando aos \u00f3rg\u00e3os de tr\u00e2nsito e fornecendo informa\u00e7\u00f5es sobre trajeto, data, local e hor\u00e1rio.<\/span><\/p>\n<p><span style=\"color: #000000\">O documento deixa claro ainda que a recomenda\u00e7\u00e3o n\u00e3o esgota a atua\u00e7\u00e3o do Minist\u00e9rio P\u00fablico Federal sobre o tema e que o n\u00e3o acatamento pode motivar a ado\u00e7\u00e3o das medidas administrativas e judiciais.<\/span><\/p>\n<p>&nbsp;<\/p>\n<p><a href=\"https:\/\/senoticias.com.br\/se\/wp-content\/uploads\/2018\/08\/Logomarca-fone-SE-4-2-1-1-1.jpg\"><img loading=\"lazy\" decoding=\"async\" class=\"aligncenter wp-image-114974 size-full\" src=\"https:\/\/senoticias.com.br\/se\/wp-content\/uploads\/2018\/08\/Logomarca-fone-SE-4-2-1-1-1.jpg\" alt=\"\" width=\"599\" height=\"78\" srcset=\"https:\/\/senoticias.com.br\/se\/wp-content\/uploads\/2018\/08\/Logomarca-fone-SE-4-2-1-1-1.jpg 599w, https:\/\/senoticias.com.br\/se\/wp-content\/uploads\/2018\/08\/Logomarca-fone-SE-4-2-1-1-1-300x39.jpg 300w\" sizes=\"(max-width: 599px) 100vw, 599px\" \/><\/a><\/p>\n<p><em><strong>Acompanhe o SE Not\u00edcias no<\/strong><span class=\"apple-converted-space\"><b>\u00a0<\/b><\/span><a href=\"https:\/\/twitter.com\/Senoticias\" target=\"_blank\" rel=\"noopener\"><b>Twitter<\/b><\/a><strong>,<\/strong><span class=\"apple-converted-space\"><b>\u00a0<\/b><\/span><a href=\"https:\/\/www.facebook.com\/senoticias1\" target=\"_blank\" rel=\"noopener\"><b>Facebook<\/b><span class=\"apple-converted-space\"><b>\u00a0<\/b><\/span><\/a><strong>e no<\/strong><span class=\"apple-converted-space\"><b>\u00a0<\/b><\/span><a href=\"https:\/\/www.instagram.com\/senoticias\/\" target=\"_blank\" rel=\"noopener\"><b>Instagram<\/b><\/a><\/em><\/p>\n<p>Da Assessoria do MPE\/SE<\/p>\n","protected":false},"excerpt":{"rendered":"<p>Ap\u00f3s receber den\u00fancias de desrespeito \u00e0 legisla\u00e7\u00e3o de tr\u00e2nsito durante carreatas eleitorais, o Minist\u00e9rio P\u00fablico Eleitoral recomendou aos \u00f3rg\u00e3os respons\u00e1veis que intensifiquem a fiscaliza\u00e7\u00e3o e as medidas preventivas durante esses eventos em Sergipe. De acordo com o documento, as infra\u00e7\u00f5es se multiplicam durante as carreatas e aumentam o risco de acidentes. Os candidatos, coliga\u00e7\u00f5es e [&hellip;]<\/p>\n","protected":false},"author":6553,"featured_media":0,"comment_status":"closed","ping_status":"closed","sticky":false,"template":"","format":"standard","meta":{"footnotes":""},"categories":[15,6],"tags":[339,10831,2910,1303,2168,77,223,2979],"class_list":{"0":"post-115272","1":"post","2":"type-post","3":"status-publish","4":"format-standard","6":"category-destaques","7":"category-politica","8":"tag-aracaju","9":"tag-carreatas","10":"tag-mpe","11":"tag-policia","12":"tag-politica","13":"tag-prf","14":"tag-sergipe","15":"tag-smtt"},"_links":{"self":[{"href":"https:\/\/senoticias.com.br\/se\/wp-json\/wp\/v2\/posts\/115272"}],"collection":[{"href":"https:\/\/senoticias.com.br\/se\/wp-json\/wp\/v2\/posts"}],"about":[{"href":"https:\/\/senoticias.com.br\/se\/wp-json\/wp\/v2\/types\/post"}],"author":[{"embeddable":true,"href":"https:\/\/senoticias.com.br\/se\/wp-json\/wp\/v2\/users\/6553"}],"replies":[{"embeddable":true,"href":"https:\/\/senoticias.com.br\/se\/wp-json\/wp\/v2\/comments?post=115272"}],"version-history":[{"count":0,"href":"https:\/\/senoticias.com.br\/se\/wp-json\/wp\/v2\/posts\/115272\/revisions"}],"wp:attachment":[{"href":"https:\/\/senoticias.com.br\/se\/wp-json\/wp\/v2\/media?parent=115272"}],"wp:term":[{"taxonomy":"category","embeddable":true,"href":"https:\/\/senoticias.com.br\/se\/wp-json\/wp\/v2\/categories?post=115272"},{"taxonomy":"post_tag","embeddable":true,"href":"https:\/\/senoticias.com.br\/se\/wp-json\/wp\/v2\/tags?post=115272"}],"curies":[{"name":"wp","href":"https:\/\/api.w.org\/{rel}","templated":true}]}}