{"id":115201,"date":"2018-09-12T16:46:01","date_gmt":"2018-09-12T19:46:01","guid":{"rendered":"https:\/\/senoticias.com.br\/se\/?p=115201"},"modified":"2018-09-13T08:43:48","modified_gmt":"2018-09-13T11:43:48","slug":"smtt-altera-regras-de-transito-no-bairro-ponto-novo-em-aracaju","status":"publish","type":"post","link":"https:\/\/senoticias.com.br\/se\/smtt-altera-regras-de-transito-no-bairro-ponto-novo-em-aracaju\/","title":{"rendered":"SMTT altera regras de tr\u00e2nsito no bairro Ponto Novo, em Aracaju"},"content":{"rendered":"<p style=\"text-align: justify;\"><span style=\"color: #000000;\">Desde as 9 horas da manh\u00e3 desta quarta-feira, 12, est\u00e1 proibida a convers\u00e3o \u00e0 esquerda para o condutor que segue pela avenida Augusto Franco, no sentido sul, e deseja acessar a avenida Padre Nestor Sampaio, no bairro Ponto Novo, em Aracaju. A mudan\u00e7a de circula\u00e7\u00e3o foi proposta pela Superintend\u00eancia Municipal de Transportes e Tr\u00e2nsito de Aracaju (SMTT) com a justificativa de reduzir os congestionamentos no local.<\/span><\/p>\n<div id=\"attachment_115202\" style=\"width: 550px\" class=\"wp-caption aligncenter\"><a href=\"https:\/\/senoticias.com.br\/se\/wp-content\/uploads\/2018\/09\/IMG_6595-5248-540-340-80-c.jpg\"><img loading=\"lazy\" decoding=\"async\" aria-describedby=\"caption-attachment-115202\" class=\"wp-image-115202 size-full\" src=\"https:\/\/senoticias.com.br\/se\/wp-content\/uploads\/2018\/09\/IMG_6595-5248-540-340-80-c.jpg\" alt=\"\" width=\"540\" height=\"340\" srcset=\"https:\/\/senoticias.com.br\/se\/wp-content\/uploads\/2018\/09\/IMG_6595-5248-540-340-80-c.jpg 540w, https:\/\/senoticias.com.br\/se\/wp-content\/uploads\/2018\/09\/IMG_6595-5248-540-340-80-c-300x189.jpg 300w, https:\/\/senoticias.com.br\/se\/wp-content\/uploads\/2018\/09\/IMG_6595-5248-540-340-80-c-120x76.jpg 120w, https:\/\/senoticias.com.br\/se\/wp-content\/uploads\/2018\/09\/IMG_6595-5248-540-340-80-c-265x168.jpg 265w, https:\/\/senoticias.com.br\/se\/wp-content\/uploads\/2018\/09\/IMG_6595-5248-540-340-80-c-284x180.jpg 284w, https:\/\/senoticias.com.br\/se\/wp-content\/uploads\/2018\/09\/IMG_6595-5248-540-340-80-c-274x173.jpg 274w, https:\/\/senoticias.com.br\/se\/wp-content\/uploads\/2018\/09\/IMG_6595-5248-540-340-80-c-220x140.jpg 220w\" sizes=\"(max-width: 540px) 100vw, 540px\" \/><\/a><p id=\"caption-attachment-115202\" class=\"wp-caption-text\">Foto: SMTT<\/p><\/div>\n<p style=\"text-align: justify;\"><span style=\"color: #000000;\">Segundo a SMTT, os sem\u00e1foros do cruzamento foram reprogramados para reduzir o tempo de espera. A expectativa &#8220;\u00e9 elevar a seguran\u00e7a e dar maior agilidade ao tr\u00e1fego de ve\u00edculos na regi\u00e3o&#8221;, informou a assessoria.<\/span><\/p>\n<p style=\"text-align: justify;\"><span style=\"color: #000000;\">Na manh\u00e3 desta quarta, foi poss\u00edvel observar congestionamentos no sentido norte da avenida Augusto Franco, mas os agentes de tr\u00e2nsito da SMTT estavam no local e, segundo a assessoria do \u00f3rg\u00e3o, continuar\u00e3o na regi\u00e3o por mais ou menos 15 dias. Tamb\u00e9m foi instalado um painel eletr\u00f4nico informando da mmudan\u00e7a.<\/span><\/p>\n<p style=\"text-align: justify;\"><strong><span style=\"color: #000000;\">Op\u00e7\u00f5es<\/span><\/strong><\/p>\n<p style=\"text-align: justify;\"><span style=\"color: #000000;\">Agora, o condutor que costuma acessar a avenida Nestor Sampaio convergindo \u00e0 esquerda pela Augusto Franco, tem a op\u00e7\u00e3o de retornar no viaduto do Detran. Basta seguir pela avenida Augusto Franco e fazer a manobra embaixo do viaduto, voltando pelo outro sentido da avenida e acessando a Nestor Sampaio ap\u00f3s o retorno.<\/span><\/p>\n<p style=\"text-align: justify;\"><span style=\"color: #000000;\">Outra op\u00e7\u00e3o \u00e9 convergir \u00e0 direita, ap\u00f3s o cruzamento, na rua Francisco de Assis Delmondes (ao lado da Sede da EMURB) e seguir pela rua Jo\u00e3o Soares Nascimento (atr\u00e1s do GBarbosa) at\u00e9 chegar \u00e0 avenida Nestor Sampaio. Os demais acessos permanecem os mesmos.<\/span><\/p>\n<p>&nbsp;<\/p>\n<p><a href=\"https:\/\/senoticias.com.br\/se\/wp-content\/uploads\/2018\/08\/Logomarca-fone-SE-4-2-1-1-1.jpg\"><img loading=\"lazy\" decoding=\"async\" class=\"aligncenter wp-image-114974 size-full\" src=\"https:\/\/senoticias.com.br\/se\/wp-content\/uploads\/2018\/08\/Logomarca-fone-SE-4-2-1-1-1.jpg\" alt=\"\" width=\"599\" height=\"78\" srcset=\"https:\/\/senoticias.com.br\/se\/wp-content\/uploads\/2018\/08\/Logomarca-fone-SE-4-2-1-1-1.jpg 599w, https:\/\/senoticias.com.br\/se\/wp-content\/uploads\/2018\/08\/Logomarca-fone-SE-4-2-1-1-1-300x39.jpg 300w\" sizes=\"(max-width: 599px) 100vw, 599px\" \/><\/a><\/p>\n<p><em><strong>Acompanhe o SE Not\u00edcias no<\/strong><span class=\"apple-converted-space\"><b>\u00a0<\/b><\/span><a href=\"https:\/\/twitter.com\/Senoticias\" target=\"_blank\" rel=\"noopener\"><b>Twitter<\/b><\/a><strong>,<\/strong><span class=\"apple-converted-space\"><b>\u00a0<\/b><\/span><a href=\"https:\/\/www.facebook.com\/senoticias1\" target=\"_blank\" rel=\"noopener\"><b>Facebook<\/b><span class=\"apple-converted-space\"><b>\u00a0<\/b><\/span><\/a><strong>e no<\/strong><span class=\"apple-converted-space\"><b>\u00a0<\/b><\/span><a href=\"https:\/\/www.instagram.com\/senoticias\/\" target=\"_blank\" rel=\"noopener\"><b>Instagram<\/b><\/a><\/em><\/p>\n<p>Da Reda\u00e7\u00e3o do SE Not\u00edcias<\/p>\n","protected":false},"excerpt":{"rendered":"<p>Desde as 9 horas da manh\u00e3 desta quarta-feira, 12, est\u00e1 proibida a convers\u00e3o \u00e0 esquerda para o condutor que segue pela avenida Augusto Franco, no sentido sul, e deseja acessar a avenida Padre Nestor Sampaio, no bairro Ponto Novo, em Aracaju. A mudan\u00e7a de circula\u00e7\u00e3o foi proposta pela Superintend\u00eancia Municipal de Transportes e Tr\u00e2nsito de [&hellip;]<\/p>\n","protected":false},"author":6553,"featured_media":0,"comment_status":"closed","ping_status":"closed","sticky":false,"template":"","format":"standard","meta":{"footnotes":""},"categories":[6],"tags":[339,9013,9122,223,2979,3320],"class_list":{"0":"post-115201","1":"post","2":"type-post","3":"status-publish","4":"format-standard","6":"category-politica","7":"tag-aracaju","8":"tag-augusto-franco","9":"tag-nestor-sampaio","10":"tag-sergipe","11":"tag-smtt","12":"tag-transito"},"_links":{"self":[{"href":"https:\/\/senoticias.com.br\/se\/wp-json\/wp\/v2\/posts\/115201"}],"collection":[{"href":"https:\/\/senoticias.com.br\/se\/wp-json\/wp\/v2\/posts"}],"about":[{"href":"https:\/\/senoticias.com.br\/se\/wp-json\/wp\/v2\/types\/post"}],"author":[{"embeddable":true,"href":"https:\/\/senoticias.com.br\/se\/wp-json\/wp\/v2\/users\/6553"}],"replies":[{"embeddable":true,"href":"https:\/\/senoticias.com.br\/se\/wp-json\/wp\/v2\/comments?post=115201"}],"version-history":[{"count":0,"href":"https:\/\/senoticias.com.br\/se\/wp-json\/wp\/v2\/posts\/115201\/revisions"}],"wp:attachment":[{"href":"https:\/\/senoticias.com.br\/se\/wp-json\/wp\/v2\/media?parent=115201"}],"wp:term":[{"taxonomy":"category","embeddable":true,"href":"https:\/\/senoticias.com.br\/se\/wp-json\/wp\/v2\/categories?post=115201"},{"taxonomy":"post_tag","embeddable":true,"href":"https:\/\/senoticias.com.br\/se\/wp-json\/wp\/v2\/tags?post=115201"}],"curies":[{"name":"wp","href":"https:\/\/api.w.org\/{rel}","templated":true}]}}