{"id":115199,"date":"2018-09-12T16:05:13","date_gmt":"2018-09-12T19:05:13","guid":{"rendered":"https:\/\/senoticias.com.br\/se\/?p=115199"},"modified":"2018-09-12T16:05:13","modified_gmt":"2018-09-12T19:05:13","slug":"corpo-e-encontrado-em-matagal-proximo-a-rodoviaria-nova-em-aracaju","status":"publish","type":"post","link":"https:\/\/senoticias.com.br\/se\/corpo-e-encontrado-em-matagal-proximo-a-rodoviaria-nova-em-aracaju\/","title":{"rendered":"Corpo \u00e9 encontrado em matagal pr\u00f3ximo \u00e0 rodovi\u00e1ria nova em Aracaju"},"content":{"rendered":"<p style=\"text-align: justify\"><span style=\"color: #000000\">Na manh\u00e3 desta quarta-feira (12), um corpo foi encontrado em um matagal pr\u00f3ximo ao Terminal Rodovi\u00e1rio Governador Jos\u00e9 Rollemberg Leite, na Av. Presidente Tancredo Neves, no Bairro Capucho, Aracaju.<\/span><\/p>\n<div id=\"attachment_115200\" style=\"width: 609px\" class=\"wp-caption aligncenter\"><a href=\"https:\/\/senoticias.com.br\/se\/wp-content\/uploads\/2018\/09\/terminal-rodoviaria-nova-SENOTICIAS-e1536778960921.jpg\"><img loading=\"lazy\" decoding=\"async\" aria-describedby=\"caption-attachment-115200\" class=\"wp-image-115200 size-full\" src=\"https:\/\/senoticias.com.br\/se\/wp-content\/uploads\/2018\/09\/terminal-rodoviaria-nova-SENOTICIAS-e1536778960921.jpg\" alt=\"\" width=\"599\" height=\"337\" \/><\/a><p id=\"caption-attachment-115200\" class=\"wp-caption-text\">Foto: F5 News<\/p><\/div>\n<p style=\"text-align: justify\"><span style=\"color: #000000\">De acordo com o comandante do Policiamento da Capital, coronel Vivaldy Cabral, a informa\u00e7\u00e3o foi recebida no Centro Integrado de Opera\u00e7\u00f5es de Seguran\u00e7a P\u00fablica (Ciosp). \u201cAo chegar ao local foi constatado que era um corpo do sexo feminino e que estava em avan\u00e7ado estado de decomposi\u00e7\u00e3o\u201d, conta.<\/span><\/p>\n<p style=\"text-align: justify\"><span style=\"color: #000000\">O Instituto M\u00e9dico Legal de Sergipe (IML) foi acionado para recolher o corpo.<\/span><\/p>\n<p>&nbsp;<\/p>\n<p><a href=\"https:\/\/senoticias.com.br\/se\/wp-content\/uploads\/2018\/08\/Logomarca-fone-SE-4-2-1-1-1.jpg\"><img loading=\"lazy\" decoding=\"async\" class=\"aligncenter wp-image-114974 size-full\" src=\"https:\/\/senoticias.com.br\/se\/wp-content\/uploads\/2018\/08\/Logomarca-fone-SE-4-2-1-1-1.jpg\" alt=\"\" width=\"599\" height=\"78\" srcset=\"https:\/\/senoticias.com.br\/se\/wp-content\/uploads\/2018\/08\/Logomarca-fone-SE-4-2-1-1-1.jpg 599w, https:\/\/senoticias.com.br\/se\/wp-content\/uploads\/2018\/08\/Logomarca-fone-SE-4-2-1-1-1-300x39.jpg 300w\" sizes=\"(max-width: 599px) 100vw, 599px\" \/><\/a><\/p>\n<p><em><strong>Acompanhe o SE Not\u00edcias no<\/strong><span class=\"apple-converted-space\"><b>\u00a0<\/b><\/span><a href=\"https:\/\/twitter.com\/Senoticias\" target=\"_blank\" rel=\"noopener\"><b>Twitter<\/b><\/a><strong>,<\/strong><span class=\"apple-converted-space\"><b>\u00a0<\/b><\/span><a href=\"https:\/\/www.facebook.com\/senoticias1\" target=\"_blank\" rel=\"noopener\"><b>Facebook<\/b><span class=\"apple-converted-space\"><b>\u00a0<\/b><\/span><\/a><strong>e no<\/strong><span class=\"apple-converted-space\"><b>\u00a0<\/b><\/span><a href=\"https:\/\/www.instagram.com\/senoticias\/\" target=\"_blank\" rel=\"noopener\"><b>Instagram<\/b><\/a><\/em><\/p>\n<p>Com informa\u00e7\u00f5es do G1 SE<\/p>\n","protected":false},"excerpt":{"rendered":"<p>Na manh\u00e3 desta quarta-feira (12), um corpo foi encontrado em um matagal pr\u00f3ximo ao Terminal Rodovi\u00e1rio Governador Jos\u00e9 Rollemberg Leite, na Av. Presidente Tancredo Neves, no Bairro Capucho, Aracaju. De acordo com o comandante do Policiamento da Capital, coronel Vivaldy Cabral, a informa\u00e7\u00e3o foi recebida no Centro Integrado de Opera\u00e7\u00f5es de Seguran\u00e7a P\u00fablica (Ciosp). \u201cAo [&hellip;]<\/p>\n","protected":false},"author":6553,"featured_media":0,"comment_status":"closed","ping_status":"closed","sticky":false,"template":"","format":"standard","meta":{"footnotes":""},"categories":[15,7],"tags":[339,373,1303,223,9308],"class_list":{"0":"post-115199","1":"post","2":"type-post","3":"status-publish","4":"format-standard","6":"category-destaques","7":"category-policia","8":"tag-aracaju","9":"tag-morte","10":"tag-policia","11":"tag-sergipe","12":"tag-terminal"},"_links":{"self":[{"href":"https:\/\/senoticias.com.br\/se\/wp-json\/wp\/v2\/posts\/115199"}],"collection":[{"href":"https:\/\/senoticias.com.br\/se\/wp-json\/wp\/v2\/posts"}],"about":[{"href":"https:\/\/senoticias.com.br\/se\/wp-json\/wp\/v2\/types\/post"}],"author":[{"embeddable":true,"href":"https:\/\/senoticias.com.br\/se\/wp-json\/wp\/v2\/users\/6553"}],"replies":[{"embeddable":true,"href":"https:\/\/senoticias.com.br\/se\/wp-json\/wp\/v2\/comments?post=115199"}],"version-history":[{"count":0,"href":"https:\/\/senoticias.com.br\/se\/wp-json\/wp\/v2\/posts\/115199\/revisions"}],"wp:attachment":[{"href":"https:\/\/senoticias.com.br\/se\/wp-json\/wp\/v2\/media?parent=115199"}],"wp:term":[{"taxonomy":"category","embeddable":true,"href":"https:\/\/senoticias.com.br\/se\/wp-json\/wp\/v2\/categories?post=115199"},{"taxonomy":"post_tag","embeddable":true,"href":"https:\/\/senoticias.com.br\/se\/wp-json\/wp\/v2\/tags?post=115199"}],"curies":[{"name":"wp","href":"https:\/\/api.w.org\/{rel}","templated":true}]}}