{"id":115189,"date":"2018-09-12T05:59:35","date_gmt":"2018-09-12T08:59:35","guid":{"rendered":"https:\/\/senoticias.com.br\/se\/?p=115189"},"modified":"2018-09-12T05:59:35","modified_gmt":"2018-09-12T08:59:35","slug":"tre-se-nega-registro-de-candidatura-de-manoel-sukita","status":"publish","type":"post","link":"https:\/\/senoticias.com.br\/se\/tre-se-nega-registro-de-candidatura-de-manoel-sukita\/","title":{"rendered":"TRE-SE nega  registro de candidatura de Manoel Sukita"},"content":{"rendered":"<p class=\"western\" align=\"justify\">O Tribunal Regional Eleitoral de Sergipe (TRE-SE), na tarde do dia 11 de setembro, julgou\u00a0dezessete\u00a0processos relacionados \u00e0s elei\u00e7\u00f5es de 2018, notadamente registros de candidaturas e embargos de declara\u00e7\u00e3o relacionados a registros.\u00a0Entre os casos analisados estavam\u00a0a\u00a0candidatura\u00a0ao governo do Estado de Sergipe\u00a0de\u00a0\u00a0<b>Eduardo Alves Amorim<\/b>\u00a0e o pedido de candidatura de\u00a0<b>Manoel Messias Sukita Santos<\/b>, que pleiteava ao cargo de deputado\u00a0federal.<\/p>\n<div id=\"attachment_68415\" style=\"width: 605px\" class=\"wp-caption alignnone\"><a href=\"https:\/\/senoticias.com.br\/se\/wp-content\/uploads\/2014\/08\/sukita.jpg\"><img loading=\"lazy\" decoding=\"async\" aria-describedby=\"caption-attachment-68415\" class=\"size-full wp-image-68415\" src=\"https:\/\/senoticias.com.br\/se\/wp-content\/uploads\/2014\/08\/sukita.jpg\" alt=\"\" width=\"595\" height=\"446\" srcset=\"https:\/\/senoticias.com.br\/se\/wp-content\/uploads\/2014\/08\/sukita.jpg 595w, https:\/\/senoticias.com.br\/se\/wp-content\/uploads\/2014\/08\/sukita-300x224.jpg 300w, https:\/\/senoticias.com.br\/se\/wp-content\/uploads\/2014\/08\/sukita-342x256.jpg 342w, https:\/\/senoticias.com.br\/se\/wp-content\/uploads\/2014\/08\/sukita-60x45.jpg 60w, https:\/\/senoticias.com.br\/se\/wp-content\/uploads\/2014\/08\/sukita-150x113.jpg 150w, https:\/\/senoticias.com.br\/se\/wp-content\/uploads\/2014\/08\/sukita-269x201.jpg 269w\" sizes=\"(max-width: 595px) 100vw, 595px\" \/><\/a><p id=\"caption-attachment-68415\" class=\"wp-caption-text\">TRE-SE nega registro de Sukita. (Foto: Marina Fontenele\/G1)<\/p><\/div>\n<p class=\"western\" align=\"justify\"><b>Candidatura de Eduardo Amorim<\/b><\/p>\n<p class=\"western\" align=\"justify\">Quanto ao pedido de candidatura de Eduardo Amorim, o relator do processo, juiz\u00a0<b>Marcos Ant\u00f4nio Garapa de Carvalho<\/b>, votou pelo deferimento do registro ao cargo majorit\u00e1rio, por entender estarem atendidos todos os requisitos exigidos pela legisla\u00e7\u00e3o. O voto do relator foi acolhido por unanimidade e o registro\u00a0aprovado\u00a0pelo TRE-SE.<\/p>\n<p class=\"western\" align=\"justify\">Na mesma sess\u00e3o foi aprovada, tamb\u00e9m por unanimidade, a candidatura de\u00a0<b>Ivan Santos Leite<\/b>, candidato ao cargo de vice-governador na chapa de Eduardo Amorim.<\/p>\n<p class=\"western\" align=\"justify\"><b>C<\/b><b>andidatura de Sukita<\/b><\/p>\n<p class=\"western\" align=\"justify\">Em rela\u00e7\u00e3o \u00e0 candidatura deManoel Messias Sukita Santos,\u00a0o juiz\u00a0Marcos Ant\u00f4nio Garapa de Carvalho\u00a0tamb\u00e9m foi o relator do caso. O magistrado informou que\u00a0o candidato Manoel Messias foi condenado a 1 (um) ano e 2 (dois) meses de deten\u00e7\u00e3o, al\u00e9m do pagamento de 21 (vinte e um) dias-multa, substituindo a pena privativa de liberdade por restritiva de direitos, como incurso nas penas dos arts. 138, 139 e 140 do C\u00f3digo Penal, em decis\u00e3o que transitou em julgado no dia 27\/04\/2018.<\/p>\n<p class=\"western\" align=\"justify\">Em seu relat\u00f3rio, o juiz Marcos Garapa afirmou que a Procuradoria Regional Eleitoral demonstrou que o impugnado foi condenado pelo Ju\u00edzo Eleitoral da 5\u00aa Zona pelo crime previsto no art. 299 do C\u00f3digo Eleitoral, combinado com o art. 70 do CP e o art. 383 do CPP e art. 1\u00ba, I e V, do Decreto Lei n\u00ba 201\/67, em decis\u00e3o confirmada integralmente pelo TRE-SE.<\/p>\n<p class=\"western\" align=\"justify\">Diante de tal fato exposto pelo Minist\u00e9rio P\u00fablico, o magistrado asseverou que o requerente est\u00e1 incurso na disposi\u00e7\u00e3o do art. 1\u00ba, inciso I, al\u00ednea &#8220;e&#8221;, itens 1 e 4, da Lei da Ficha Limpa, segundo o qual considera-se ineleg\u00edvel o que for condenado, em decis\u00e3o transitada em julgado ou proferida por \u00f3rg\u00e3o judicial colegiado, desde a condena\u00e7\u00e3o at\u00e9 o transcurso do prazo de 8 (oito) anos ap\u00f3s o cumprimento da pena, pelos crimes contra a economia popular, a f\u00e9 p\u00fablica, a administra\u00e7\u00e3o p\u00fablica e o patrim\u00f4nio p\u00fablico; e os crimes eleitorais para os quais a lei comine pena privativa de liberdade.<\/p>\n<p class=\"western\" align=\"justify\">Segundo o magistrado, ainda pesavam contra Manoel Sukita condena\u00e7\u00e3o pelo ju\u00edzo da 9\u00aa Vara Federal de Sergipe, decis\u00e3o confirmada pelo Tribunal Regional Federal &#8211; TRF da 5\u00aa Regi\u00e3o, pela pr\u00e1tica de ato doloso de improbidade administrativa que causou les\u00e3o ao patrim\u00f4nio p\u00fablico e enriquecimento il\u00edcito (improbidade administrativa) e tomada de constas especial do Tribunal de Constas da Uni\u00e3o.<\/p>\n<p class=\"western\" style=\"text-align: justify;\" align=\"justify\">Amparado em tais raz\u00f5es, o relator votou por acolher a a\u00e7\u00e3o de impugna\u00e7\u00e3o e negou o pedido de registro da candidatura de Sukita. A decis\u00e3o foi acompanhada por todos os demais ju\u00edzes membros da Corte Eleitoral.<\/p>\n<p class=\"western\" style=\"text-align: justify;\" align=\"justify\"><strong>Campanha<\/strong><\/p>\n<p class=\"western\" style=\"text-align: justify;\" align=\"justify\">O Tribunal julgou\u00a0o\u00a0pedido de Minist\u00e9rio P\u00fablico que pretendia impedir Sukita de fazer campanha.\u00a0O relator, juiz Marcos Garapa de Carvalho, declarou que a Lei garante o exerc\u00eddio dessas atividades de campanha, ainda que o interessado esteja com seu pedido sub judice. &#8220;No caso do presidente Lula, o TSE impediu que ele fizesse campanha porque j\u00e1 havia chegado a \u00faltima inst\u00e2ncia, ou seja, a jurisdi\u00e7\u00e3o j\u00e1 tinha se encerrado, diferentemente do caso em tela, no qual ainda cabe recurso ao Tribunal Superior&#8221;, declarou o magistrado.<\/p>\n<p class=\"western\" style=\"text-align: justify;\" align=\"justify\">A decis\u00e3o foi acompanhada pelos demais membros, de forma que, enquanto seu registro estiver sub judice (possibilidade de recurso), o candidato poder\u00e1 praticar os atos de campanha.<\/p>\n<p align=\"justify\">\n<p align=\"justify\"><a href=\"https:\/\/senoticias.com.br\/se\/wp-content\/uploads\/2018\/08\/Logomarca-fone-SE-4-2-1-1-1.jpg\"><img loading=\"lazy\" decoding=\"async\" class=\"alignnone size-full wp-image-114974\" src=\"https:\/\/senoticias.com.br\/se\/wp-content\/uploads\/2018\/08\/Logomarca-fone-SE-4-2-1-1-1.jpg\" alt=\"\" width=\"599\" height=\"78\" srcset=\"https:\/\/senoticias.com.br\/se\/wp-content\/uploads\/2018\/08\/Logomarca-fone-SE-4-2-1-1-1.jpg 599w, https:\/\/senoticias.com.br\/se\/wp-content\/uploads\/2018\/08\/Logomarca-fone-SE-4-2-1-1-1-300x39.jpg 300w\" sizes=\"(max-width: 599px) 100vw, 599px\" \/><\/a><\/p>\n<p align=\"justify\">\n<p align=\"justify\"><em><strong>Acompanhe o SE Not\u00edcias no<\/strong><span class=\"apple-converted-space\"><b>\u00a0<\/b><\/span><a href=\"https:\/\/twitter.com\/Senoticias\" target=\"_blank\" rel=\"noopener\"><b>Twitter<\/b><\/a><strong>,<\/strong><span class=\"apple-converted-space\"><b>\u00a0<\/b><\/span><a href=\"https:\/\/www.facebook.com\/senoticias1\" target=\"_blank\" rel=\"noopener\"><b>Facebook<\/b><span class=\"apple-converted-space\"><b>\u00a0<\/b><\/span><\/a><strong>e no<\/strong><span class=\"apple-converted-space\"><b>\u00a0<\/b><\/span><a href=\"https:\/\/www.instagram.com\/senoticias\/\" target=\"_blank\" rel=\"noopener\"><b>Instagram<\/b><\/a><\/em><\/p>\n<p align=\"justify\"><em>Informa\u00e7\u00f5es da TRE\/SE<\/em><\/p>\n","protected":false},"excerpt":{"rendered":"<p>O Tribunal Regional Eleitoral de Sergipe (TRE-SE), na tarde do dia 11 de setembro, julgou\u00a0dezessete\u00a0processos relacionados \u00e0s elei\u00e7\u00f5es de 2018, notadamente registros de candidaturas e embargos de declara\u00e7\u00e3o relacionados a registros.\u00a0Entre os casos analisados estavam\u00a0a\u00a0candidatura\u00a0ao governo do Estado de Sergipe\u00a0de\u00a0\u00a0Eduardo Alves Amorim\u00a0e o pedido de candidatura de\u00a0Manoel Messias Sukita Santos, que pleiteava ao cargo de [&hellip;]<\/p>\n","protected":false},"author":6552,"featured_media":68415,"comment_status":"closed","ping_status":"closed","sticky":false,"template":"","format":"standard","meta":{"footnotes":""},"categories":[15,6],"tags":[10808,2720,10807,10806,811],"class_list":{"0":"post-115189","1":"post","2":"type-post","3":"status-publish","4":"format-standard","5":"has-post-thumbnail","7":"category-destaques","8":"category-politica","9":"tag-candidatura-de-manoel-sukita","10":"tag-eleicoes-2018","11":"tag-manoel-messias-sukita-santos","12":"tag-marcos-antonio-garapa","13":"tag-sukita"},"_links":{"self":[{"href":"https:\/\/senoticias.com.br\/se\/wp-json\/wp\/v2\/posts\/115189"}],"collection":[{"href":"https:\/\/senoticias.com.br\/se\/wp-json\/wp\/v2\/posts"}],"about":[{"href":"https:\/\/senoticias.com.br\/se\/wp-json\/wp\/v2\/types\/post"}],"author":[{"embeddable":true,"href":"https:\/\/senoticias.com.br\/se\/wp-json\/wp\/v2\/users\/6552"}],"replies":[{"embeddable":true,"href":"https:\/\/senoticias.com.br\/se\/wp-json\/wp\/v2\/comments?post=115189"}],"version-history":[{"count":0,"href":"https:\/\/senoticias.com.br\/se\/wp-json\/wp\/v2\/posts\/115189\/revisions"}],"wp:featuredmedia":[{"embeddable":true,"href":"https:\/\/senoticias.com.br\/se\/wp-json\/wp\/v2\/media\/68415"}],"wp:attachment":[{"href":"https:\/\/senoticias.com.br\/se\/wp-json\/wp\/v2\/media?parent=115189"}],"wp:term":[{"taxonomy":"category","embeddable":true,"href":"https:\/\/senoticias.com.br\/se\/wp-json\/wp\/v2\/categories?post=115189"},{"taxonomy":"post_tag","embeddable":true,"href":"https:\/\/senoticias.com.br\/se\/wp-json\/wp\/v2\/tags?post=115189"}],"curies":[{"name":"wp","href":"https:\/\/api.w.org\/{rel}","templated":true}]}}