{"id":115153,"date":"2018-09-10T14:33:09","date_gmt":"2018-09-10T17:33:09","guid":{"rendered":"https:\/\/senoticias.com.br\/se\/?p=115153"},"modified":"2018-09-10T16:35:03","modified_gmt":"2018-09-10T19:35:03","slug":"smtt-aracaju-altera-acesso-a-avenida-nestor-sampaio-a-partir-da-proxima-quarta-feira-12","status":"publish","type":"post","link":"https:\/\/senoticias.com.br\/se\/smtt-aracaju-altera-acesso-a-avenida-nestor-sampaio-a-partir-da-proxima-quarta-feira-12\/","title":{"rendered":"SMTT Aracaju altera acesso \u00e0 avenida Nestor Sampaio a partir da pr\u00f3xima quarta-feira, 12"},"content":{"rendered":"<p style=\"text-align: justify\"><span style=\"color: #000000\">Conforme anunciado anteriormente, a partir da pr\u00f3xima quarta-feira, 12, o condutor que segue pela avenida Augusto Franco, no sentido zona Sul da cidade, n\u00e3o poder\u00e1 mais entrar \u00e0 esquerda para acessar a avenida Padre Nestor Sampaio, no bairro Ponto Novo. A Superintend\u00eancia Municipal de Transportes e Tr\u00e2nsito (SMTT) de Aracaju est\u00e1 propondo a mudan\u00e7a de circula\u00e7\u00e3o para reduzir os congestionamentos na avenida Augusto Franco causados pelo retorno.<\/span><\/p>\n<div id=\"attachment_115154\" style=\"width: 609px\" class=\"wp-caption aligncenter\"><a href=\"https:\/\/senoticias.com.br\/se\/wp-content\/uploads\/2018\/09\/IMG_6548.jpg\"><img loading=\"lazy\" decoding=\"async\" aria-describedby=\"caption-attachment-115154\" class=\"wp-image-115154 size-full\" src=\"https:\/\/senoticias.com.br\/se\/wp-content\/uploads\/2018\/09\/IMG_6548-e1536600726975.jpg\" alt=\"\" width=\"599\" height=\"399\" \/><\/a><p id=\"caption-attachment-115154\" class=\"wp-caption-text\">Foto: Ascom SMTT<\/p><\/div>\n<p style=\"text-align: justify\"><span style=\"color: #000000\">A partir dessa data, o condutor que segue pela avenida Augusto Franco e deseja acessar a avenida Nestor Sampaio ter\u00e1 duas op\u00e7\u00f5es: ele poder\u00e1 retornar no viaduto do Detran, seguindo pela avenida Augusto Franco e fazendo a manobra embaixo do viaduto; e poder\u00e1 entrar \u00e0 direita ap\u00f3s o cruzamento, na rua Francisco de Assis Delmondes (ao lado da EMURB), e seguir pela rua Jo\u00e3o Soares Nascimento (atr\u00e1s do GBarbosa) at\u00e9 chegar \u00e0 avenida Nestor Sampaio.<\/span><\/p>\n<p style=\"text-align: justify\"><span style=\"color: #000000\">O diretor de Tr\u00e2nsito da SMTT, Thiago Alcantara, informa que haver\u00e1 a retemporiza\u00e7\u00e3o dos sem\u00e1foros do cruzamento. &#8220;Toda a sinaliza\u00e7\u00e3o vertical e horizontal est\u00e1 sendo refeita para a nova regra de circula\u00e7\u00e3o e n\u00f3s iremos reduzir o tempo dos sem\u00e1foros. Vale lembrar que os demais acessos permanecem os mesmos, essa \u00e9 a \u00fanica mudan\u00e7a no local, por enquanto, e os nossos agentes estar\u00e3o no local para orientar os condutores e organizar o tr\u00e2nsito nos primeiros dias&#8221;, disse.<\/span><\/p>\n<p style=\"text-align: justify\"><span style=\"color: #000000\">O superintendente interino da SMTT, Renato Telles, explica os motivos da nova proposta de circula\u00e7\u00e3o. &#8220;Os condutores sempre reclamam dos congestionamentos naquele local. A nossa equipe fez um estudo e concluiu que a lentid\u00e3o era causada por aquele acesso \u00e0 avenida Nestor Sampaio, por isso, resolvemos propor a manobra em forma de la\u00e7o de quadra. Ap\u00f3s a mudan\u00e7a, continuaremos avaliando o local e os resultados alcan\u00e7ados. Tamb\u00e9m estamos abertos a sugest\u00f5es e cr\u00edticas dos moradores do Ponto Novo&#8221;, afirma o superintendente.<\/span><\/p>\n<p>&nbsp;<\/p>\n<p><a href=\"https:\/\/senoticias.com.br\/se\/wp-content\/uploads\/2018\/08\/Logomarca-fone-SE-4-2-1-1-1.jpg\"><img loading=\"lazy\" decoding=\"async\" class=\"aligncenter wp-image-114974 size-full\" src=\"https:\/\/senoticias.com.br\/se\/wp-content\/uploads\/2018\/08\/Logomarca-fone-SE-4-2-1-1-1.jpg\" alt=\"\" width=\"599\" height=\"78\" srcset=\"https:\/\/senoticias.com.br\/se\/wp-content\/uploads\/2018\/08\/Logomarca-fone-SE-4-2-1-1-1.jpg 599w, https:\/\/senoticias.com.br\/se\/wp-content\/uploads\/2018\/08\/Logomarca-fone-SE-4-2-1-1-1-300x39.jpg 300w\" sizes=\"(max-width: 599px) 100vw, 599px\" \/><\/a><\/p>\n<p><em><strong>Acompanhe o SE Not\u00edcias no<\/strong><span class=\"apple-converted-space\"><b>\u00a0<\/b><\/span><a href=\"https:\/\/twitter.com\/Senoticias\" target=\"_blank\" rel=\"noopener\"><b>Twitter<\/b><\/a><strong>,<\/strong><span class=\"apple-converted-space\"><b>\u00a0<\/b><\/span><a href=\"https:\/\/www.facebook.com\/senoticias1\" target=\"_blank\" rel=\"noopener\"><b>Facebook<\/b><span class=\"apple-converted-space\"><b>\u00a0<\/b><\/span><\/a><strong>e no<\/strong><span class=\"apple-converted-space\"><b>\u00a0<\/b><\/span><a href=\"https:\/\/www.instagram.com\/senoticias\/\" target=\"_blank\" rel=\"noopener\"><b>Instagram<\/b><\/a><\/em><\/p>\n<p>Por Ascom SMTT<\/p>\n","protected":false},"excerpt":{"rendered":"<p>Conforme anunciado anteriormente, a partir da pr\u00f3xima quarta-feira, 12, o condutor que segue pela avenida Augusto Franco, no sentido zona Sul da cidade, n\u00e3o poder\u00e1 mais entrar \u00e0 esquerda para acessar a avenida Padre Nestor Sampaio, no bairro Ponto Novo. A Superintend\u00eancia Municipal de Transportes e Tr\u00e2nsito (SMTT) de Aracaju est\u00e1 propondo a mudan\u00e7a de [&hellip;]<\/p>\n","protected":false},"author":6553,"featured_media":0,"comment_status":"closed","ping_status":"closed","sticky":false,"template":"","format":"standard","meta":{"footnotes":""},"categories":[15,38],"tags":[339,9013,9122,223,2979,3320],"class_list":{"0":"post-115153","1":"post","2":"type-post","3":"status-publish","4":"format-standard","6":"category-destaques","7":"category-municipios","8":"tag-aracaju","9":"tag-augusto-franco","10":"tag-nestor-sampaio","11":"tag-sergipe","12":"tag-smtt","13":"tag-transito"},"_links":{"self":[{"href":"https:\/\/senoticias.com.br\/se\/wp-json\/wp\/v2\/posts\/115153"}],"collection":[{"href":"https:\/\/senoticias.com.br\/se\/wp-json\/wp\/v2\/posts"}],"about":[{"href":"https:\/\/senoticias.com.br\/se\/wp-json\/wp\/v2\/types\/post"}],"author":[{"embeddable":true,"href":"https:\/\/senoticias.com.br\/se\/wp-json\/wp\/v2\/users\/6553"}],"replies":[{"embeddable":true,"href":"https:\/\/senoticias.com.br\/se\/wp-json\/wp\/v2\/comments?post=115153"}],"version-history":[{"count":0,"href":"https:\/\/senoticias.com.br\/se\/wp-json\/wp\/v2\/posts\/115153\/revisions"}],"wp:attachment":[{"href":"https:\/\/senoticias.com.br\/se\/wp-json\/wp\/v2\/media?parent=115153"}],"wp:term":[{"taxonomy":"category","embeddable":true,"href":"https:\/\/senoticias.com.br\/se\/wp-json\/wp\/v2\/categories?post=115153"},{"taxonomy":"post_tag","embeddable":true,"href":"https:\/\/senoticias.com.br\/se\/wp-json\/wp\/v2\/tags?post=115153"}],"curies":[{"name":"wp","href":"https:\/\/api.w.org\/{rel}","templated":true}]}}