{"id":115134,"date":"2018-09-09T16:49:09","date_gmt":"2018-09-09T19:49:09","guid":{"rendered":"https:\/\/senoticias.com.br\/se\/?p=115134"},"modified":"2018-09-09T17:27:16","modified_gmt":"2018-09-09T20:27:16","slug":"gusttavo-lima-passa-mal-e-internado-e-cancela-shows-em-minas-gerais-e-bahia","status":"publish","type":"post","link":"https:\/\/senoticias.com.br\/se\/gusttavo-lima-passa-mal-e-internado-e-cancela-shows-em-minas-gerais-e-bahia\/","title":{"rendered":"Gusttavo Lima passa mal, \u00e9 internado e cancela shows em Minas Gerais e Bahia"},"content":{"rendered":"<p style=\"text-align: justify;\">O cantor Gusttavo Lima cancelou o show que faria neste domingo (9) na Vaquejada de Serrinha, evento tradicional realizado na cidade que fica a cerca de 175 km de Salvador. Em um comunicado publicado no stories do Instagram do artista, a produ\u00e7\u00e3o do cantor explica que ele teve um mal-estar e precisou fazer repouso, por orienta\u00e7\u00e3o m\u00e9dica.<\/p>\n<div id=\"attachment_115135\" style=\"width: 460px\" class=\"wp-caption aligncenter\"><a href=\"https:\/\/senoticias.com.br\/se\/wp-content\/uploads\/2018\/09\/gusttavo-lima-se-apresenta-na-primeira-noite-de-shows-do-festival-virada-em-salvador-1514551762698_v2_450x600.jpg\"><img loading=\"lazy\" decoding=\"async\" aria-describedby=\"caption-attachment-115135\" class=\"size-full wp-image-115135\" src=\"https:\/\/senoticias.com.br\/se\/wp-content\/uploads\/2018\/09\/gusttavo-lima-se-apresenta-na-primeira-noite-de-shows-do-festival-virada-em-salvador-1514551762698_v2_450x600.jpg\" alt=\"\" width=\"450\" height=\"600\" srcset=\"https:\/\/senoticias.com.br\/se\/wp-content\/uploads\/2018\/09\/gusttavo-lima-se-apresenta-na-primeira-noite-de-shows-do-festival-virada-em-salvador-1514551762698_v2_450x600.jpg 450w, https:\/\/senoticias.com.br\/se\/wp-content\/uploads\/2018\/09\/gusttavo-lima-se-apresenta-na-primeira-noite-de-shows-do-festival-virada-em-salvador-1514551762698_v2_450x600-225x300.jpg 225w\" sizes=\"(max-width: 450px) 100vw, 450px\" \/><\/a><p id=\"caption-attachment-115135\" class=\"wp-caption-text\">Gusttavo Lima adiou show na Vaquejada de Serrinha, na Bahia. (Foto: Andr\u00e9 Muzell\/Brazil News)<\/p><\/div>\n<p style=\"text-align: justify;\">Conforme o comunicado, Gusttavo Lima se sentiu mal ap\u00f3s se apresentar no s\u00e1bado (8), em Belo Horizonte. O artista foi levado para um hospital da capital mineira, onde foi examinado e medicado.<\/p>\n<p style=\"text-align: justify;\">Conforme a produ\u00e7\u00e3o do cantor, novas datas para os shows ser\u00e3o divulgadas em breve.<\/p>\n<p style=\"text-align: justify;\">Em nota, a assessoria da Vaquejada de Serrinha informou que o show do cantor Gusttavo Lima, que aconteceria, no Parque Maria do Carmo, foi cancelado devido a problemas de sa\u00fade do artista.<\/p>\n<p style=\"text-align: justify;\">A organiza\u00e7\u00e3o da festa lamentou o ocorrido e divulgou que torce pela recupera\u00e7\u00e3o imediata de artista. A Vaquejada informou, ainda, que os demais shows deste domingo &#8212; Chicabana, L\u00e9o Santana, Wesley Safad\u00e3o e Arreio de Ouro &#8211;, ter\u00e3o 30 minutos extras, para compensar a aus\u00eancia do cantor.<\/p>\n<p><em>Por <a href=\"https:\/\/g1.globo.com\/ba\/bahia\/musica\/noticia\/2018\/09\/09\/gusttavo-lima-adia-show-na-vaquejada-de-serrinha-e-em-paulo-afonso-apos-ter-mal-estar.ghtml\"><strong>G1<\/strong> <\/a>BA<\/em><\/p>\n<p>&nbsp;<\/p>\n<p><em><strong>Acompanhe o SE Not\u00edcias no<\/strong><span class=\"apple-converted-space\"><b>\u00a0<\/b><\/span><a href=\"https:\/\/twitter.com\/Senoticias\" target=\"_blank\" rel=\"noopener\"><b>Twitter<\/b><\/a><strong>,<\/strong><span class=\"apple-converted-space\"><b>\u00a0<\/b><\/span><a href=\"https:\/\/www.facebook.com\/senoticias1\" target=\"_blank\" rel=\"noopener\"><b>Facebook<\/b><span class=\"apple-converted-space\"><b>\u00a0<\/b><\/span><\/a><strong>e no<\/strong><span class=\"apple-converted-space\"><b>\u00a0<\/b><\/span><a href=\"https:\/\/www.instagram.com\/senoticias\/\" target=\"_blank\" rel=\"noopener\"><b>Instagram<\/b><\/a><\/em><\/p>\n<p><a href=\"https:\/\/senoticias.com.br\/se\/wp-content\/uploads\/2018\/08\/Logomarca-fone-SE-4-2-1-1-1.jpg\"><img loading=\"lazy\" decoding=\"async\" class=\"aligncenter size-full wp-image-114974\" src=\"https:\/\/senoticias.com.br\/se\/wp-content\/uploads\/2018\/08\/Logomarca-fone-SE-4-2-1-1-1.jpg\" alt=\"\" width=\"599\" height=\"78\" srcset=\"https:\/\/senoticias.com.br\/se\/wp-content\/uploads\/2018\/08\/Logomarca-fone-SE-4-2-1-1-1.jpg 599w, https:\/\/senoticias.com.br\/se\/wp-content\/uploads\/2018\/08\/Logomarca-fone-SE-4-2-1-1-1-300x39.jpg 300w\" sizes=\"(max-width: 599px) 100vw, 599px\" \/><\/a><\/p>\n","protected":false},"excerpt":{"rendered":"<p>O cantor Gusttavo Lima cancelou o show que faria neste domingo (9) na Vaquejada de Serrinha, evento tradicional realizado na cidade que fica a cerca de 175 km de Salvador. Em um comunicado publicado no stories do Instagram do artista, a produ\u00e7\u00e3o do cantor explica que ele teve um mal-estar e precisou fazer repouso, por [&hellip;]<\/p>\n","protected":false},"author":6552,"featured_media":115135,"comment_status":"closed","ping_status":"closed","sticky":false,"template":"","format":"standard","meta":{"footnotes":""},"categories":[15,8],"tags":[10781,10782],"class_list":{"0":"post-115134","1":"post","2":"type-post","3":"status-publish","4":"format-standard","5":"has-post-thumbnail","7":"category-destaques","8":"category-esporte-e-cultura","9":"tag-gusttavo-lima","10":"tag-gusttavo-lima-passa-mal"},"_links":{"self":[{"href":"https:\/\/senoticias.com.br\/se\/wp-json\/wp\/v2\/posts\/115134"}],"collection":[{"href":"https:\/\/senoticias.com.br\/se\/wp-json\/wp\/v2\/posts"}],"about":[{"href":"https:\/\/senoticias.com.br\/se\/wp-json\/wp\/v2\/types\/post"}],"author":[{"embeddable":true,"href":"https:\/\/senoticias.com.br\/se\/wp-json\/wp\/v2\/users\/6552"}],"replies":[{"embeddable":true,"href":"https:\/\/senoticias.com.br\/se\/wp-json\/wp\/v2\/comments?post=115134"}],"version-history":[{"count":0,"href":"https:\/\/senoticias.com.br\/se\/wp-json\/wp\/v2\/posts\/115134\/revisions"}],"wp:featuredmedia":[{"embeddable":true,"href":"https:\/\/senoticias.com.br\/se\/wp-json\/wp\/v2\/media\/115135"}],"wp:attachment":[{"href":"https:\/\/senoticias.com.br\/se\/wp-json\/wp\/v2\/media?parent=115134"}],"wp:term":[{"taxonomy":"category","embeddable":true,"href":"https:\/\/senoticias.com.br\/se\/wp-json\/wp\/v2\/categories?post=115134"},{"taxonomy":"post_tag","embeddable":true,"href":"https:\/\/senoticias.com.br\/se\/wp-json\/wp\/v2\/tags?post=115134"}],"curies":[{"name":"wp","href":"https:\/\/api.w.org\/{rel}","templated":true}]}}