{"id":115129,"date":"2018-09-09T11:28:55","date_gmt":"2018-09-09T14:28:55","guid":{"rendered":"https:\/\/senoticias.com.br\/se\/?p=115129"},"modified":"2018-09-09T11:39:33","modified_gmt":"2018-09-09T14:39:33","slug":"ambulancia-do-samu-capota-apos-colidir-com-voyage-em-aracaju-seis-pessoas-ficaram-feridas","status":"publish","type":"post","link":"https:\/\/senoticias.com.br\/se\/ambulancia-do-samu-capota-apos-colidir-com-voyage-em-aracaju-seis-pessoas-ficaram-feridas\/","title":{"rendered":"Ambul\u00e2ncia do SAMU capota ap\u00f3s colidir com Voyage em Aracaju; seis pessoas ficaram feridas"},"content":{"rendered":"<p style=\"text-align: justify;\">Um acidente envolvendo uma ambul\u00e2ncia do Servi\u00e7o de Atendimento M\u00f3vel de Urg\u00eancia (Samu) e um ve\u00edculo Voyage deixou os dois carros praticamente destru\u00eddos e seis pessoas feridas.<\/p>\n<p style=\"text-align: justify;\">A Central de Regula\u00e7\u00e3o de Urg\u00eancia (CRU) informa que neste domingo, dia 9, por volta das 05h59, foi acionada para o atendimento a v\u00edtimas de uma colis\u00e3o envolvendo um carro de passeio e uma viatura do SAMU. A colis\u00e3o ocorreu na avenida Augusto Franco (antiga Rio de Janeiro), Bairro Ponto Novo, em Aracaju.<\/p>\n<p style=\"text-align: justify;\">A CRU encaminhou para o local duas Unidades de Suporte Avan\u00e7ado (USA), duas Unidades de Suporte B\u00e1sico (USB) e duas motol\u00e2ncias. Ao chegar no local, a equipe constatou seis vitimas.<\/p>\n<div id=\"attachment_115130\" style=\"width: 591px\" class=\"wp-caption aligncenter\"><a href=\"https:\/\/senoticias.com.br\/se\/wp-content\/uploads\/2018\/09\/sam.jpg\"><img loading=\"lazy\" decoding=\"async\" aria-describedby=\"caption-attachment-115130\" class=\"size-full wp-image-115130\" src=\"https:\/\/senoticias.com.br\/se\/wp-content\/uploads\/2018\/09\/sam.jpg\" alt=\"\" width=\"581\" height=\"514\" srcset=\"https:\/\/senoticias.com.br\/se\/wp-content\/uploads\/2018\/09\/sam.jpg 581w, https:\/\/senoticias.com.br\/se\/wp-content\/uploads\/2018\/09\/sam-300x265.jpg 300w\" sizes=\"(max-width: 581px) 100vw, 581px\" \/><\/a><p id=\"caption-attachment-115130\" class=\"wp-caption-text\">Seis pessoas ficaram feridas e foram encaminhadas ao Huse. (Foto: redes sociais)<\/p><\/div>\n<p><strong>5 v\u00edtimas verdes:<\/strong><\/p>\n<p style=\"text-align: justify;\">B.S.P. &#8211; Estagi\u00e1ria do SAMU, 23 anos, sexo feminino, encontrava-se consciente e com lombalgia. Encaminhada para o HUSE.<\/p>\n<p style=\"text-align: justify;\">G.M.C.S. &#8211; Estagi\u00e1rio do SAMU, 21 anos, sexo masculino, encontrava-se consciente, com dor tor\u00e1cica e ferimento corto-contuso em superc\u00edlio direito. Encaminhado para o HUSE.<\/p>\n<p style=\"text-align: justify;\">G.O.R. &#8211; Condutor do SAMU, 51 anos, sexo masculino, encontrava-se consciente e com dor tor\u00e1cica. Encaminhado para o HUSE.<\/p>\n<p style=\"text-align: justify;\">G.O.S. &#8211; T\u00e9cnico de Enfermagem do SAMU, 42 anos, encontrava-se consciente e assintom\u00e1tico.<br \/>\nEncaminhado para o HUSE.<\/p>\n<p>I.M.S.S. &#8211; Passageiro do carro, 19 anos, encontrava-se consciente e com dor tor\u00e1cica e abdominal.<br \/>\nEncaminhado para o HUSE.<\/p>\n<p><strong>1 v\u00edtima vermelha:<\/strong><\/p>\n<p style=\"text-align: justify;\">J.V.S.O. &#8211; Condutor do carro, 19 anos, encontrava-se inconsciente com trauma cr\u00e2nio-encef\u00e1lico grave e fratura exposta de f\u00eamur. Encaminhado para o HUSE.<\/p>\n<p><em><strong>Acompanhe o SE Not\u00edcias no<\/strong><span class=\"apple-converted-space\"><b>\u00a0<\/b><\/span><a href=\"https:\/\/twitter.com\/Senoticias\" target=\"_blank\" rel=\"noopener\"><b>Twitter<\/b><\/a><strong>,<\/strong><span class=\"apple-converted-space\"><b>\u00a0<\/b><\/span><a href=\"https:\/\/www.facebook.com\/senoticias1\" target=\"_blank\" rel=\"noopener\"><b>Facebook<\/b><span class=\"apple-converted-space\"><b>\u00a0<\/b><\/span><\/a><strong>e no<\/strong><span class=\"apple-converted-space\"><b>\u00a0<\/b><\/span><a href=\"https:\/\/www.instagram.com\/senoticias\/\" target=\"_blank\" rel=\"noopener\"><b>Instagram<\/b><\/a><\/em><\/p>\n<p><em>Com informa\u00e7\u00f5es da SES<\/em><\/p>\n<p>&nbsp;<\/p>\n<p><a href=\"https:\/\/senoticias.com.br\/se\/wp-content\/uploads\/2018\/08\/Logomarca-fone-SE-4-2-1-1-1.jpg\"><img loading=\"lazy\" decoding=\"async\" class=\"aligncenter size-full wp-image-114974\" src=\"https:\/\/senoticias.com.br\/se\/wp-content\/uploads\/2018\/08\/Logomarca-fone-SE-4-2-1-1-1.jpg\" alt=\"\" width=\"599\" height=\"78\" srcset=\"https:\/\/senoticias.com.br\/se\/wp-content\/uploads\/2018\/08\/Logomarca-fone-SE-4-2-1-1-1.jpg 599w, https:\/\/senoticias.com.br\/se\/wp-content\/uploads\/2018\/08\/Logomarca-fone-SE-4-2-1-1-1-300x39.jpg 300w\" sizes=\"(max-width: 599px) 100vw, 599px\" \/><\/a><\/p>\n","protected":false},"excerpt":{"rendered":"<p>Um acidente envolvendo uma ambul\u00e2ncia do Servi\u00e7o de Atendimento M\u00f3vel de Urg\u00eancia (Samu) e um ve\u00edculo Voyage deixou os dois carros praticamente destru\u00eddos e seis pessoas feridas. A Central de Regula\u00e7\u00e3o de Urg\u00eancia (CRU) informa que neste domingo, dia 9, por volta das 05h59, foi acionada para o atendimento a v\u00edtimas de uma colis\u00e3o envolvendo [&hellip;]<\/p>\n","protected":false},"author":6552,"featured_media":115130,"comment_status":"closed","ping_status":"closed","sticky":false,"template":"","format":"standard","meta":{"footnotes":""},"categories":[15],"tags":[10778,10777],"class_list":{"0":"post-115129","1":"post","2":"type-post","3":"status-publish","4":"format-standard","5":"has-post-thumbnail","7":"category-destaques","8":"tag-acidente-com-viatura-do-samu","9":"tag-acidente-samu"},"_links":{"self":[{"href":"https:\/\/senoticias.com.br\/se\/wp-json\/wp\/v2\/posts\/115129"}],"collection":[{"href":"https:\/\/senoticias.com.br\/se\/wp-json\/wp\/v2\/posts"}],"about":[{"href":"https:\/\/senoticias.com.br\/se\/wp-json\/wp\/v2\/types\/post"}],"author":[{"embeddable":true,"href":"https:\/\/senoticias.com.br\/se\/wp-json\/wp\/v2\/users\/6552"}],"replies":[{"embeddable":true,"href":"https:\/\/senoticias.com.br\/se\/wp-json\/wp\/v2\/comments?post=115129"}],"version-history":[{"count":0,"href":"https:\/\/senoticias.com.br\/se\/wp-json\/wp\/v2\/posts\/115129\/revisions"}],"wp:featuredmedia":[{"embeddable":true,"href":"https:\/\/senoticias.com.br\/se\/wp-json\/wp\/v2\/media\/115130"}],"wp:attachment":[{"href":"https:\/\/senoticias.com.br\/se\/wp-json\/wp\/v2\/media?parent=115129"}],"wp:term":[{"taxonomy":"category","embeddable":true,"href":"https:\/\/senoticias.com.br\/se\/wp-json\/wp\/v2\/categories?post=115129"},{"taxonomy":"post_tag","embeddable":true,"href":"https:\/\/senoticias.com.br\/se\/wp-json\/wp\/v2\/tags?post=115129"}],"curies":[{"name":"wp","href":"https:\/\/api.w.org\/{rel}","templated":true}]}}