{"id":115126,"date":"2018-09-09T10:16:26","date_gmt":"2018-09-09T13:16:26","guid":{"rendered":"https:\/\/senoticias.com.br\/se\/?p=115126"},"modified":"2018-09-09T10:16:26","modified_gmt":"2018-09-09T13:16:26","slug":"em-frei-paulo-luciano-bispo-critica-vereadores-de-oposicao","status":"publish","type":"post","link":"https:\/\/senoticias.com.br\/se\/em-frei-paulo-luciano-bispo-critica-vereadores-de-oposicao\/","title":{"rendered":"Em Frei Paulo, Luciano Bispo critica vereadores de Oposi\u00e7\u00e3o."},"content":{"rendered":"<p style=\"text-align: justify;\">Na manh\u00e3 de s\u00e1bado, 8, o deputado Luciano Bispo esteve visitando os moradores de Frei Paulo, ao lado do prefeito Anderson de Z\u00e9 das Canas, e durante pronunciamento fez uma critica dura aos vereadores de oposi\u00e7\u00e3o, \u201cvoc\u00eas, quando resolveram votar contra em tudo que o prefeito manda para a C\u00e2mara, est\u00e3o prejudicando todos os moradores, principalmente a pobreza, que \u00e9 quem mais precisa da prefeitura\u201d, e completou, \u201cAnderson e dona Mercia (vice-prefeita) est\u00e3o trabalhando muito, mas poderiam fazer muito mais, se n\u00e3o fosse a intoler\u00e2ncia dos vereadores de oposi\u00e7\u00e3o, que n\u00e3o est\u00e3o pensando no bem de Frei Paulo, e isso \u00e9 muito ruim\u201d.<\/p>\n<div id=\"attachment_115127\" style=\"width: 609px\" class=\"wp-caption aligncenter\"><a href=\"https:\/\/senoticias.com.br\/se\/wp-content\/uploads\/2018\/09\/33e72e8d-999b-4264-bfeb-578568ddae68.jpg\"><img loading=\"lazy\" decoding=\"async\" aria-describedby=\"caption-attachment-115127\" class=\"size-full wp-image-115127\" src=\"https:\/\/senoticias.com.br\/se\/wp-content\/uploads\/2018\/09\/33e72e8d-999b-4264-bfeb-578568ddae68-e1536498864130.jpg\" alt=\"\" width=\"599\" height=\"337\" \/><\/a><p id=\"caption-attachment-115127\" class=\"wp-caption-text\">Luciano Bispo critica vereadores de Oposi\u00e7\u00e3o. (Foto: divulga\u00e7\u00e3o\/ascom)<\/p><\/div>\n<p style=\"text-align: justify;\">Luciano tamb\u00e9m lembrou dos benef\u00edcios que o governo de Sergipe, desde a \u00e9poca de Marcelo D\u00e9da, passando por Jackson Barreto e agora com Belivaldo Chagas, \u201c\u00e9 preciso que cada um de n\u00f3s tenhamos sabedoria para continuarmos com esse agrupamento no governo de Sergipe, que vem trabalhando muito por todos, sem persegui\u00e7\u00e3o e sem \u00f3dio no cora\u00e7\u00e3o\u201d, finalizou o deputado estadual.<\/p>\n<p>&nbsp;<\/p>\n<p><a href=\"https:\/\/senoticias.com.br\/se\/wp-content\/uploads\/2018\/08\/Logomarca-fone-SE-4-2-1-1-1.jpg\"><img loading=\"lazy\" decoding=\"async\" class=\"aligncenter size-full wp-image-114974\" src=\"https:\/\/senoticias.com.br\/se\/wp-content\/uploads\/2018\/08\/Logomarca-fone-SE-4-2-1-1-1.jpg\" alt=\"\" width=\"599\" height=\"78\" srcset=\"https:\/\/senoticias.com.br\/se\/wp-content\/uploads\/2018\/08\/Logomarca-fone-SE-4-2-1-1-1.jpg 599w, https:\/\/senoticias.com.br\/se\/wp-content\/uploads\/2018\/08\/Logomarca-fone-SE-4-2-1-1-1-300x39.jpg 300w\" sizes=\"(max-width: 599px) 100vw, 599px\" \/><\/a><\/p>\n<p>&nbsp;<\/p>\n<p><em><strong>Acompanhe o SE Not\u00edcias no<\/strong><span class=\"apple-converted-space\"><b>\u00a0<\/b><\/span><a href=\"https:\/\/twitter.com\/Senoticias\" target=\"_blank\" rel=\"noopener\"><b>Twitter<\/b><\/a><strong>,<\/strong><span class=\"apple-converted-space\"><b>\u00a0<\/b><\/span><a href=\"https:\/\/www.facebook.com\/senoticias1\" target=\"_blank\" rel=\"noopener\"><b>Facebook<\/b><span class=\"apple-converted-space\"><b>\u00a0<\/b><\/span><\/a><strong>e no<\/strong><span class=\"apple-converted-space\"><b>\u00a0<\/b><\/span><a href=\"https:\/\/www.instagram.com\/senoticias\/\" target=\"_blank\" rel=\"noopener\"><b>Instagram<\/b><\/a><\/em><\/p>\n<p><em>Da Assessoria de Imprensa<\/em><\/p>\n","protected":false},"excerpt":{"rendered":"<p>Na manh\u00e3 de s\u00e1bado, 8, o deputado Luciano Bispo esteve visitando os moradores de Frei Paulo, ao lado do prefeito Anderson de Z\u00e9 das Canas, e durante pronunciamento fez uma critica dura aos vereadores de oposi\u00e7\u00e3o, \u201cvoc\u00eas, quando resolveram votar contra em tudo que o prefeito manda para a C\u00e2mara, est\u00e3o prejudicando todos os moradores, [&hellip;]<\/p>\n","protected":false},"author":6552,"featured_media":115127,"comment_status":"closed","ping_status":"closed","sticky":false,"template":"","format":"standard","meta":{"footnotes":""},"categories":[38],"tags":[2806,114,140,10776],"class_list":{"0":"post-115126","1":"post","2":"type-post","3":"status-publish","4":"format-standard","5":"has-post-thumbnail","7":"category-municipios","8":"tag-belivaldo-chagas","9":"tag-jackson-barreto","10":"tag-luciano-bispo","11":"tag-vereadores-de-oposicao"},"_links":{"self":[{"href":"https:\/\/senoticias.com.br\/se\/wp-json\/wp\/v2\/posts\/115126"}],"collection":[{"href":"https:\/\/senoticias.com.br\/se\/wp-json\/wp\/v2\/posts"}],"about":[{"href":"https:\/\/senoticias.com.br\/se\/wp-json\/wp\/v2\/types\/post"}],"author":[{"embeddable":true,"href":"https:\/\/senoticias.com.br\/se\/wp-json\/wp\/v2\/users\/6552"}],"replies":[{"embeddable":true,"href":"https:\/\/senoticias.com.br\/se\/wp-json\/wp\/v2\/comments?post=115126"}],"version-history":[{"count":0,"href":"https:\/\/senoticias.com.br\/se\/wp-json\/wp\/v2\/posts\/115126\/revisions"}],"wp:featuredmedia":[{"embeddable":true,"href":"https:\/\/senoticias.com.br\/se\/wp-json\/wp\/v2\/media\/115127"}],"wp:attachment":[{"href":"https:\/\/senoticias.com.br\/se\/wp-json\/wp\/v2\/media?parent=115126"}],"wp:term":[{"taxonomy":"category","embeddable":true,"href":"https:\/\/senoticias.com.br\/se\/wp-json\/wp\/v2\/categories?post=115126"},{"taxonomy":"post_tag","embeddable":true,"href":"https:\/\/senoticias.com.br\/se\/wp-json\/wp\/v2\/tags?post=115126"}],"curies":[{"name":"wp","href":"https:\/\/api.w.org\/{rel}","templated":true}]}}