{"id":115124,"date":"2018-09-08T14:33:47","date_gmt":"2018-09-08T17:33:47","guid":{"rendered":"https:\/\/senoticias.com.br\/se\/?p=115124"},"modified":"2018-09-08T14:33:47","modified_gmt":"2018-09-08T17:33:47","slug":"delegado-alessandro-recebe-apoio-do-prefeito-de-campo-do-brito","status":"publish","type":"post","link":"https:\/\/senoticias.com.br\/se\/delegado-alessandro-recebe-apoio-do-prefeito-de-campo-do-brito\/","title":{"rendered":"Delegado Alessandro recebe apoio do prefeito de Campo do Brito"},"content":{"rendered":"<p style=\"text-align: justify;\">O candidato ao Senado por Sergipe pelo REDE Sustentabilidade, delegado Alessandro Vieira 181 recebeu mais um importante apoio. Na tarde desta quinta-feira, 06 de setembro, o prefeito de Campo do Brito, Marcell Moade Ribeiro Souza anunciou o seu segundo voto para senador para o delegado Alessandro. Ao lado da candidata \u00e0 deputada estadual pelo REDE, Sargento Elis\u00e2ngela, o delegado Alessandro destacou a import\u00e2ncia de mais este apoio \u00e0 sua candidatura ao Senado.<\/p>\n<div id=\"attachment_59910\" style=\"width: 550px\" class=\"wp-caption aligncenter\"><a href=\"https:\/\/senoticias.com.br\/se\/wp-content\/uploads\/2014\/02\/alessandro2.jpg\"><img loading=\"lazy\" decoding=\"async\" aria-describedby=\"caption-attachment-59910\" class=\"size-full wp-image-59910\" src=\"https:\/\/senoticias.com.br\/se\/wp-content\/uploads\/2014\/02\/alessandro2.jpg\" alt=\"\" width=\"540\" height=\"674\" srcset=\"https:\/\/senoticias.com.br\/se\/wp-content\/uploads\/2014\/02\/alessandro2.jpg 540w, https:\/\/senoticias.com.br\/se\/wp-content\/uploads\/2014\/02\/alessandro2-240x300.jpg 240w, https:\/\/senoticias.com.br\/se\/wp-content\/uploads\/2014\/02\/alessandro2-342x426.jpg 342w, https:\/\/senoticias.com.br\/se\/wp-content\/uploads\/2014\/02\/alessandro2-300x374.jpg 300w\" sizes=\"(max-width: 540px) 100vw, 540px\" \/><\/a><p id=\"caption-attachment-59910\" class=\"wp-caption-text\">Delegado Alessandro Vieira. (Foto: arquivo\/SSP\/SE)<\/p><\/div>\n<p style=\"text-align: justify;\">&#8220;O prefeito Marcell \u00e9 ficha limpa e representa a renova\u00e7\u00e3o na pol\u00edtica sergipana. O seu apoio \u00e9 importante porque mostra a confian\u00e7a no projeto do delegado Alessandro 181 ao Senado. S\u00e3o as novas lideran\u00e7as que v\u00e3o resgatar o futuro de Sergipe&#8221;, afirma.<\/p>\n<p style=\"text-align: justify;\">O candidato ao Senado destacou ainda a necessidade de pol\u00edticas p\u00fablicas que elevem a qualidade de vida dos sergipanos. &#8220;Campo do Brito \u00e9 uma importante cidade do agreste sergipano, e assim como outros munic\u00edpios, n\u00e3o pode ficar dependendo das grandes cidades para ter uma sa\u00fade de qualidade. Iremos mudar esse cen\u00e1rio. Todos os munic\u00edpios poder\u00e3o contar com uma gest\u00e3o pr\u00f3xima, sens\u00edvel e que entenda suas necessidades&#8221;. O delegado Alessandro Vieira \u00e9 candidato ao Senado por Sergipe com o n\u00famero 181.<\/p>\n<p>&nbsp;<\/p>\n<p><a href=\"https:\/\/senoticias.com.br\/se\/wp-content\/uploads\/2018\/08\/Logomarca-fone-SE-4-2-1-1-1.jpg\"><img loading=\"lazy\" decoding=\"async\" class=\"aligncenter size-full wp-image-114974\" src=\"https:\/\/senoticias.com.br\/se\/wp-content\/uploads\/2018\/08\/Logomarca-fone-SE-4-2-1-1-1.jpg\" alt=\"\" width=\"599\" height=\"78\" srcset=\"https:\/\/senoticias.com.br\/se\/wp-content\/uploads\/2018\/08\/Logomarca-fone-SE-4-2-1-1-1.jpg 599w, https:\/\/senoticias.com.br\/se\/wp-content\/uploads\/2018\/08\/Logomarca-fone-SE-4-2-1-1-1-300x39.jpg 300w\" sizes=\"(max-width: 599px) 100vw, 599px\" \/><\/a><\/p>\n<p>&nbsp;<\/p>\n<p><em><strong>Acompanhe o SE Not\u00edcias no<\/strong><span class=\"apple-converted-space\"><b>\u00a0<\/b><\/span><a href=\"https:\/\/twitter.com\/Senoticias\" target=\"_blank\" rel=\"noopener\"><b>Twitter<\/b><\/a><strong>,<\/strong><span class=\"apple-converted-space\"><b>\u00a0<\/b><\/span><a href=\"https:\/\/www.facebook.com\/senoticias1\" target=\"_blank\" rel=\"noopener\"><b>Facebook<\/b><span class=\"apple-converted-space\"><b>\u00a0<\/b><\/span><\/a><strong>e no<\/strong><span class=\"apple-converted-space\"><b>\u00a0<\/b><\/span><a href=\"https:\/\/www.instagram.com\/senoticias\/\" target=\"_blank\" rel=\"noopener\"><b>Instagram<\/b><\/a><\/em><\/p>\n<p>&nbsp;<\/p>\n<p><em>Da Assessoria de Imprensa<\/em><\/p>\n","protected":false},"excerpt":{"rendered":"<p>O candidato ao Senado por Sergipe pelo REDE Sustentabilidade, delegado Alessandro Vieira 181 recebeu mais um importante apoio. Na tarde desta quinta-feira, 06 de setembro, o prefeito de Campo do Brito, Marcell Moade Ribeiro Souza anunciou o seu segundo voto para senador para o delegado Alessandro. Ao lado da candidata \u00e0 deputada estadual pelo REDE, [&hellip;]<\/p>\n","protected":false},"author":6552,"featured_media":59910,"comment_status":"closed","ping_status":"closed","sticky":false,"template":"","format":"standard","meta":{"footnotes":""},"categories":[6],"tags":[2946,10500,2720,6559],"class_list":{"0":"post-115124","1":"post","2":"type-post","3":"status-publish","4":"format-standard","5":"has-post-thumbnail","7":"category-politica","8":"tag-alessandro-vieira","9":"tag-delegado-alessandro-vieira","10":"tag-eleicoes-2018","11":"tag-rede-sustentabilidade"},"_links":{"self":[{"href":"https:\/\/senoticias.com.br\/se\/wp-json\/wp\/v2\/posts\/115124"}],"collection":[{"href":"https:\/\/senoticias.com.br\/se\/wp-json\/wp\/v2\/posts"}],"about":[{"href":"https:\/\/senoticias.com.br\/se\/wp-json\/wp\/v2\/types\/post"}],"author":[{"embeddable":true,"href":"https:\/\/senoticias.com.br\/se\/wp-json\/wp\/v2\/users\/6552"}],"replies":[{"embeddable":true,"href":"https:\/\/senoticias.com.br\/se\/wp-json\/wp\/v2\/comments?post=115124"}],"version-history":[{"count":0,"href":"https:\/\/senoticias.com.br\/se\/wp-json\/wp\/v2\/posts\/115124\/revisions"}],"wp:featuredmedia":[{"embeddable":true,"href":"https:\/\/senoticias.com.br\/se\/wp-json\/wp\/v2\/media\/59910"}],"wp:attachment":[{"href":"https:\/\/senoticias.com.br\/se\/wp-json\/wp\/v2\/media?parent=115124"}],"wp:term":[{"taxonomy":"category","embeddable":true,"href":"https:\/\/senoticias.com.br\/se\/wp-json\/wp\/v2\/categories?post=115124"},{"taxonomy":"post_tag","embeddable":true,"href":"https:\/\/senoticias.com.br\/se\/wp-json\/wp\/v2\/tags?post=115124"}],"curies":[{"name":"wp","href":"https:\/\/api.w.org\/{rel}","templated":true}]}}