{"id":115106,"date":"2018-09-06T15:33:22","date_gmt":"2018-09-06T18:33:22","guid":{"rendered":"https:\/\/senoticias.com.br\/se\/?p=115106"},"modified":"2018-09-06T15:33:22","modified_gmt":"2018-09-06T18:33:22","slug":"reuniao-discute-alternativas-para-manter-o-funcionamento-da-fafen","status":"publish","type":"post","link":"https:\/\/senoticias.com.br\/se\/reuniao-discute-alternativas-para-manter-o-funcionamento-da-fafen\/","title":{"rendered":"Reuni\u00e3o discute alternativas para manter o funcionamento da Fafen"},"content":{"rendered":"<p style=\"text-align: justify\"><span style=\"color: #000000\">Reuni\u00e3o realizada na \u00faltima quarta-feira, 5, na sede da Federa\u00e7\u00e3o das Ind\u00fastrias do Estado de Sergipe, FIES, teve como principal objetivo discutir as alternativas do governo federal e estadual diante da possibilidade de fechamento ou hiberna\u00e7\u00e3o das atividades realizadas pela F\u00e1brica de Fertilizantes Nitrogenados (Fafen), localizada no munic\u00edpio de Laranjeiras.<\/span><\/p>\n<div id=\"attachment_114214\" style=\"width: 609px\" class=\"wp-caption aligncenter\"><a href=\"https:\/\/senoticias.com.br\/se\/wp-content\/uploads\/2018\/07\/fafen-e1531944098872.jpg\"><img loading=\"lazy\" decoding=\"async\" aria-describedby=\"caption-attachment-114214\" class=\"wp-image-114214 size-full\" src=\"https:\/\/senoticias.com.br\/se\/wp-content\/uploads\/2018\/07\/fafen-e1531944098872.jpg\" alt=\"\" width=\"599\" height=\"375\" \/><\/a><p id=\"caption-attachment-114214\" class=\"wp-caption-text\">Foto: reprodu\u00e7\u00e3o TV Sergipe<\/p><\/div>\n<p style=\"text-align: justify\"><span style=\"color: #000000\">O encontro foi convocado pelo presidente da FIES, Eduardo Prado de Oliveira, que considerou a ocasi\u00e3o como de grande import\u00e2ncia para o conhecimento acerca das medidas que est\u00e3o sendo tomadas e ainda enfatizou a preocupa\u00e7\u00e3o com o desemprego que pode ser gerado, al\u00e9m do impacto econ\u00f4mico atrav\u00e9s da queda na receita do estado, caso a f\u00e1brica venha a fechar.<\/span><\/p>\n<p style=\"text-align: justify\"><span style=\"color: #000000\">A reuni\u00e3o contou com a presen\u00e7a de representantes de f\u00e1bricas de fertilizantes, representantes da FIES, do secret\u00e1rio de Estado de Desenvolvimento Econ\u00f4mico e da Ci\u00eancia e Tecnologia (Sedetec), Jos\u00e9 Augusto Carvalho, al\u00e9m do empres\u00e1rio e ex-presidente da CNI, Albano Franco, que representa a entidade no grupo t\u00e9cnico criado pelo Governo de Sergipe para estudar alternativas que possam impedir o fechamento da f\u00e1brica.<\/span><\/p>\n<p style=\"text-align: justify\"><span style=\"color: #000000\">O ex-presidente da CNI n\u00e3o mediu palavras para falar dos esfor\u00e7os do governo estadual na tentativa de evitar o fechamento da f\u00e1brica e mencionou a privatiza\u00e7\u00e3o como a alternativa menos nociva para todos os envolvidos, \u201cem uma audi\u00eancia com o presidente Michel Temer ele entendeu a nossa preocupa\u00e7\u00e3o e a de Sergipe com o fechamento da Fafen e atrav\u00e9s de uma liga\u00e7\u00e3o ainda refor\u00e7ou decis\u00f5es importantes, como a prorroga\u00e7\u00e3o para o n\u00e3o fechamento e a possibilidade da privatiza\u00e7\u00e3o da empresa\u201d, revelou.<\/span><\/p>\n<p style=\"text-align: justify\"><span style=\"color: #000000\">Ainda na ocasi\u00e3o, Albano Franco aproveitou para falar da import\u00e2ncia da sua luta, mesmo sem hoje exercer um cargo p\u00fablico e da expectativa para o pr\u00f3ximo passo, uma audi\u00eancia concedida pelo presidente da Petrobras, Ivan Monteiro, o qual ir\u00e1 explanar sobre as provid\u00eancias da Petrobras a respeito da Fafen.<\/span><\/p>\n<p style=\"text-align: justify\"><span style=\"color: #000000\">O fechamento da f\u00e1brica foi informado pela Petrobras no dia 19 de mar\u00e7o deste ano, sob a justificativa de que a Fafen estaria acarretando em preju\u00edzo, apresentando um saldo negativo de R$ 600 milh\u00f5es em Sergipe e mais R$ 200 milh\u00f5es na unidade baiana. A partir de ent\u00e3o, intensificou-se o debate sobre o tema, al\u00e9m da preocupa\u00e7\u00e3o com os impactos que tal fechamento pode gerar na economia do pa\u00eds.<\/span><\/p>\n<p>&nbsp;<\/p>\n<p><a href=\"https:\/\/senoticias.com.br\/se\/wp-content\/uploads\/2018\/08\/Logomarca-fone-SE-4-2-1-1-1.jpg\"><img loading=\"lazy\" decoding=\"async\" class=\"aligncenter wp-image-114974 size-full\" src=\"https:\/\/senoticias.com.br\/se\/wp-content\/uploads\/2018\/08\/Logomarca-fone-SE-4-2-1-1-1.jpg\" alt=\"\" width=\"599\" height=\"78\" srcset=\"https:\/\/senoticias.com.br\/se\/wp-content\/uploads\/2018\/08\/Logomarca-fone-SE-4-2-1-1-1.jpg 599w, https:\/\/senoticias.com.br\/se\/wp-content\/uploads\/2018\/08\/Logomarca-fone-SE-4-2-1-1-1-300x39.jpg 300w\" sizes=\"(max-width: 599px) 100vw, 599px\" \/><\/a><\/p>\n<p><em><strong>Acompanhe o SE Not\u00edcias no<\/strong><span class=\"apple-converted-space\"><b>\u00a0<\/b><\/span><a href=\"https:\/\/twitter.com\/Senoticias\" target=\"_blank\" rel=\"noopener\"><b>Twitter<\/b><\/a><strong>,<\/strong><span class=\"apple-converted-space\"><b>\u00a0<\/b><\/span><a href=\"https:\/\/www.facebook.com\/senoticias1\" target=\"_blank\" rel=\"noopener\"><b>Facebook<\/b><span class=\"apple-converted-space\"><b>\u00a0<\/b><\/span><\/a><strong>e no<\/strong><span class=\"apple-converted-space\"><b>\u00a0<\/b><\/span><a href=\"https:\/\/www.instagram.com\/senoticias\/\" target=\"_blank\" rel=\"noopener\"><b>Instagram<\/b><\/a><\/em><\/p>\n<p>Fonte: Unicom\/FIES<\/p>\n","protected":false},"excerpt":{"rendered":"<p>Reuni\u00e3o realizada na \u00faltima quarta-feira, 5, na sede da Federa\u00e7\u00e3o das Ind\u00fastrias do Estado de Sergipe, FIES, teve como principal objetivo discutir as alternativas do governo federal e estadual diante da possibilidade de fechamento ou hiberna\u00e7\u00e3o das atividades realizadas pela F\u00e1brica de Fertilizantes Nitrogenados (Fafen), localizada no munic\u00edpio de Laranjeiras. O encontro foi convocado pelo [&hellip;]<\/p>\n","protected":false},"author":6553,"featured_media":0,"comment_status":"closed","ping_status":"closed","sticky":false,"template":"","format":"standard","meta":{"footnotes":""},"categories":[15,6],"tags":[8046,339,10763,9120,10388,1036,629,2168,223],"class_list":{"0":"post-115106","1":"post","2":"type-post","3":"status-publish","4":"format-standard","6":"category-destaques","7":"category-politica","8":"tag-albano-franco","9":"tag-aracaju","10":"tag-fabrica","11":"tag-fafen","12":"tag-fertilizantes","13":"tag-laranjeiras","14":"tag-petrobras","15":"tag-politica","16":"tag-sergipe"},"_links":{"self":[{"href":"https:\/\/senoticias.com.br\/se\/wp-json\/wp\/v2\/posts\/115106"}],"collection":[{"href":"https:\/\/senoticias.com.br\/se\/wp-json\/wp\/v2\/posts"}],"about":[{"href":"https:\/\/senoticias.com.br\/se\/wp-json\/wp\/v2\/types\/post"}],"author":[{"embeddable":true,"href":"https:\/\/senoticias.com.br\/se\/wp-json\/wp\/v2\/users\/6553"}],"replies":[{"embeddable":true,"href":"https:\/\/senoticias.com.br\/se\/wp-json\/wp\/v2\/comments?post=115106"}],"version-history":[{"count":0,"href":"https:\/\/senoticias.com.br\/se\/wp-json\/wp\/v2\/posts\/115106\/revisions"}],"wp:attachment":[{"href":"https:\/\/senoticias.com.br\/se\/wp-json\/wp\/v2\/media?parent=115106"}],"wp:term":[{"taxonomy":"category","embeddable":true,"href":"https:\/\/senoticias.com.br\/se\/wp-json\/wp\/v2\/categories?post=115106"},{"taxonomy":"post_tag","embeddable":true,"href":"https:\/\/senoticias.com.br\/se\/wp-json\/wp\/v2\/tags?post=115106"}],"curies":[{"name":"wp","href":"https:\/\/api.w.org\/{rel}","templated":true}]}}