{"id":115104,"date":"2018-09-06T15:23:51","date_gmt":"2018-09-06T18:23:51","guid":{"rendered":"https:\/\/senoticias.com.br\/se\/?p=115104"},"modified":"2018-09-06T15:23:51","modified_gmt":"2018-09-06T18:23:51","slug":"medicamentos-so-poderao-ser-retirados-na-rede-publica-de-aracaju-com-receituario-do-sus","status":"publish","type":"post","link":"https:\/\/senoticias.com.br\/se\/medicamentos-so-poderao-ser-retirados-na-rede-publica-de-aracaju-com-receituario-do-sus\/","title":{"rendered":"Medicamentos s\u00f3 poder\u00e3o ser retirados na rede p\u00fablica de Aracaju com receitu\u00e1rio do SUS"},"content":{"rendered":"<p style=\"text-align: justify\"><span style=\"color: #000000\">Com o objetivo de promover a equidade social, Secretaria Municipal da Sa\u00fade (SMS) passou a atender o Decreto Federal n\u00ba 7.508\/2011, que regulamenta o Sistema \u00danico de Sa\u00fade (SUS) em todo pa\u00eds. No artigo 28, incisos I e II do documento, est\u00e1 determinado que os medicamentos disponibilizados nas unidades p\u00fablicas de Sa\u00fade s\u00f3 podem ser retirados mediante apresenta\u00e7\u00e3o de receitas prescritas por profissionais do pr\u00f3prio SUS.<\/span><\/p>\n<div id=\"attachment_115105\" style=\"width: 609px\" class=\"wp-caption aligncenter\"><a href=\"https:\/\/senoticias.com.br\/se\/wp-content\/uploads\/2018\/09\/med-e1536258173799.jpg\"><img loading=\"lazy\" decoding=\"async\" aria-describedby=\"caption-attachment-115105\" class=\"wp-image-115105 size-full\" src=\"https:\/\/senoticias.com.br\/se\/wp-content\/uploads\/2018\/09\/med-e1536258173799.jpg\" alt=\"\" width=\"599\" height=\"449\" \/><\/a><p id=\"caption-attachment-115105\" class=\"wp-caption-text\">Foto: Ascom\/SMS<\/p><\/div>\n<p style=\"text-align: justify\"><span style=\"color: #000000\">A secret\u00e1ria da SMS, Waneska Barboza, destacou que o decreto atende aos princ\u00edpios doutrin\u00e1rios do SUS, que s\u00e3o a universalidade, a equidade e a integralidade. \u201cApesar de o SUS ser universal, ele tem recursos finitos e n\u00f3s temos que garantir a equidade, que \u00e9 tratar a igualdade com justi\u00e7a, oferecendo mais a quem mais precisa. Quem n\u00e3o tem recursos para pagar uma consulta particular e vai \u00e0s unidades de sa\u00fade, deve ter prioridade para pegar os medicamentos nas farm\u00e1cias da rede p\u00fablica, e \u00e9 isso que esse decreto visa corrigir\u201d, explicou.<\/span><\/p>\n<p style=\"text-align: justify\"><span style=\"color: #000000\">Waneska refor\u00e7a ainda que a determina\u00e7\u00e3o federal vai ajudar a atender os usu\u00e1rios do SUS de forma mais eficaz. \u201cNosso maior objetivo \u00e9 garantir que esses usu\u00e1rios tenham acesso de forma plena aos medicamentos padronizados. Quando todo o processo [de acolhimento, atendimento, encaminhamento e retirada de medica\u00e7\u00f5es] passa a ser realizado dentro do nosso sistema, temos a possibilidade de fazer um planejamento mais eficiente, pois teremos um maior controle do que est\u00e1 sendo dispensado e, consequentemente, poderemos quantificar com mais precis\u00e3o a necessidade que cada farm\u00e1cia tem para permanecer abastecida\u201d, destacou.<\/span><\/p>\n<p style=\"text-align: justify\"><span style=\"color: #000000\">Apesar desta determina\u00e7\u00e3o, as pessoas com receitu\u00e1rio particular ainda podem dispensar medicamentos nas farm\u00e1cias populares. \u201cQuem necessita de medicamentos, ainda pode ser direcionado \u00e0s farm\u00e1cias comerciais que trabalham com o programa do Governo Federal \u201cAqui tem Sa\u00fade Popular\u201d, onde s\u00e3o oferecidos medicamentos com pre\u00e7os muito acess\u00edveis e, a depender do item, com distribui\u00e7\u00e3o gratuita\u201d, complementou Waneska.<\/span><\/p>\n<p style=\"text-align: justify\"><strong><span style=\"color: #000000\">Decreto<\/span><\/strong><\/p>\n<p style=\"text-align: justify\"><span style=\"color: #000000\">O Decreto n\u00ba 7.508\/2011 regulamenta a Lei n\u00ba 8.080\/90, conhecida como a lei do SUS. Nos incisos I e II do artigo 28, o texto diz que o acesso universal e igualit\u00e1rio \u00e0 assist\u00eancia farmac\u00eautica pressup\u00f5e, cumulativamente:<\/span><\/p>\n<p style=\"text-align: justify\"><span style=\"color: #000000\">I &#8211; Estar o usu\u00e1rio assistido por a\u00e7\u00f5es e servi\u00e7os de sa\u00fade do SUS;<\/span><\/p>\n<p style=\"text-align: justify\"><span style=\"color: #000000\">II &#8211; Ter o medicamento sido prescrito por profissional de sa\u00fade, no exerc\u00edcio regular de suas fun\u00e7\u00f5es no SUS.<\/span><\/p>\n<p>&nbsp;<\/p>\n<p><a href=\"https:\/\/senoticias.com.br\/se\/wp-content\/uploads\/2018\/08\/Logomarca-fone-SE-4-2-1-1-1.jpg\"><img loading=\"lazy\" decoding=\"async\" class=\"aligncenter wp-image-114974 size-full\" src=\"https:\/\/senoticias.com.br\/se\/wp-content\/uploads\/2018\/08\/Logomarca-fone-SE-4-2-1-1-1.jpg\" alt=\"\" width=\"599\" height=\"78\" srcset=\"https:\/\/senoticias.com.br\/se\/wp-content\/uploads\/2018\/08\/Logomarca-fone-SE-4-2-1-1-1.jpg 599w, https:\/\/senoticias.com.br\/se\/wp-content\/uploads\/2018\/08\/Logomarca-fone-SE-4-2-1-1-1-300x39.jpg 300w\" sizes=\"(max-width: 599px) 100vw, 599px\" \/><\/a><\/p>\n<p><em><strong>Acompanhe o SE Not\u00edcias no<\/strong><span class=\"apple-converted-space\"><b>\u00a0<\/b><\/span><a href=\"https:\/\/twitter.com\/Senoticias\" target=\"_blank\" rel=\"noopener\"><b>Twitter<\/b><\/a><strong>,<\/strong><span class=\"apple-converted-space\"><b>\u00a0<\/b><\/span><a href=\"https:\/\/www.facebook.com\/senoticias1\" target=\"_blank\" rel=\"noopener\"><b>Facebook<\/b><span class=\"apple-converted-space\"><b>\u00a0<\/b><\/span><\/a><strong>e no<\/strong><span class=\"apple-converted-space\"><b>\u00a0<\/b><\/span><a href=\"https:\/\/www.instagram.com\/senoticias\/\" target=\"_blank\" rel=\"noopener\"><b>Instagram<\/b><\/a><\/em><\/p>\n<p>Por Ascom SES<\/p>\n","protected":false},"excerpt":{"rendered":"<p>Com o objetivo de promover a equidade social, Secretaria Municipal da Sa\u00fade (SMS) passou a atender o Decreto Federal n\u00ba 7.508\/2011, que regulamenta o Sistema \u00danico de Sa\u00fade (SUS) em todo pa\u00eds. No artigo 28, incisos I e II do documento, est\u00e1 determinado que os medicamentos disponibilizados nas unidades p\u00fablicas de Sa\u00fade s\u00f3 podem ser [&hellip;]<\/p>\n","protected":false},"author":6553,"featured_media":0,"comment_status":"closed","ping_status":"closed","sticky":false,"template":"","format":"standard","meta":{"footnotes":""},"categories":[15,38],"tags":[339,6070,5273,1304,223,3776],"class_list":{"0":"post-115104","1":"post","2":"type-post","3":"status-publish","4":"format-standard","6":"category-destaques","7":"category-municipios","8":"tag-aracaju","9":"tag-consulta","10":"tag-remedios","11":"tag-saude","12":"tag-sergipe","13":"tag-sus"},"_links":{"self":[{"href":"https:\/\/senoticias.com.br\/se\/wp-json\/wp\/v2\/posts\/115104"}],"collection":[{"href":"https:\/\/senoticias.com.br\/se\/wp-json\/wp\/v2\/posts"}],"about":[{"href":"https:\/\/senoticias.com.br\/se\/wp-json\/wp\/v2\/types\/post"}],"author":[{"embeddable":true,"href":"https:\/\/senoticias.com.br\/se\/wp-json\/wp\/v2\/users\/6553"}],"replies":[{"embeddable":true,"href":"https:\/\/senoticias.com.br\/se\/wp-json\/wp\/v2\/comments?post=115104"}],"version-history":[{"count":0,"href":"https:\/\/senoticias.com.br\/se\/wp-json\/wp\/v2\/posts\/115104\/revisions"}],"wp:attachment":[{"href":"https:\/\/senoticias.com.br\/se\/wp-json\/wp\/v2\/media?parent=115104"}],"wp:term":[{"taxonomy":"category","embeddable":true,"href":"https:\/\/senoticias.com.br\/se\/wp-json\/wp\/v2\/categories?post=115104"},{"taxonomy":"post_tag","embeddable":true,"href":"https:\/\/senoticias.com.br\/se\/wp-json\/wp\/v2\/tags?post=115104"}],"curies":[{"name":"wp","href":"https:\/\/api.w.org\/{rel}","templated":true}]}}