{"id":115072,"date":"2018-09-05T15:12:11","date_gmt":"2018-09-05T18:12:11","guid":{"rendered":"https:\/\/senoticias.com.br\/se\/?p=115072"},"modified":"2018-09-05T15:12:11","modified_gmt":"2018-09-05T18:12:11","slug":"defesa-civil-de-aracaju-interdita-casa-no-bairro-santa-maria-apos-telhado-desabar","status":"publish","type":"post","link":"https:\/\/senoticias.com.br\/se\/defesa-civil-de-aracaju-interdita-casa-no-bairro-santa-maria-apos-telhado-desabar\/","title":{"rendered":"Defesa Civil de Aracaju interdita casa no bairro Santa Maria ap\u00f3s telhado desabar"},"content":{"rendered":"<p style=\"text-align: justify\"><span style=\"color: #000000\">A Defesa Civil Municipal, \u00f3rg\u00e3o vinculado \u00e0 Secretaria Municipal da Defesa Social e da Cidadania (Semdec), interditou uma resid\u00eancia ap\u00f3s o telhado desabar nesta ter\u00e7a-feira, 4, no bairro Santa Maria, zona Sul de Aracaju. No momento do acidente, apenas o casal que mora no im\u00f3vel estava no local, foi atendido pelo Servi\u00e7o de Atendimento M\u00f3vel de Urg\u00eancia (Samu) e encaminhado ao Hospital de Urg\u00eancia de Sergipe (Huse). Casas vizinhas n\u00e3o foram comprometidas.<\/span><\/p>\n<div id=\"attachment_115073\" style=\"width: 609px\" class=\"wp-caption aligncenter\"><a href=\"https:\/\/senoticias.com.br\/se\/wp-content\/uploads\/2018\/09\/img_20180904_wa0035-e1536170933853.jpg\"><img loading=\"lazy\" decoding=\"async\" aria-describedby=\"caption-attachment-115073\" class=\"wp-image-115073 size-full\" src=\"https:\/\/senoticias.com.br\/se\/wp-content\/uploads\/2018\/09\/img_20180904_wa0035-e1536170933853.jpg\" alt=\"\" width=\"599\" height=\"449\" \/><\/a><p id=\"caption-attachment-115073\" class=\"wp-caption-text\">Foto: Defesa Civil<\/p><\/div>\n<p style=\"text-align: justify\"><span style=\"color: #000000\">De acordo com o coordenador geral da Defesa Civil Municipal, major S\u00edlvio Prado, o \u00f3rg\u00e3o municipal foi acionado pelo Corpo de Bombeiros e de imediato a equipe t\u00e9cnica se deslocou para o local do acidente. \u201cN\u00f3s fomos para o local, nos deslocamos rapidamente. Ao chegarmos, fizemos a avalia\u00e7\u00e3o de risco e verificamos que o Corpo de Bombeiros j\u00e1 tinha retirado a parte do material que estava prestes a cair. Ent\u00e3o n\u00f3s fizemos a interdi\u00e7\u00e3o e refor\u00e7amos o isolamos do local\u201d, informou.<\/span><\/p>\n<p style=\"text-align: justify\"><span style=\"color: #000000\">Segundo o major S\u00edlvio Prado, o acidente ocorreu em um im\u00f3vel particular, constru\u00eddo sem os crit\u00e9rios t\u00e9cnicos da engenharia. \u201cAparentemente, o problema estrutural na cobertura do telhado foi a causa do desabamento. O madeiramento do telhado n\u00e3o suportou a carga das telhas e rompeu. Esse tipo de constru\u00e7\u00e3o deve ser feito com o acompanhamento de um profissional da \u00e1rea de engenharia para esse tipo de acidente n\u00e3o ocorrer\u201d, destacou o coordenador geral da Defesa Civil Municipal.<\/span><\/p>\n<p style=\"text-align: justify\"><strong><span style=\"color: #000000\">Notifica\u00e7\u00e3o<\/span><\/strong><\/p>\n<p style=\"text-align: justify\"><span style=\"color: #000000\">Com o encaminhamento do casal ao hospital, a Defesa Civil notificou a m\u00e3e do propriet\u00e1rio, que mora vizinho \u00e0 casa onde ocorreu o acidente. \u201cNotificamos a m\u00e3e do propriet\u00e1rio de que o im\u00f3vel est\u00e1 interditado e que n\u00e3o pode ser habitado at\u00e9 que sejam restabelecidas as condi\u00e7\u00f5es de seguran\u00e7a. Amanh\u00e3 de manh\u00e3 vamos encaminhar uma equipe para pegar tamb\u00e9m a assinatura do propriet\u00e1rio, garantindo que ele seja notificado, para que n\u00e3o volte a habitar at\u00e9 o local est\u00e1 em condi\u00e7\u00f5es de seguran\u00e7a\u201d, afirmou major S\u00edlvio Prado.<\/span><\/p>\n<p>&nbsp;<\/p>\n<p><a href=\"https:\/\/senoticias.com.br\/se\/wp-content\/uploads\/2018\/08\/Logomarca-fone-SE-4-2-1-1-1.jpg\"><img loading=\"lazy\" decoding=\"async\" class=\"aligncenter wp-image-114974 size-full\" src=\"https:\/\/senoticias.com.br\/se\/wp-content\/uploads\/2018\/08\/Logomarca-fone-SE-4-2-1-1-1.jpg\" alt=\"\" width=\"599\" height=\"78\" srcset=\"https:\/\/senoticias.com.br\/se\/wp-content\/uploads\/2018\/08\/Logomarca-fone-SE-4-2-1-1-1.jpg 599w, https:\/\/senoticias.com.br\/se\/wp-content\/uploads\/2018\/08\/Logomarca-fone-SE-4-2-1-1-1-300x39.jpg 300w\" sizes=\"(max-width: 599px) 100vw, 599px\" \/><\/a><\/p>\n<p><em><strong>Acompanhe o SE Not\u00edcias no<\/strong><span class=\"apple-converted-space\"><b>\u00a0<\/b><\/span><a href=\"https:\/\/twitter.com\/Senoticias\" target=\"_blank\" rel=\"noopener\"><b>Twitter<\/b><\/a><strong>,<\/strong><span class=\"apple-converted-space\"><b>\u00a0<\/b><\/span><a href=\"https:\/\/www.facebook.com\/senoticias1\" target=\"_blank\" rel=\"noopener\"><b>Facebook<\/b><span class=\"apple-converted-space\"><b>\u00a0<\/b><\/span><\/a><strong>e no<\/strong><span class=\"apple-converted-space\"><b>\u00a0<\/b><\/span><a href=\"https:\/\/www.instagram.com\/senoticias\/\" target=\"_blank\" rel=\"noopener\"><b>Instagram<\/b><\/a><\/em><\/p>\n<p>Por Ag\u00eancia Aracaju de Not\u00edcias<\/p>\n","protected":false},"excerpt":{"rendered":"<p>A Defesa Civil Municipal, \u00f3rg\u00e3o vinculado \u00e0 Secretaria Municipal da Defesa Social e da Cidadania (Semdec), interditou uma resid\u00eancia ap\u00f3s o telhado desabar nesta ter\u00e7a-feira, 4, no bairro Santa Maria, zona Sul de Aracaju. No momento do acidente, apenas o casal que mora no im\u00f3vel estava no local, foi atendido pelo Servi\u00e7o de Atendimento M\u00f3vel [&hellip;]<\/p>\n","protected":false},"author":6553,"featured_media":0,"comment_status":"closed","ping_status":"closed","sticky":false,"template":"","format":"standard","meta":{"footnotes":""},"categories":[15,6],"tags":[339,6314,7374,324,223],"class_list":{"0":"post-115072","1":"post","2":"type-post","3":"status-publish","4":"format-standard","6":"category-destaques","7":"category-politica","8":"tag-aracaju","9":"tag-defesa-civil","10":"tag-notificacao","11":"tag-santa-maria","12":"tag-sergipe"},"_links":{"self":[{"href":"https:\/\/senoticias.com.br\/se\/wp-json\/wp\/v2\/posts\/115072"}],"collection":[{"href":"https:\/\/senoticias.com.br\/se\/wp-json\/wp\/v2\/posts"}],"about":[{"href":"https:\/\/senoticias.com.br\/se\/wp-json\/wp\/v2\/types\/post"}],"author":[{"embeddable":true,"href":"https:\/\/senoticias.com.br\/se\/wp-json\/wp\/v2\/users\/6553"}],"replies":[{"embeddable":true,"href":"https:\/\/senoticias.com.br\/se\/wp-json\/wp\/v2\/comments?post=115072"}],"version-history":[{"count":0,"href":"https:\/\/senoticias.com.br\/se\/wp-json\/wp\/v2\/posts\/115072\/revisions"}],"wp:attachment":[{"href":"https:\/\/senoticias.com.br\/se\/wp-json\/wp\/v2\/media?parent=115072"}],"wp:term":[{"taxonomy":"category","embeddable":true,"href":"https:\/\/senoticias.com.br\/se\/wp-json\/wp\/v2\/categories?post=115072"},{"taxonomy":"post_tag","embeddable":true,"href":"https:\/\/senoticias.com.br\/se\/wp-json\/wp\/v2\/tags?post=115072"}],"curies":[{"name":"wp","href":"https:\/\/api.w.org\/{rel}","templated":true}]}}