{"id":115041,"date":"2018-09-04T14:27:35","date_gmt":"2018-09-04T17:27:35","guid":{"rendered":"https:\/\/senoticias.com.br\/se\/?p=115041"},"modified":"2018-09-04T18:10:32","modified_gmt":"2018-09-04T21:10:32","slug":"policia-militar-prende-suspeito-de-participacao-na-morte-do-sargento-borges","status":"publish","type":"post","link":"https:\/\/senoticias.com.br\/se\/policia-militar-prende-suspeito-de-participacao-na-morte-do-sargento-borges\/","title":{"rendered":"Pol\u00edcia Militar prende suspeito de participa\u00e7\u00e3o na morte do sargento Borges"},"content":{"rendered":"<p style=\"text-align: justify;\">A Pol\u00edcia Militar do Estado de Sergipe, por meio do Grupamento Especial T\u00e1tico de Motos (Getam), prendeu na segunda-feira, 3, no Povoado Matapu\u00e3, na Zona de Expans\u00e3o de Aracaju, Johny Passos Santos, de 27 anos, em cumprimento a mandado de pris\u00e3o em aberto.<\/p>\n<div id=\"attachment_115053\" style=\"width: 609px\" class=\"wp-caption aligncenter\"><a href=\"https:\/\/senoticias.com.br\/se\/wp-content\/uploads\/2018\/09\/325246812-preso-envolvido-na-morte-de-sargento-borges.jpg\"><img loading=\"lazy\" decoding=\"async\" aria-describedby=\"caption-attachment-115053\" class=\"size-full wp-image-115053\" src=\"https:\/\/senoticias.com.br\/se\/wp-content\/uploads\/2018\/09\/325246812-preso-envolvido-na-morte-de-sargento-borges-e1536090495716.jpg\" alt=\"\" width=\"599\" height=\"1065\" \/><\/a><p id=\"caption-attachment-115053\" class=\"wp-caption-text\">Segundo a PMSE, o preso estaria envolvido na morte do sargento Borges. (Foto: PM\/SE)<\/p><\/div>\n<p style=\"text-align: justify;\">Por volta das 17h, uma guarni\u00e7\u00e3o do Getam fazia rondas pela localidade, quando avistou o suspeito e abordou-o. Em meio \u00e0 a\u00e7\u00e3o, nada foi encontrado em posse de Johny, mas, ap\u00f3s consulta via Centro Integrado de Opera\u00e7\u00f5es em Seguran\u00e7a P\u00fablica (Ciosp), ficou constatado que havia um mandado de pris\u00e3o em desfavor do rapaz.<\/p>\n<p style=\"text-align: justify;\">Ainda de acordo com o Getam, o infrator \u00e9 suspeito de participa\u00e7\u00e3o no crime que vitimou o sargento Borges no \u00faltimo s\u00e1bado, 1\u00ba, durante assalto \u00e0 ch\u00e1cara do militar no Povoado Matapu\u00e3. Johny tamb\u00e9m \u00e9 primo de Gedson dos Santos, de 24 anos, homem que morreu durante troca de tiros com o sargento Borges.<\/p>\n<p>&nbsp;<\/p>\n<p><a href=\"https:\/\/senoticias.com.br\/se\/wp-content\/uploads\/2018\/08\/Logomarca-fone-SE-4-2-1-1-1.jpg\"><img loading=\"lazy\" decoding=\"async\" class=\"aligncenter size-full wp-image-114974\" src=\"https:\/\/senoticias.com.br\/se\/wp-content\/uploads\/2018\/08\/Logomarca-fone-SE-4-2-1-1-1.jpg\" alt=\"\" width=\"599\" height=\"78\" srcset=\"https:\/\/senoticias.com.br\/se\/wp-content\/uploads\/2018\/08\/Logomarca-fone-SE-4-2-1-1-1.jpg 599w, https:\/\/senoticias.com.br\/se\/wp-content\/uploads\/2018\/08\/Logomarca-fone-SE-4-2-1-1-1-300x39.jpg 300w\" sizes=\"(max-width: 599px) 100vw, 599px\" \/><\/a><\/p>\n<p>&nbsp;<\/p>\n<p><em><strong>Acompanhe o SE Not\u00edcias no<\/strong><span class=\"apple-converted-space\"><b>\u00a0<\/b><\/span><a href=\"https:\/\/twitter.com\/Senoticias\" target=\"_blank\" rel=\"noopener\"><b>Twitter<\/b><\/a><strong>,<\/strong><span class=\"apple-converted-space\"><b>\u00a0<\/b><\/span><a href=\"https:\/\/www.facebook.com\/senoticias1\" target=\"_blank\" rel=\"noopener\"><b>Facebook<\/b><span class=\"apple-converted-space\"><b>\u00a0<\/b><\/span><\/a><strong>e no<\/strong><span class=\"apple-converted-space\"><b>\u00a0<\/b><\/span><a href=\"https:\/\/www.instagram.com\/senoticias\/\" target=\"_blank\" rel=\"noopener\"><b>Instagram<\/b><\/a><\/em><\/p>\n<p><em>Informa\u00e7\u00f5es da Pol\u00edcia Militar<\/em><\/p>\n","protected":false},"excerpt":{"rendered":"<p>A Pol\u00edcia Militar do Estado de Sergipe, por meio do Grupamento Especial T\u00e1tico de Motos (Getam), prendeu na segunda-feira, 3, no Povoado Matapu\u00e3, na Zona de Expans\u00e3o de Aracaju, Johny Passos Santos, de 27 anos, em cumprimento a mandado de pris\u00e3o em aberto. Por volta das 17h, uma guarni\u00e7\u00e3o do Getam fazia rondas pela localidade, [&hellip;]<\/p>\n","protected":false},"author":6552,"featured_media":115053,"comment_status":"closed","ping_status":"closed","sticky":false,"template":"","format":"standard","meta":{"footnotes":""},"categories":[15,7],"tags":[575,86,10730],"class_list":{"0":"post-115041","1":"post","2":"type-post","3":"status-publish","4":"format-standard","5":"has-post-thumbnail","7":"category-destaques","8":"category-policia","9":"tag-getam","10":"tag-policia-militar","11":"tag-sargento-borges"},"_links":{"self":[{"href":"https:\/\/senoticias.com.br\/se\/wp-json\/wp\/v2\/posts\/115041"}],"collection":[{"href":"https:\/\/senoticias.com.br\/se\/wp-json\/wp\/v2\/posts"}],"about":[{"href":"https:\/\/senoticias.com.br\/se\/wp-json\/wp\/v2\/types\/post"}],"author":[{"embeddable":true,"href":"https:\/\/senoticias.com.br\/se\/wp-json\/wp\/v2\/users\/6552"}],"replies":[{"embeddable":true,"href":"https:\/\/senoticias.com.br\/se\/wp-json\/wp\/v2\/comments?post=115041"}],"version-history":[{"count":0,"href":"https:\/\/senoticias.com.br\/se\/wp-json\/wp\/v2\/posts\/115041\/revisions"}],"wp:featuredmedia":[{"embeddable":true,"href":"https:\/\/senoticias.com.br\/se\/wp-json\/wp\/v2\/media\/115053"}],"wp:attachment":[{"href":"https:\/\/senoticias.com.br\/se\/wp-json\/wp\/v2\/media?parent=115041"}],"wp:term":[{"taxonomy":"category","embeddable":true,"href":"https:\/\/senoticias.com.br\/se\/wp-json\/wp\/v2\/categories?post=115041"},{"taxonomy":"post_tag","embeddable":true,"href":"https:\/\/senoticias.com.br\/se\/wp-json\/wp\/v2\/tags?post=115041"}],"curies":[{"name":"wp","href":"https:\/\/api.w.org\/{rel}","templated":true}]}}