{"id":114969,"date":"2018-08-31T15:20:05","date_gmt":"2018-08-31T18:20:05","guid":{"rendered":"https:\/\/senoticias.com.br\/se\/?p=114969"},"modified":"2018-08-31T15:20:05","modified_gmt":"2018-08-31T18:20:05","slug":"shopping-jardins-recebe-1a-semana-sergipana-da-saude","status":"publish","type":"post","link":"https:\/\/senoticias.com.br\/se\/shopping-jardins-recebe-1a-semana-sergipana-da-saude\/","title":{"rendered":"Shopping Jardins recebe 1\u00aa Semana Sergipana da Sa\u00fade"},"content":{"rendered":"<p style=\"text-align: justify\"><span style=\"color: #000000\">At\u00e9 o dia 6 de setembro, quatro renomadas empresas estar\u00e3o reunidas no Shopping Jardins, para apresentar ao p\u00fablico destacados servi\u00e7os voltados \u00e0 sa\u00fade e ao bem-estar. A 1\u00aa Semana Sergipana da Sa\u00fade acontece na Pra\u00e7a de Eventos 1 e conta com a participa\u00e7\u00e3o da Plamed Planos de Sa\u00fade, Constat Home Care, Sorrisus Cl\u00ednicas Odontol\u00f3gicas e Solim Laborat\u00f3rios.<\/span><\/p>\n<div id=\"attachment_114970\" style=\"width: 609px\" class=\"wp-caption aligncenter\"><a href=\"https:\/\/senoticias.com.br\/se\/wp-content\/uploads\/2018\/08\/Ivana-Torres-diretora-executiva-da-Constat-Home-Care-na-Semana-Sergipana-da-Sa\u00fade-no-Shopping-Jardins_Foto-Carlos-Cardoso.jpeg\"><img loading=\"lazy\" decoding=\"async\" aria-describedby=\"caption-attachment-114970\" class=\"wp-image-114970 size-full\" src=\"https:\/\/senoticias.com.br\/se\/wp-content\/uploads\/2018\/08\/Ivana-Torres-diretora-executiva-da-Constat-Home-Care-na-Semana-Sergipana-da-Sa\u00fade-no-Shopping-Jardins_Foto-Carlos-Cardoso-e1535739391603.jpeg\" alt=\"\" width=\"599\" height=\"337\" \/><\/a><p id=\"caption-attachment-114970\" class=\"wp-caption-text\">Ivana Torres, diretora executiva da Constat Home Care, na Semana Sergipana da Sa\u00fade no Shopping Jardins_Foto Carlos Cardoso.<\/p><\/div>\n<p style=\"text-align: justify\"><span style=\"color: #000000\">Durante o evento, os expositores oferecem condi\u00e7\u00f5es especiais e exclusivas para a contrata\u00e7\u00e3o de servi\u00e7os e aquisi\u00e7\u00e3o de produtos. Al\u00e9m de conhecer as novidades do segmento, o visitante tem a oportunidade de realizar gratuitamente teste de glicemia e aferi\u00e7\u00e3o da press\u00e3o arterial, al\u00e9m de ser agraciado com brindes e participar de sorteios. No dia 6 de setembro, o Solim Laborat\u00f3rios realizar\u00e1 o sorteio de duas sess\u00f5es de Exilis na face, oferecidos pela Cl\u00ednica Sellecta.<\/span><\/p>\n<p style=\"text-align: justify\"><span style=\"color: #000000\">O acesso \u00e0 1\u00aa Semana Sergipana da Sa\u00fade \u00e9 gratuito. O evento est\u00e1 aberto \u00e0 visita\u00e7\u00e3o do p\u00fablico, de segunda a s\u00e1bado, das 10 \u00e0s 22 horas e, no domingo, das 12 \u00e0s 20 horas.<\/span><\/p>\n<p>&nbsp;<\/p>\n<p><a href=\"https:\/\/senoticias.com.br\/se\/wp-content\/uploads\/2018\/08\/Logomarca-fone-SE-4-2-1-1.jpg\"><img loading=\"lazy\" decoding=\"async\" class=\"aligncenter wp-image-114484 size-full\" src=\"https:\/\/senoticias.com.br\/se\/wp-content\/uploads\/2018\/08\/Logomarca-fone-SE-4-2-1-1.jpg\" alt=\"\" width=\"599\" height=\"78\" srcset=\"https:\/\/senoticias.com.br\/se\/wp-content\/uploads\/2018\/08\/Logomarca-fone-SE-4-2-1-1.jpg 599w, https:\/\/senoticias.com.br\/se\/wp-content\/uploads\/2018\/08\/Logomarca-fone-SE-4-2-1-1-300x39.jpg 300w\" sizes=\"(max-width: 599px) 100vw, 599px\" \/><\/a><\/p>\n<p>Por Lotti Caldas<\/p>\n","protected":false},"excerpt":{"rendered":"<p>At\u00e9 o dia 6 de setembro, quatro renomadas empresas estar\u00e3o reunidas no Shopping Jardins, para apresentar ao p\u00fablico destacados servi\u00e7os voltados \u00e0 sa\u00fade e ao bem-estar. A 1\u00aa Semana Sergipana da Sa\u00fade acontece na Pra\u00e7a de Eventos 1 e conta com a participa\u00e7\u00e3o da Plamed Planos de Sa\u00fade, Constat Home Care, Sorrisus Cl\u00ednicas Odontol\u00f3gicas e [&hellip;]<\/p>\n","protected":false},"author":6553,"featured_media":0,"comment_status":"closed","ping_status":"closed","sticky":false,"template":"","format":"standard","meta":{"footnotes":""},"categories":[15,21],"tags":[1304,3585,223,4939],"class_list":{"0":"post-114969","1":"post","2":"type-post","3":"status-publish","4":"format-standard","6":"category-destaques","7":"category-entretenimento","8":"tag-saude","9":"tag-semana","10":"tag-sergipe","11":"tag-shopping-jardins"},"_links":{"self":[{"href":"https:\/\/senoticias.com.br\/se\/wp-json\/wp\/v2\/posts\/114969"}],"collection":[{"href":"https:\/\/senoticias.com.br\/se\/wp-json\/wp\/v2\/posts"}],"about":[{"href":"https:\/\/senoticias.com.br\/se\/wp-json\/wp\/v2\/types\/post"}],"author":[{"embeddable":true,"href":"https:\/\/senoticias.com.br\/se\/wp-json\/wp\/v2\/users\/6553"}],"replies":[{"embeddable":true,"href":"https:\/\/senoticias.com.br\/se\/wp-json\/wp\/v2\/comments?post=114969"}],"version-history":[{"count":0,"href":"https:\/\/senoticias.com.br\/se\/wp-json\/wp\/v2\/posts\/114969\/revisions"}],"wp:attachment":[{"href":"https:\/\/senoticias.com.br\/se\/wp-json\/wp\/v2\/media?parent=114969"}],"wp:term":[{"taxonomy":"category","embeddable":true,"href":"https:\/\/senoticias.com.br\/se\/wp-json\/wp\/v2\/categories?post=114969"},{"taxonomy":"post_tag","embeddable":true,"href":"https:\/\/senoticias.com.br\/se\/wp-json\/wp\/v2\/tags?post=114969"}],"curies":[{"name":"wp","href":"https:\/\/api.w.org\/{rel}","templated":true}]}}